{"id":795512,"date":"2026-02-13T22:43:20","date_gmt":"2026-02-13T22:43:20","guid":{"rendered":"https:\/\/www.europesays.com\/de\/795512\/"},"modified":"2026-02-13T22:43:20","modified_gmt":"2026-02-13T22:43:20","slug":"warnstreik-der-kinobeschaeftigten-was-heisst-das-fuer-die-berlinale","status":"publish","type":"post","link":"https:\/\/www.europesays.com\/de\/795512\/","title":{"rendered":"Warnstreik der Kinobesch\u00e4ftigten\u00a0\u2013 was hei\u00dft das f\u00fcr die Berlinale?"},"content":{"rendered":"<p class=\"expressive-copy-lg-body\">Die Gewerkschaft <a href=\"https:\/\/www.morgenpost.de\/wirtschaft\/verdi\/\" data-category-full-path=\"https:\/\/www.morgenpost.de\/wirtschaft\/\" data-paid-status=\"free\" data-article-publish-date=\"1678962764\" rel=\"nofollow noopener\" target=\"_blank\">Verdi<\/a> hat Besch\u00e4ftigte der Kinokonzerne CineStar und UCI f\u00fcr diesen Samstag in mehreren St\u00e4dten zu einem Warnstreik aufgerufen \u2013 und auch die <a href=\"https:\/\/www.morgenpost.de\/berlin\/berlinale\/\" data-category-full-path=\"https:\/\/www.morgenpost.de\/berlin\/\" data-paid-status=\"free\" data-article-publish-date=\"1518780416\" rel=\"nofollow noopener\" target=\"_blank\">Berlinale<\/a> in der Hauptstadt ist betroffen. Die Mitarbeiter des Cubix am Alexanderplatz, in dem wie in zahlreichen anderen Kinos der Metropole Festivalfilme laufen, sollen ihre Arbeit niederlegen. Eine Streikkundgebung ist f\u00fcr 16 Uhr angek\u00fcndigt.\u00a0Wie die \u201eB.Z.\u201c berichtet, soll der Kinobetrieb jedoch weitergehen. <\/p>\n<p>            Morgenpost der Chefredaktion<\/p>\n<p>Die ersten News des Tages \u2013 direkt von der Chefredaktion. Montag bis Samstag um 6:30 Uhr.<\/p>\n<p>            <img decoding=\"async\" src=\"https:\/\/www.europesays.com\/de\/wp-content\/uploads\/2026\/02\/1770997639_188_newsletter-envelope.png\" alt=\"Newsletter Illustration\" class=\"h-full w-full max-w-full object-cover md:max-w-[226px] lg:max-w-[234px]\" loading=\"lazy\"\/><\/p>\n<p>              Morgenpost der Chefredaktion<\/p>\n<p>Die ersten News des Tages \u2013 direkt von der Chefredaktion. Montag bis Samstag um 6:30 Uhr.<\/p>\n<p>              Mit meiner Anmeldung zum Newsletter stimme ich der<br \/>\n              <a href=\"https:\/\/www.morgenpost.de\/service\/newsletter-adconsent\" class=\"text-copy-accent underline decoration-solid underline-offset-1 hover:text-primary-700\" rel=\"nofollow noopener\" target=\"_blank\">Werbevereinbarung<\/a><br \/>\n              zu.<\/p>\n<p class=\"expressive-copy-lg-body\">\u201eHiermit m\u00f6chten wir Sie nur kurz dar\u00fcber informieren, dass der Kinobetrieb sowie der Betrieb der Berlinale im CineStar am Alexanderplatz an diesem Wochenende und insbesondere am morgigen Valentinstag wie geplant stattfinden wird\u201c, erkl\u00e4rte CineStar gegen\u00fcber der \u201eB.Z.\u201c am Abend. <\/p>\n<p>            <img decoding=\"async\" src=\"https:\/\/www.europesays.com\/de\/wp-content\/uploads\/2026\/02\/411196040_1770981306_v16_9_1200.jpeg\" class=\"relative z-10 block w-full object-cover aspect-[4\/3]\" alt=\"\u00c0 voix basse\" title=\"Hiam Abbass und Eya Bouteraa in \u201e\u00c0 voix basse\u201c.\" loading=\"lazy\"\/><\/p>\n<p>  Streik: Kinobesch\u00e4ftigte fordern h\u00f6heren Einstiegslohn <\/p>\n<p class=\"expressive-copy-lg-body\">Der Warnstreik setze ein Zeichen, sagte Verhandlungsf\u00fchrer Andreas K\u00f6hn. \u201eGlamour\u00f6se Filmfestspiele und prek\u00e4re Arbeitsbedingungen passen nicht zusammen. W\u00e4hrend sich die Hauptstadt im Glanz der Berlinale pr\u00e4sentiert, k\u00e4mpfen viele Kinobesch\u00e4ftigte weiterhin f\u00fcr existenzsichernde L\u00f6hne.\u201c<\/p>\n<p class=\"expressive-copy-lg-body\">Zentrale Forderung von Verdi ist ein Einstiegslohn von mindestens 16 Euro pro Stunde f\u00fcr die rund 2.500 Kinobesch\u00e4ftigten bundesweit \u2013 deutlich oberhalb des gesetzlichen Mindestlohns. Zu Ausst\u00e4nden aufgerufen wurde auch in Leipzig, Frankfurt und Mainz.\u00a0<\/p>\n<p>            <img decoding=\"async\" src=\"https:\/\/www.europesays.com\/de\/wp-content\/uploads\/2026\/02\/411191702_1770931025_v16_9_1200.jpeg\" class=\"relative z-10 block w-full object-cover aspect-[4\/3]\" alt=\"&quot;No Good Men&quot; Premiere &amp; Opening Red Carpet Premiere - 76th Berlinale International Film Festival\" title=\"BERLIN, GERMANY - FEBRUARY 12: Michelle Yeoh receives the Honorary Golden Bear during the &quot;No Good Men&quot; Premiere &amp; Opening Red Carpet premiere during the 76th Berlinale International Film Festival Berlin at Berlinale Palast on February 12, 2026 in Berlin, Germany. (Photo by Arturo Holmes\/Getty Images)\" loading=\"lazy\"\/><\/p>\n<p>  Streikende Kinomitarbeiter betonen Bedeutung fairer Arbeitsbedingungen<\/p>\n<p class=\"expressive-copy-lg-body\">In einem offenen Statement wenden sich die Streikenden an das Publikum: \u201eWir wissen, dass der Streik f\u00fcr Sie mit Unannehmlichkeiten verbunden ist. Doch wir streiken nicht leichtfertig. Wir sorgen mit gro\u00dfem Engagement f\u00fcr Ihr Kinoerlebnis \u2013 und daf\u00fcr brauchen wir gute Arbeitsbedingungen und eine angemessene Bezahlung.\u201c<\/p>\n<p class=\"expressive-copy-lg-body\">pau\/dpa<\/p>\n","protected":false},"excerpt":{"rendered":"Die Gewerkschaft Verdi hat Besch\u00e4ftigte der Kinokonzerne CineStar und UCI f\u00fcr diesen Samstag in mehreren St\u00e4dten zu einem&hellip;\n","protected":false},"author":2,"featured_media":795513,"comment_status":"","ping_status":"","sticky":false,"template":"","format":"standard","meta":{"footnotes":"","_share_on_mastodon":"0"},"categories":[1825],"tags":[296,29,30],"class_list":["post-795512","post","type-post","status-publish","format-standard","has-post-thumbnail","category-berlin","tag-berlin","tag-deutschland","tag-germany"],"share_on_mastodon":{"url":"https:\/\/pubeurope.com\/@de\/116065744272542577","error":""},"_links":{"self":[{"href":"https:\/\/www.europesays.com\/de\/wp-json\/wp\/v2\/posts\/795512","targetHints":{"allow":["GET"]}}],"collection":[{"href":"https:\/\/www.europesays.com\/de\/wp-json\/wp\/v2\/posts"}],"about":[{"href":"https:\/\/www.europesays.com\/de\/wp-json\/wp\/v2\/types\/post"}],"author":[{"embeddable":true,"href":"https:\/\/www.europesays.com\/de\/wp-json\/wp\/v2\/users\/2"}],"replies":[{"embeddable":true,"href":"https:\/\/www.europesays.com\/de\/wp-json\/wp\/v2\/comments?post=795512"}],"version-history":[{"count":0,"href":"https:\/\/www.europesays.com\/de\/wp-json\/wp\/v2\/posts\/795512\/revisions"}],"wp:featuredmedia":[{"embeddable":true,"href":"https:\/\/www.europesays.com\/de\/wp-json\/wp\/v2\/media\/795513"}],"wp:attachment":[{"href":"https:\/\/www.europesays.com\/de\/wp-json\/wp\/v2\/media?parent=795512"}],"wp:term":[{"taxonomy":"category","embeddable":true,"href":"https:\/\/www.europesays.com\/de\/wp-json\/wp\/v2\/categories?post=795512"},{"taxonomy":"post_tag","embeddable":true,"href":"https:\/\/www.europesays.com\/de\/wp-json\/wp\/v2\/tags?post=795512"}],"curies":[{"name":"wp","href":"https:\/\/api.w.org\/{rel}","templated":true}]}}