{"id":795537,"date":"2026-02-13T22:57:15","date_gmt":"2026-02-13T22:57:15","guid":{"rendered":"https:\/\/www.europesays.com\/de\/795537\/"},"modified":"2026-02-13T22:57:15","modified_gmt":"2026-02-13T22:57:15","slug":"mark-rutte-spottet-ueber-russische-streitkraefte","status":"publish","type":"post","link":"https:\/\/www.europesays.com\/de\/795537\/","title":{"rendered":"Mark Rutte spottet \u00fcber russische Streitkr\u00e4fte"},"content":{"rendered":"<p>Newsblog zum Krieg in der Ukraine <\/p>\n<p>Schneckentempo: Rutte spottet \u00fcber russische Streitkr\u00e4fte<\/p>\n<p>Aktualisiert am 13.02.2026 &#8211; 23:50 UhrLesedauer: 22 Min.<\/p>\n<p><a href=\"#focus-0\" class=\"transition-colors duration-200 block text-current relative\" data-sctrack=\"FocusGalleryImage.Reference\"><img fetchpriority=\"high\" data-testid=\"Opener.Image\" style=\"--lqipURL:url('https:\/\/images.t-online.de\/2026\/02\/iS31a8AJ1E-I\/0x146:1858x1045\/fit-in\/150x0\/filters:blur(25)\/mark-rutte-der-nato-generalsekretaer-zieht-in-muenchen-ueber-die-russischen-streitkraefte-her.jpg')\"   loading=\"eager\" src=\"https:\/\/www.europesays.com\/de\/wp-content\/uploads\/2026\/02\/mark-rutte-der-nato-generalsekretaer-zieht-in-muenchen-ueber-die-russischen-streitkraefte-her.jpg\" alt=\"urn:newsml:dpa.com:20090101:260213-911-012744\" title=\"urn:newsml:dpa.com:20090101:260213-911-012744\" width=\"1858\" height=\"1045\" class=\"bg-[url:var(--lqipURL)] bg-cover bg-center flex h-full w-full max-w-full\" decoding=\"async\"\/><img style=\"--width:32;--height:32\" loading=\"lazy\" src=\"https:\/\/www.t-online.de\/s\/paper\/_next\/static\/media\/zoom-in.f7dae02f.svg\" alt=\"Vergr\u00f6\u00dfern des Bildes\" title=\"Vergr\u00f6\u00dfern des Bildes\" class=\"block h-[calc(var(--height)_\/_16_*_1rem)] w-[calc(var(--width)_\/_16_*_1rem)] max-w-none absolute bottom-8 right-8 rounded-4 bg-snow p-8\" decoding=\"async\"\/><\/a><\/p>\n<p>Mark Rutte: Der Nato-Generalsekret\u00e4r zieht in M\u00fcnchen \u00fcber Putins Armee her. (Quelle: Marijan Murat\/dpa)<\/p>\n<p class=\"font-bold text-18 leading-17 user-text-lg:text-22 user-text-xl:text-24\">Der Nato-Generalsekret\u00e4r spricht \u00fcber den russischen Vormarsch. Trump macht Druck, Selenskyj will den Donbass nicht weggeben. Alle Entwicklungen im Newsblog.<\/p>\n<p class=\"text-18 leading-17 user-text-lg:text-22 user-text-xl:text-24\">Zwischen zwei Luftalarmen haben Musiker des Kyiv Classic Orchestra am Freitagabend am Hauptbahnhof der ukrainischen Hauptstadt ein Konzert gegeben. Unter der Leitung von Dirigent Herman Makarenko spielten neun Streicher eine Stunde lang vor Dutzenden Menschen. Um Zuschauer anzulocken, hatten sie zun\u00e4chst ein erstes St\u00fcck oben auf der riesigen Treppe des Bahnhofs gespielt.<\/p>\n<p class=\"text-18 leading-17 user-text-lg:text-22 user-text-xl:text-24\">Dann erklangen St\u00fccke des ukrainischen Komponisten Semen Hulak-Artemowskyj und Ausz\u00fcge aus Werken von Mozart in der Bahnhofshalle. Seit Wochen wird diese als &#8222;Ort der Unbesiegbarkeit&#8220; genutzt, wo Menschen sich aufw\u00e4rmen und ihre Handys aufladen k\u00f6nnen.<\/p>\n<p class=\"text-18 leading-17 user-text-lg:text-22 user-text-xl:text-24\">Das Konzert ist Teil eines US-ukrainischen Solidarit\u00e4tsprojekts. In den kommenden Wochen solle es weitere Auftritte geben, sagte eine der Organisatorinnen, Tetiana Marosowa.<\/p>\n<p class=\"text-18 leading-17 user-text-lg:text-22 user-text-xl:text-24\">Der ukrainische Pr\u00e4sident <a class=\"transition-colors duration-200 cursor-pointer text-inherit no-underline text-salemsfur md:hover:text-magenta md:hover:border-magenta md:focus:text-magenta border-current border-b border-solid break-words\" href=\"https:\/\/www.t-online.de\/themen\/wolodymyr-selenskyj\/\" data-sctrack=\"BodyAnchor\" rel=\"nofollow noopener\" target=\"_blank\">Wolodymyr Selenskyj<\/a> hat russischen Forderungen nach einer Preisgabe des Donbass erneut eine klare Absage erteilt. Er begr\u00fcndete dies mit den etwa 200.000 Ukrainern, die noch in den von <a class=\"transition-colors duration-200 cursor-pointer text-inherit no-underline text-salemsfur md:hover:text-magenta md:hover:border-magenta md:focus:text-magenta border-current border-b border-solid break-words\" href=\"https:\/\/www.t-online.de\/themen\/kiew\/\" data-sctrack=\"BodyAnchor\" rel=\"nofollow noopener\" target=\"_blank\">Kiew<\/a> kontrollierten Teilen der Gebiete Donezk und Luhansk leben.<\/p>\n<p class=\"text-18 leading-17 user-text-lg:text-22 user-text-xl:text-24\">&#8222;Ich soll zu ihnen gehen, in jede Wohnung, klopfen und sagen: Schau mal, eine gro\u00dfartige Idee! Vergiss dein Haus, vergiss alles, deine Verwandten, verlass dein Haus, denn das ist die gro\u00dfartige Idee der gro\u00dfen Bosse&#8220;, sagte Selenskyj bei einer Veranstaltung des Nachrichtenportals &#8222;Politico&#8220; auf der M\u00fcnchner Sicherheitskonferenz.<\/p>\n<p class=\"text-18 leading-17 user-text-lg:text-22 user-text-xl:text-24\">Nato-Generalsekret\u00e4r Mark Rutte hat das Tempo des russischen Vormarsches in der <a class=\"transition-colors duration-200 cursor-pointer text-inherit no-underline text-salemsfur md:hover:text-magenta md:hover:border-magenta md:focus:text-magenta border-current border-b border-solid break-words\" href=\"https:\/\/www.t-online.de\/themen\/ukraine\/\" data-sctrack=\"BodyAnchor\" rel=\"nofollow noopener\" target=\"_blank\">Ukraine<\/a> mit dem einer Gartenschnecke verglichen. &#8222;Dieser sogenannte russische B\u00e4r existiert nicht&#8220;, sagte er bei der M\u00fcnchner Sicherheitskonferenz. &#8222;Unterm Strich bewegt sich das kaum schneller als eine Gartenschnecke.&#8220;<\/p>\n<p class=\"text-18 leading-17 user-text-lg:text-22 user-text-xl:text-24\">Rutte verwies zudem auf die enormen Verluste der russischen Streitkr\u00e4fte im Angriffskrieg. Allein im Dezember seien 35.000 russische Soldaten gefallen, im Januar ebenfalls 30.000. &#8222;Das sind die Fakten. Deshalb m\u00fcssen wir die Ukraine stark halten, denn wir sehen, dass sie unsere Unterst\u00fctzung bestm\u00f6glich nutzt&#8220;, sagte er. Er wolle bei der M\u00fcnchner Sicherheitskonferenz klarmachen, dass die Russen nicht gewinnen, wie manche denken w\u00fcrden.<\/p>\n","protected":false},"excerpt":{"rendered":"Newsblog zum Krieg in der Ukraine Schneckentempo: Rutte spottet \u00fcber russische Streitkr\u00e4fte Aktualisiert am 13.02.2026 &#8211; 23:50 UhrLesedauer:&hellip;\n","protected":false},"author":2,"featured_media":795538,"comment_status":"","ping_status":"","sticky":false,"template":"","format":"standard","meta":{"footnotes":"","_share_on_mastodon":"0"},"categories":[5],"tags":[1217,326,6079,25995,1179,31,227,179083,106,49674,6077,37303,13,179316,1211,5793,669,12256,4543,1268,3187,14,1159,15,1614,307,12,76658,6375,10,8,9,11,317,312,64,61448,83550,28955,306,107,83424],"class_list":["post-795537","post","type-post","status-publish","format-standard","has-post-thumbnail","category-nachrichten","tag-1217","tag-326","tag-6079","tag-andrij-sybiha","tag-boris-pistorius","tag-cdu","tag-china","tag-deutscher-akademischer-austauschdienst","tag-donald-trump","tag-donezbecken","tag-donezk","tag-genf","tag-headlines","tag-herman-makarenko","tag-johann-wadephul","tag-kiew","tag-krise","tag-luhansk","tag-mark-rutte","tag-muenchen","tag-muenchner-sicherheitskonferenz","tag-nachrichten","tag-nato","tag-news","tag-peking","tag-russland","tag-schlagzeilen","tag-schneckentempo","tag-streitkraefte","tag-top-news","tag-top-meldungen","tag-topmeldungen","tag-topnews","tag-ukraine","tag-ukrainekrieg","tag-usa","tag-vormarsch","tag-wang","tag-wang-yi","tag-wladimir-putin","tag-wolodymyr-selenskyj","tag-xinhua"],"share_on_mastodon":{"url":"","error":"Validation failed: Text character limit of 500 exceeded"},"_links":{"self":[{"href":"https:\/\/www.europesays.com\/de\/wp-json\/wp\/v2\/posts\/795537","targetHints":{"allow":["GET"]}}],"collection":[{"href":"https:\/\/www.europesays.com\/de\/wp-json\/wp\/v2\/posts"}],"about":[{"href":"https:\/\/www.europesays.com\/de\/wp-json\/wp\/v2\/types\/post"}],"author":[{"embeddable":true,"href":"https:\/\/www.europesays.com\/de\/wp-json\/wp\/v2\/users\/2"}],"replies":[{"embeddable":true,"href":"https:\/\/www.europesays.com\/de\/wp-json\/wp\/v2\/comments?post=795537"}],"version-history":[{"count":0,"href":"https:\/\/www.europesays.com\/de\/wp-json\/wp\/v2\/posts\/795537\/revisions"}],"wp:featuredmedia":[{"embeddable":true,"href":"https:\/\/www.europesays.com\/de\/wp-json\/wp\/v2\/media\/795538"}],"wp:attachment":[{"href":"https:\/\/www.europesays.com\/de\/wp-json\/wp\/v2\/media?parent=795537"}],"wp:term":[{"taxonomy":"category","embeddable":true,"href":"https:\/\/www.europesays.com\/de\/wp-json\/wp\/v2\/categories?post=795537"},{"taxonomy":"post_tag","embeddable":true,"href":"https:\/\/www.europesays.com\/de\/wp-json\/wp\/v2\/tags?post=795537"}],"curies":[{"name":"wp","href":"https:\/\/api.w.org\/{rel}","templated":true}]}}