{"id":795654,"date":"2026-02-14T00:02:19","date_gmt":"2026-02-14T00:02:19","guid":{"rendered":"https:\/\/www.europesays.com\/de\/795654\/"},"modified":"2026-02-14T00:02:19","modified_gmt":"2026-02-14T00:02:19","slug":"neue-treffpunkte-gegen-armut-und-einsamkeit","status":"publish","type":"post","link":"https:\/\/www.europesays.com\/de\/795654\/","title":{"rendered":"Neue Treffpunkte gegen Armut und Einsamkeit"},"content":{"rendered":"<p class=\"tspCCnp tspCCnq\">Die Berliner Linke will in allen Bezirken staatlich subventionierte \u201eKiezkantinen\u201c aufbauen, in denen Menschen mit wenig Geld eine preiswerte Mahlzeit f\u00fcr drei Euro bekommen. Zudem sollen die Einrichtungen in der Single-Hauptstadt Berlin als Begegnungsst\u00e4tten dienen und einen Beitrag gegen Einsamkeit leisten.<\/p>\n<p>Tagesspiegel Checkpoint: Berlins beliebtester Newsletter<\/p>\n<p><img decoding=\"async\" src=\"https:\/\/www.europesays.com\/de\/wp-content\/uploads\/2025\/04\/cp-icon.png\" alt=\"\" class=\"tspCFgx\"\/><\/p>\n<p class=\"tspCFn5\"> Der schnellste Berlin-\u00dcberblick von Montag bis Samstag. <\/p>\n<p class=\"tspCCnp\">\u201eZun\u00e4chst wollen wir den Aufbau und Betrieb von 20 Kiezkantinen mit 19 Millionen Euro pro Jahr finanzieren\u201c, sagte die Linke-Spitzenkandidatin f\u00fcr die Berlin-Wahl im September, Elif Eralp. Das Vorhaben sei auch der Versuch, dem Kantinensterben in der Stadt etwas entgegenzusetzen.<\/p>\n<p> Warme Mahlzeit f\u00fcr viele ein Problem <\/p>\n<p class=\"tspCCnp\">In Zeiten hoher Mieten und stark gestiegener Lebensmittelpreise sei es f\u00fcr viele Menschen \u2013 vor allem Empf\u00e4nger von Sozialleistungen \u2013 ein Problem, sich t\u00e4glich eine warme Mahlzeit zu leisten, so Eralp. \u201eFast jedes vierte Kind lebt in Armut. Gleichzeitig w\u00e4chst die Einsamkeit.\u201c Kiezkantinen, die ihre Partei zun\u00e4chst prim\u00e4r in Gro\u00dfsiedlungen schaffen m\u00f6chte, k\u00f6nnten hier helfen.<\/p>\n<p> Mehrere Stufen <\/p>\n<p class=\"tspCCnp\">Ihr Programm hat die Linke zun\u00e4chst auf vier Jahre angelegt, es umfasst drei Phasen. Zun\u00e4chst sollen bestehende Kantinen gef\u00f6rdert werden. In einer zweiten Phase sollen bis zu 15 neue Kantinen mittels Ausschreibungen geschaffen werden. Langfristig, so die Idee, k\u00f6nnte ein landeseigener Betrieb als Tr\u00e4ger solcher Einrichtungen aufgebaut werden.<\/p>\n<p class=\"tspCCnp\">\u201eWir gehen davon aus, schon im zweiten Jahr des Projekts t\u00e4glich 14.000 Essen anbieten zu k\u00f6nnen\u201c, so Eralp. Subventionierte Kantinen m\u00fcssten dem Konzept zufolge hohe Ern\u00e4hrungsstandards erf\u00fcllen und ihre Besch\u00e4ftigten fair bezahlen. Zun\u00e4chst ist eine \u00d6ffnung von Montag bis Freitag angedacht. Perspektivisch sei das auch am Wochenende denkbar. Vorbild f\u00fcr die Idee seien \u00e4hnliche Projekte in St\u00e4dten wie Kopenhagen oder Paris, so die Linke.<\/p>\n<p>Mehr aus Berlin<a href=\"https:\/\/www.tagesspiegel.de\/berlin\/bezirke\/friedrichshain-kreuzberg\/afrikanische-literatur-in-berlin-interkontinental-erhalt-den-deutschen-buchhandlungspreis-2025-15249342.html?icid=topic-list_15249201___\" data-gtm-class=\"article-mzt-link\" data-hydrate-fingerprint=\"09740a54944caac75fd2c0c63fd5c5df\" data-hydrate-props=\"{&amp;escapedquot;element&amp;escapedquot;:{&amp;escapedquot;type&amp;escapedquot;:&amp;escapedquot;relatedContent&amp;escapedquot;,&amp;escapedquot;fieldMap&amp;escapedquot;:{},&amp;escapedquot;relation&amp;escapedquot;:{&amp;escapedquot;fields&amp;escapedquot;:{&amp;escapedquot;isPaid&amp;escapedquot;:null},&amp;escapedquot;href&amp;escapedquot;:&amp;escapedquot;\/berlin\/bezirke\/friedrichshain-kreuzberg\/afrikanische-literatur-in-berlin-interkontinental-erhalt-den-deutschen-buchhandlungspreis-2025-15249342.html&amp;escapedquot;,&amp;escapedquot;teaserTitle&amp;escapedquot;:{&amp;escapedquot;kicker&amp;escapedquot;:&amp;escapedquot;Afrikanische Literatur in Berlin&amp;escapedquot;,&amp;escapedquot;headline&amp;escapedquot;:&amp;escapedquot;\u201eInterKontinental\u201c erh\u00e4lt den Deutschen Buchhandlungspreis 2025&amp;escapedquot;},&amp;escapedquot;id&amp;escapedquot;:&amp;escapedquot;15249342&amp;escapedquot;,&amp;escapedquot;type&amp;escapedquot;:&amp;escapedquot;story&amp;escapedquot;},&amp;escapedquot;isPartOfList&amp;escapedquot;:true,&amp;escapedquot;topicListType&amp;escapedquot;:&amp;escapedquot;topic-list&amp;escapedquot;},&amp;escapedquot;showArrow&amp;escapedquot;:true}\" data-hydrate-slots=\"{&#039;default&#039;:[]}\" class=\"tspC3qb tspC2p9\" rel=\"nofollow noopener\" target=\"_blank\">Afrikanische Literatur in Berlin \u201eInterKontinental\u201c erh\u00e4lt den Deutschen Buchhandlungspreis 2025 <\/a><a href=\"https:\/\/www.tagesspiegel.de\/berlin\/todlicher-hochhausbrand-noch-vier-wohnungen-in-berlin-friedrichsfelde-unbewohnbar-15248690.html?icid=topic-list_15249201___\" data-gtm-class=\"article-mzt-link\" data-hydrate-fingerprint=\"09740a54944caac75fd2c0c63fd5c5df\" data-hydrate-props=\"{&amp;escapedquot;element&amp;escapedquot;:{&amp;escapedquot;type&amp;escapedquot;:&amp;escapedquot;relatedContent&amp;escapedquot;,&amp;escapedquot;fieldMap&amp;escapedquot;:{},&amp;escapedquot;relation&amp;escapedquot;:{&amp;escapedquot;fields&amp;escapedquot;:{&amp;escapedquot;isPaid&amp;escapedquot;:null},&amp;escapedquot;href&amp;escapedquot;:&amp;escapedquot;\/berlin\/todlicher-hochhausbrand-noch-vier-wohnungen-in-berlin-friedrichsfelde-unbewohnbar-15248690.html&amp;escapedquot;,&amp;escapedquot;teaserTitle&amp;escapedquot;:{&amp;escapedquot;kicker&amp;escapedquot;:&amp;escapedquot;T\u00f6dlicher Hochhausbrand&amp;escapedquot;,&amp;escapedquot;headline&amp;escapedquot;:&amp;escapedquot;Noch vier Wohnungen in Berlin-Friedrichsfelde unbewohnbar&amp;escapedquot;},&amp;escapedquot;id&amp;escapedquot;:&amp;escapedquot;15248690&amp;escapedquot;,&amp;escapedquot;type&amp;escapedquot;:&amp;escapedquot;story&amp;escapedquot;},&amp;escapedquot;isPartOfList&amp;escapedquot;:true,&amp;escapedquot;topicListType&amp;escapedquot;:&amp;escapedquot;topic-list&amp;escapedquot;},&amp;escapedquot;showArrow&amp;escapedquot;:true}\" data-hydrate-slots=\"{&#039;default&#039;:[]}\" class=\"tspC3qb tspC2p9\" rel=\"nofollow noopener\" target=\"_blank\">T\u00f6dlicher Hochhausbrand Noch vier Wohnungen in Berlin-Friedrichsfelde unbewohnbar <\/a><a href=\"https:\/\/www.tagesspiegel.de\/meinung\/leserbriefe\/debatte-um-magnetschwebebahn-fur-berlin-strassenbahn-auch-wegen-barrierefreiheit-besser-15248166.html?icid=topic-list_15249201___\" data-gtm-class=\"article-mzt-link\" data-hydrate-fingerprint=\"09740a54944caac75fd2c0c63fd5c5df\" data-hydrate-props=\"{&amp;escapedquot;element&amp;escapedquot;:{&amp;escapedquot;type&amp;escapedquot;:&amp;escapedquot;relatedContent&amp;escapedquot;,&amp;escapedquot;fieldMap&amp;escapedquot;:{},&amp;escapedquot;relation&amp;escapedquot;:{&amp;escapedquot;fields&amp;escapedquot;:{&amp;escapedquot;isPaid&amp;escapedquot;:null},&amp;escapedquot;href&amp;escapedquot;:&amp;escapedquot;\/meinung\/leserbriefe\/debatte-um-magnetschwebebahn-fur-berlin-strassenbahn-auch-wegen-barrierefreiheit-besser-15248166.html&amp;escapedquot;,&amp;escapedquot;teaserTitle&amp;escapedquot;:{&amp;escapedquot;kicker&amp;escapedquot;:&amp;escapedquot;Debatte um Magnetschwebebahn f\u00fcr Berlin&amp;escapedquot;,&amp;escapedquot;headline&amp;escapedquot;:&amp;escapedquot;Stra\u00dfenbahn auch wegen Barrierefreiheit besser&amp;escapedquot;},&amp;escapedquot;id&amp;escapedquot;:&amp;escapedquot;15248166&amp;escapedquot;,&amp;escapedquot;type&amp;escapedquot;:&amp;escapedquot;story&amp;escapedquot;},&amp;escapedquot;isPartOfList&amp;escapedquot;:true,&amp;escapedquot;topicListType&amp;escapedquot;:&amp;escapedquot;topic-list&amp;escapedquot;},&amp;escapedquot;showArrow&amp;escapedquot;:true}\" data-hydrate-slots=\"{&#039;default&#039;:[]}\" class=\"tspC3qb tspC2p9\" rel=\"nofollow noopener\" target=\"_blank\">Debatte um Magnetschwebebahn f\u00fcr Berlin Stra\u00dfenbahn auch wegen Barrierefreiheit besser <\/a> Ungleiche Verteilung <\/p>\n<p class=\"tspCCnp\">In Berlin gibt es mehrere Dutzend \u00f6ffentliche Kantinen, in denen warme Speisen im Moment deutlich mehr als drei Euro kosten. Sie sind nach Angaben der Linken aber unterschiedlich auf die Stadt verteilt. W\u00e4hrend es in Mitte 16 seien, gebe es in Bezirken wie Marzahn-Hellersdorf, Spandau oder Neuk\u00f6lln jeweils nur eine Kantine. Gerade dort sei die Armutsgef\u00e4hrdungsquote aber besonders hoch. (dpa)<\/p>\n","protected":false},"excerpt":{"rendered":"Die Berliner Linke will in allen Bezirken staatlich subventionierte \u201eKiezkantinen\u201c aufbauen, in denen Menschen mit wenig Geld eine&hellip;\n","protected":false},"author":2,"featured_media":794621,"comment_status":"","ping_status":"","sticky":false,"template":"","format":"standard","meta":{"footnotes":"","_share_on_mastodon":"0"},"categories":[1825],"tags":[296,64594,29,536,30,7134],"class_list":["post-795654","post","type-post","status-publish","format-standard","has-post-thumbnail","category-berlin","tag-berlin","tag-berlin-wahl","tag-deutschland","tag-die-linke","tag-germany","tag-mieten"],"share_on_mastodon":{"url":"https:\/\/pubeurope.com\/@de\/116066054759881255","error":""},"_links":{"self":[{"href":"https:\/\/www.europesays.com\/de\/wp-json\/wp\/v2\/posts\/795654","targetHints":{"allow":["GET"]}}],"collection":[{"href":"https:\/\/www.europesays.com\/de\/wp-json\/wp\/v2\/posts"}],"about":[{"href":"https:\/\/www.europesays.com\/de\/wp-json\/wp\/v2\/types\/post"}],"author":[{"embeddable":true,"href":"https:\/\/www.europesays.com\/de\/wp-json\/wp\/v2\/users\/2"}],"replies":[{"embeddable":true,"href":"https:\/\/www.europesays.com\/de\/wp-json\/wp\/v2\/comments?post=795654"}],"version-history":[{"count":0,"href":"https:\/\/www.europesays.com\/de\/wp-json\/wp\/v2\/posts\/795654\/revisions"}],"wp:featuredmedia":[{"embeddable":true,"href":"https:\/\/www.europesays.com\/de\/wp-json\/wp\/v2\/media\/794621"}],"wp:attachment":[{"href":"https:\/\/www.europesays.com\/de\/wp-json\/wp\/v2\/media?parent=795654"}],"wp:term":[{"taxonomy":"category","embeddable":true,"href":"https:\/\/www.europesays.com\/de\/wp-json\/wp\/v2\/categories?post=795654"},{"taxonomy":"post_tag","embeddable":true,"href":"https:\/\/www.europesays.com\/de\/wp-json\/wp\/v2\/tags?post=795654"}],"curies":[{"name":"wp","href":"https:\/\/api.w.org\/{rel}","templated":true}]}}