{"id":795675,"date":"2026-02-14T00:14:14","date_gmt":"2026-02-14T00:14:14","guid":{"rendered":"https:\/\/www.europesays.com\/de\/795675\/"},"modified":"2026-02-14T00:14:14","modified_gmt":"2026-02-14T00:14:14","slug":"meta-prueft-gesichtserkennung-fuer-brillen-datenschutz-im-fokus","status":"publish","type":"post","link":"https:\/\/www.europesays.com\/de\/795675\/","title":{"rendered":"Meta pr\u00fcft Gesichtserkennung f\u00fcr Brillen \u2013 Datenschutz im Fokus"},"content":{"rendered":"<p>Wom\u00f6glich noch dieses JahrMeta lieb\u00e4ugelt mit Gesichtserkennung f\u00fcr smarte Brille<\/p>\n<p>13.02.2026, 22:12 Uhr <\/p>\n<p>Artikel anh\u00f6ren(03:14 min)<\/p>\n<p><img decoding=\"async\" class=\"Image_img__fQCi0 Image_Img_16_9__4BLfH widget-picture-inline_maximizable__t_E7h\" loading=\"eager\" fetchpriority=\"high\" src=\"https:\/\/www.europesays.com\/de\/wp-content\/uploads\/2026\/02\/Mark-Zuckerberg-demonstrierte-die-Brille-mit-Display-auf-der-hauseigenen-Konferenz-Meta-Connect.webp.webp\" alt=\"Mark-Zuckerberg-demonstrierte-die-Brille-mit-Display-auf-der-hauseigenen-Konferenz-Meta-Connect\"\/>Mark Zuckerberg demonstrierte die Brille mit Display auf der hauseigenen Konferenz Meta Connect. (Foto: Nic Coury\/AP\/dpa)TeilenFolgen auf:<a href=\"https:\/\/www.whatsapp.com\/channel\/0029Va5cdVJD8SDp5YZgYF01\" title=\"Auf WhatsApp folgen\" target=\"_blank\" rel=\"nofollow noopener\"><img decoding=\"async\" src=\"https:\/\/www.n-tv.de\/socialIcons\/whatsapp.svg\" alt=\"whatsapp\" class=\"ArticleShare_icon__FsrC2\"\/><\/a><a href=\"https:\/\/news.google.com\/publications\/CAAiEPMdif5mpRNxiLOeUpHCwwsqFAgKIhDzHYn-ZqUTcYiznlKRwsML?hl=de&amp;gl=DE&amp;ceid=DE%3Ade\" title=\"Auf Google News folgen\" target=\"_blank\" rel=\"nofollow noopener\"><img decoding=\"async\" src=\"https:\/\/www.n-tv.de\/socialIcons\/google.svg\" alt=\"whatsapp\" class=\"ArticleShare_icon__FsrC2\"\/><\/a><\/p>\n<p class=\"Typography_text-m__XI0da Typography_weight-bold__uT6mq storyline_lead_text_leadtext__q_wg8\">Ein interner Bericht Metas kommt zu der Einsch\u00e4tzung: Die Zeit k\u00f6nnte reif sein f\u00fcr Gesichtserkennung in smarten Brillen. Nicht etwa, weil Datenschutzbedenken ausger\u00e4umt sind. Nein, der Konzern hofft, etwaige Kritiker seien zurzeit abgelenkt.<\/p>\n<p class=\"Typography_text-default__P3otY Typography_weight-normal__pqUbH storyline_paragraph_p__qSR5N\">Der Facebook-Konzern Meta erw\u00e4gt, seine Kamera-Brillen mit einer Gesichtserkennungs-Funktion auszur\u00fcsten. Meta erkl\u00e4rte, viele Menschen zeigten Interesse daran. Der Konzern pr\u00fcfe aber noch Optionen und wolle &#8222;mit Bedacht&#8220; vorgehen, falls er eine solche Funktion einf\u00fchrt.<\/p>\n<p class=\"Typography_text-default__P3otY Typography_weight-normal__pqUbH storyline_paragraph_p__qSR5N\">Die &#8222;New York Times&#8220; hatte berichtet, Meta k\u00f6nnte seine smarten Brillen noch dieses Jahr mit Gesichtserkennung ausstatten. Die Brillen, die auch in Europa unter den Marken Ray-Ban und Oakley verkauft werden, haben Kamera, Mikrofon und Lautsprecher. Sie sehen herk\u00f6mmlichen Brillengestellen sehr \u00e4hnlich. Zuletzt brachte Meta in den USA eine weitere Brille auf den Markt. Sie kann Tr\u00e4gern Informationen auf einem kleinen Display im rechten Glas einblenden. Die Brillen haben ein LED-Licht, das angeht, wenn die Kamera Aufnahmen macht.<\/p>\n<p class=\"Typography_text-default__P3otY Typography_weight-normal__pqUbH storyline_paragraph_p__qSR5N\">Die &#8222;New York Times&#8220; berichtete unter Berufung auf ein internes Meta-Dokument: Der Konzern \u00fcberlege bereits seit Anfang des vergangenen Jahres, wie er Gesichtserkennung angesichts von Datenschutzrisiken gestalten k\u00f6nnte. Ein Vorschlag war, sie zun\u00e4chst f\u00fcr Teilnehmer einer Konferenz f\u00fcr Sehbehinderte zu ver\u00f6ffentlichen.<\/p>\n<p>Verminderte Aufmerksamkeit potenzieller Kritiker<\/p>\n<p class=\"Typography_text-default__P3otY Typography_weight-normal__pqUbH storyline_paragraph_p__qSR5N\">Der Konzern hatte eine fr\u00fchere Gesichtserkennung-Funktion, die bekannte Personen automatisch in Fotos kennzeichnen konnte, schon vor Jahren nach Datenschutz-Kritik eingestellt. Deswegen musste er Milliarden in den USA zahlen. Stein des Ansto\u00dfes war damals, dass Meta daf\u00fcr in gro\u00dfem Stil biometrische Daten von Nutzern erfassen wollte. Laut Medienberichten hatte Meta bereits 2021 zur Markteinf\u00fchrung der ersten Brillen \u00fcber eine Gesichtserkennungs-Funktion nachgedacht.<\/p>\n<p class=\"Typography_text-default__P3otY Typography_weight-normal__pqUbH storyline_paragraph_p__qSR5N\">Das Meta-Dokument nannte laut &#8222;New York Times&#8220; als Vorteil, dass die Aufmerksamkeit potenzieller Kritiker angesichts der &#8222;dynamischen&#8220; politischen Entwicklung in den USA derzeit woanders liege.<\/p>\n<p class=\"Typography_text-default__P3otY Typography_weight-normal__pqUbH storyline_paragraph_p__qSR5N\">Die Funktion werde es nicht erlauben, jede beliebige Person zu identifizieren, der man begegnet, schrieb die Zeitung unter Berufung auf informierte Personen. Facebook erw\u00e4ge, die Brille nur die Menschen erkennen zu lassen, mit denen Nutzer auf Meta-Plattformen verbunden sind. Weiter gefasst k\u00f6nnte die Funktion Leute erkennen lassen, die einen \u00f6ffentlich zug\u00e4nglichen Account etwa bei Instagram haben, erkl\u00e4rte Meta. Zu Meta geh\u00f6ren neben Facebook und Instagram unter anderem auch die Chatdienste Whatsapp und Messenger.<\/p>\n<p class=\"Typography_text-default__P3otY Typography_weight-normal__pqUbH storyline_paragraph_p__qSR5N\">Bereits 2024 hatten Harvard-Studenten mit einem Experiment f\u00fcr Aufmerksamkeit gesorgt. \u00dcber die Verkn\u00fcpfung mit einer Internet-Datenbank konnten sie mithilfe der Meta-Brillen Fremde in der U-Bahn von Boston identifizieren.<\/p>\n<p class=\"Typography_text-default__P3otY Typography_weight-normal__pqUbH storyline_paragraph_p__qSR5N\">Derzeit m\u00fcssen Nutzer die Kameras der Brillen selbst aktivieren. Der &#8222;New York Times&#8220; zufolge arbeitet Meta auch an einer Funktion, die den gesamten Tag von Nutzern erfassen kann. F\u00fcr Facebook-Gr\u00fcnder und Meta-Chef Mark Zuckerberg sind die Brillen eine wichtige Erg\u00e4nzung f\u00fcr K\u00fcnstliche Intelligenz, weil die Software dank ihnen sehen und h\u00f6ren kann, was die Nutzer sehen und h\u00f6ren.<\/p>\n<p class=\"Typography_text-s__wu_cm Typography_weight-normal__pqUbH Typography_color-darkgrey__sZEnP article-detail-footer_source__KslPc\">Quelle: ntv.de, lwe\/dpa<\/p>\n","protected":false},"excerpt":{"rendered":"Wom\u00f6glich noch dieses JahrMeta lieb\u00e4ugelt mit Gesichtserkennung f\u00fcr smarte Brille 13.02.2026, 22:12 Uhr Artikel anh\u00f6ren(03:14 min) Mark Zuckerberg&hellip;\n","protected":false},"author":2,"featured_media":795676,"comment_status":"","ping_status":"","sticky":false,"template":"","format":"standard","meta":{"footnotes":"","_share_on_mastodon":"0"},"categories":[134],"tags":[73927,175,170,169,1743,29,663,291,30,17423,1256,5776,171,174,425,173,172],"class_list":["post-795675","post","type-post","status-publish","format-standard","has-post-thumbnail","category-unternehmen-maerkte","tag-biometrie","tag-business","tag-companies","tag-companies-markets","tag-datenschutz","tag-deutschland","tag-europa","tag-facebook","tag-germany","tag-harvard","tag-kuenstliche-intelligenz","tag-mark-zuckerberg","tag-markets","tag-maerkte","tag-technologie","tag-unternehmen","tag-unternehmen-maerkte"],"share_on_mastodon":{"url":"https:\/\/pubeurope.com\/@de\/116066101936576049","error":""},"_links":{"self":[{"href":"https:\/\/www.europesays.com\/de\/wp-json\/wp\/v2\/posts\/795675","targetHints":{"allow":["GET"]}}],"collection":[{"href":"https:\/\/www.europesays.com\/de\/wp-json\/wp\/v2\/posts"}],"about":[{"href":"https:\/\/www.europesays.com\/de\/wp-json\/wp\/v2\/types\/post"}],"author":[{"embeddable":true,"href":"https:\/\/www.europesays.com\/de\/wp-json\/wp\/v2\/users\/2"}],"replies":[{"embeddable":true,"href":"https:\/\/www.europesays.com\/de\/wp-json\/wp\/v2\/comments?post=795675"}],"version-history":[{"count":0,"href":"https:\/\/www.europesays.com\/de\/wp-json\/wp\/v2\/posts\/795675\/revisions"}],"wp:featuredmedia":[{"embeddable":true,"href":"https:\/\/www.europesays.com\/de\/wp-json\/wp\/v2\/media\/795676"}],"wp:attachment":[{"href":"https:\/\/www.europesays.com\/de\/wp-json\/wp\/v2\/media?parent=795675"}],"wp:term":[{"taxonomy":"category","embeddable":true,"href":"https:\/\/www.europesays.com\/de\/wp-json\/wp\/v2\/categories?post=795675"},{"taxonomy":"post_tag","embeddable":true,"href":"https:\/\/www.europesays.com\/de\/wp-json\/wp\/v2\/tags?post=795675"}],"curies":[{"name":"wp","href":"https:\/\/api.w.org\/{rel}","templated":true}]}}