{"id":795807,"date":"2026-02-14T01:23:16","date_gmt":"2026-02-14T01:23:16","guid":{"rendered":"https:\/\/www.europesays.com\/de\/795807\/"},"modified":"2026-02-14T01:23:16","modified_gmt":"2026-02-14T01:23:16","slug":"berlin-mann-durch-schuesse-lebensgefaehrlich-verletzt-vermehrt-vorfaelle-in-der-hauptstadt","status":"publish","type":"post","link":"https:\/\/www.europesays.com\/de\/795807\/","title":{"rendered":"Berlin: Mann durch Sch\u00fcsse lebensgef\u00e4hrlich verletzt \u2013 Vermehrt Vorf\u00e4lle in der Hauptstadt"},"content":{"rendered":"<p>In den vergangenen Tagen ist es in Berlin wieder vermehrt zu Sch\u00fcssen auf Gesch\u00e4fte und Wohnh\u00e4user gekommen. Die Polizei reagiert mit versch\u00e4rften Kontrollen. Doch in der Nacht gab es wieder einen Vorfall. Ein 37-J\u00e4hriger wurde dabei lebensgef\u00e4hrlich verletzt.<\/p>\n<p class=\"is-first-paragraph\" data-external=\"Article.FirstParagraph\">Bei erneuten Sch\u00fcssen in Berlin ist ein 37-J\u00e4hriger lebensgef\u00e4hrlich verletzt worden. Der Mann sa\u00df in einem Auto, auf das ein Unbekannter in Tegel vom Gehweg aus feuerte, wie die Polizei mitteilte. Weitere Sch\u00fcsse fielen demnach in Kreuzberg. Verletzte gab es dort laut Polizei nicht. Ob es einen Zusammenhang gibt zwischen den Vorf\u00e4llen, ist unklar. Zuvor hatte RBB-Radio 88,8 berichtet.<\/p>\n<p>Eine <a class=\"is-link c-block-items__link c-link--rich-text-renderer\" href=\"https:\/\/www.welt.de\/regionales\/berlin\/article697d8806f0e62064809dff03\/tot-in-berliner-wohnung-mordkommission-ermittelt.html\" data-internal-tracking-enabled=\"true\" data-internal-tracking=\"{&quot;action&quot;:&quot;click&quot;,&quot;label&quot;:&quot;link&quot;,&quot;name&quot;:&quot;Inline Element&quot;,&quot;data&quot;:{&quot;source&quot;:&quot;&quot;,&quot;target&quot;:&quot;https:\/\/www.welt.de\/regionales\/berlin\/article697d8806f0e62064809dff03\/tot-in-berliner-wohnung-mordkommission-ermittelt.html&quot;,&quot;trackingName&quot;:&quot;&quot;,&quot;trackingLabel&quot;:&quot;&quot;}}\" rel=\"nofollow noopener\" target=\"_blank\">Mordkommission<\/a> habe in Zusammenarbeit mit der Staatsanwaltschaft die Ermittlungen wegen eines versuchten T\u00f6tungsdelikts \u00fcbernommen, sagte ein Polizeisprecher zu dem Vorfall in der Buddestra\u00dfe. Nach einem \u201eB.Z.\u201c-Bericht wurde der 37-J\u00e4hrige von den Sch\u00fcssen im Oberk\u00f6rper getroffen. Auf Fotos war zu sehen, dass das Fenster auf der Beifahrerseite ein Einschussloch aufwies. Nach Angaben von Polizei und Staatsanwaltschaft befindet sich der Mann inzwischen au\u00dfer Lebensgefahr.<\/p>\n<p>Die Sch\u00fcsse in Kreuzberg gleichen Vorf\u00e4llen in den vergangenen Tagen: Unbekannte gaben in der Nacht in der Ritterstra\u00dfe mehrere Sch\u00fcsse auf ein Mehrfamilienhaus ab. Polizisten stellten mehrere Einschussl\u00f6cher in den Fenstern einer Wohnung fest, wie die Polizei mitteilte.<\/p>\n<p>Erst am Mittwochabend wurden auf eine Wohnungst\u00fcr in Berlin-K\u00f6penick mehrere Sch\u00fcsse abgefeuert. Verletzt wurde bei dem Vorfall in einem Mehrfamilienhaus laut Polizei niemand. Am Sonntag wurde auf eine Shishabar in Berlin-Wedding geschossen. Dabei wurde ein Mensch durch Glassplitter leicht verletzt. Sonntagabend gab es Sch\u00fcsse auf eine Werkstatt in Neuk\u00f6lln. Verletzt wurde dabei niemand.<\/p>\n<p>Die Ermittlungen in allen vier F\u00e4llen hat die Sondereinheit \u201eFerrum\u201c (deutsch: Eisen) im Landeskriminalamt \u00fcbernommen. Diese wurde nach zahlreichen Schie\u00dfereien Ende vergangenen Jahres eingerichtet. Sie ging seitdem mit umfangreichen Razzien in Bars und Restaurants und an bekannten Treffpunkten von Kriminellen gegen gewaltt\u00e4tige Banden vor. Es gebe offensichtlich viele illegale Schusswaffen in der Stadt, hie\u00df es von der Polizei. Dagegen werde man weiter gezielt vorgehen.<\/p>\n<p>Justizsenatorin sieht neue Bedrohungslage<\/p>\n<p>Dabei wurden laut Senatsinnenverwaltung innerhalb von drei Monaten 12 scharfe Schusswaffen und 192 Patronen beschlagnahmt. Die Kriminalpolizei leitete 223 Ermittlungsverfahren ein, in 49 davon wurden Verd\u00e4chtige festgestellt. Neun Haftbefehle wurden von Richtern erlassen.<\/p>\n<p>Berlins Justizsenatorin Felor Badenberg (CDU) sprach zuletzt von einer neuen Bedrohungslage durch Bandenkriege in der Hauptstadt. \u201eWir sehen inzwischen rivalisierende Banden, die auf Berlins Stra\u00dfen sichtbar Gewalt einsetzen, sei es durch Handgranatenw\u00fcrfe auf Lokale, sei es durch Sch\u00fcsse auf Menschen, Fahrzeuge und auch Geb\u00e4ude\u201c, sagte Badenberg dem RBB-Inforadio.<\/p>\n<p>dpa\/jm<\/p>\n","protected":false},"excerpt":{"rendered":"In den vergangenen Tagen ist es in Berlin wieder vermehrt zu Sch\u00fcssen auf Gesch\u00e4fte und Wohnh\u00e4user gekommen. Die&hellip;\n","protected":false},"author":2,"featured_media":795808,"comment_status":"","ping_status":"","sticky":false,"template":"","format":"standard","meta":{"footnotes":"","_share_on_mastodon":"0"},"categories":[1825],"tags":[296,29,30,1000,110,51064],"class_list":["post-795807","post","type-post","status-publish","format-standard","has-post-thumbnail","category-berlin","tag-berlin","tag-deutschland","tag-germany","tag-gewalt","tag-newsteam","tag-schiessereien-ks"],"share_on_mastodon":{"url":"https:\/\/pubeurope.com\/@de\/116066372993451166","error":""},"_links":{"self":[{"href":"https:\/\/www.europesays.com\/de\/wp-json\/wp\/v2\/posts\/795807","targetHints":{"allow":["GET"]}}],"collection":[{"href":"https:\/\/www.europesays.com\/de\/wp-json\/wp\/v2\/posts"}],"about":[{"href":"https:\/\/www.europesays.com\/de\/wp-json\/wp\/v2\/types\/post"}],"author":[{"embeddable":true,"href":"https:\/\/www.europesays.com\/de\/wp-json\/wp\/v2\/users\/2"}],"replies":[{"embeddable":true,"href":"https:\/\/www.europesays.com\/de\/wp-json\/wp\/v2\/comments?post=795807"}],"version-history":[{"count":0,"href":"https:\/\/www.europesays.com\/de\/wp-json\/wp\/v2\/posts\/795807\/revisions"}],"wp:featuredmedia":[{"embeddable":true,"href":"https:\/\/www.europesays.com\/de\/wp-json\/wp\/v2\/media\/795808"}],"wp:attachment":[{"href":"https:\/\/www.europesays.com\/de\/wp-json\/wp\/v2\/media?parent=795807"}],"wp:term":[{"taxonomy":"category","embeddable":true,"href":"https:\/\/www.europesays.com\/de\/wp-json\/wp\/v2\/categories?post=795807"},{"taxonomy":"post_tag","embeddable":true,"href":"https:\/\/www.europesays.com\/de\/wp-json\/wp\/v2\/tags?post=795807"}],"curies":[{"name":"wp","href":"https:\/\/api.w.org\/{rel}","templated":true}]}}