{"id":795850,"date":"2026-02-14T01:48:20","date_gmt":"2026-02-14T01:48:20","guid":{"rendered":"https:\/\/www.europesays.com\/de\/795850\/"},"modified":"2026-02-14T01:48:20","modified_gmt":"2026-02-14T01:48:20","slug":"sv-waldhof-mannheim-diese-spiele-stehen-als-naechstes-in-der-3-liga-an-3","status":"publish","type":"post","link":"https:\/\/www.europesays.com\/de\/795850\/","title":{"rendered":"SV Waldhof Mannheim: Diese Spiele stehen als n\u00e4chstes in der 3. Liga an"},"content":{"rendered":"<p>In der laufenden Saison 2025\/2026 hat SV Waldhof <a href=\"https:\/\/www.news.de\/thema\/mannheim\/1\/\" rel=\"nofollow noopener\" target=\"_blank\"><strong>Mannheim<\/strong><\/a> bereits 23 Spiele hinter sich gebracht und dabei 35 Punkte errungen. Aktuell findet sich das Team auf dem 8. Tabellenrang wieder.  <\/p>\n<p>Ergebnisse der letzten 5 Spiele von SV Waldhof Mannheim in der Saison 2025\/2026<\/p>\n<p>2 Siege (1 Heimsieg und 1 Ausw\u00e4rtssieg), 2 Niederlagen und 1 Unentschieden &#8211; das ist die Bilanz der letzten f\u00fcnf Spiele f\u00fcr <a href=\"https:\/\/www.news.de\/thema\/sv-waldhof-mannheim\/1\/\" rel=\"nofollow noopener\" target=\"_blank\"><strong>SV Waldhof Mannheim<\/strong><\/a> in der <a href=\"https:\/\/www.news.de\/thema\/3-liga\/1\/\" rel=\"nofollow noopener\" target=\"_blank\"><strong>3. Liga<\/strong><\/a>.  <\/p>\n<tr>DatumHeimGastErgebnis<\/tr>\n<tr>\n<td>06.02.2026<\/td>\n<td>SV Waldhof Mannheim<\/td>\n<td>SSV Ulm 1846 <a href=\"https:\/\/www.news.de\/thema\/fussball\/1\/\" rel=\"nofollow noopener\" target=\"_blank\"><strong>Fu\u00dfball<\/strong><\/a><\/td>\n<td>2:1<\/td>\n<\/tr>\n<tr>\n<td>31.01.2026<\/td>\n<td>Viktoria K\u00f6ln<\/td>\n<td>SV Waldhof Mannheim<\/td>\n<td>1:3<\/td>\n<\/tr>\n<tr>\n<td>25.01.2026<\/td>\n<td>SV Waldhof Mannheim<\/td>\n<td>F.C. Hansa Rostock<\/td>\n<td>0:4<\/td>\n<\/tr>\n<tr>\n<td>17.01.2026<\/td>\n<td>SC Verl<\/td>\n<td>SV Waldhof Mannheim<\/td>\n<td>5:2<\/td>\n<\/tr>\n<tr>\n<td>20.12.2025<\/td>\n<td>SV Waldhof Mannheim<\/td>\n<td>FC Ingolstadt 04<\/td>\n<td>2:2<\/td>\n<\/tr>\n<p>Die n\u00e4chsten Spiele f\u00fcr SV Waldhof Mannheim in der 3. Liga<\/p>\n<p>Im n\u00e4chsten Spiel trifft SV Waldhof Mannheim ausw\u00e4rts auf FC Energie Cottbus, welcher aktuell auf Rang 1 in der Tabelle der 3. Liga steht. Anpfiff ist am Sonntag, den 15.02.2026 um 13.30 Uhr. F\u00fcr die n\u00e4chsten Spieltage sind noch Matches gegen VfB Stuttgart II, Alemannia Aachen, Rot-Weiss Essen und TSV Havelse angesetzt.  <\/p>\n<tr>DatumHeimGast<\/tr>\n<tr>\n<td>15.02.2026, 13.30 Uhr<\/td>\n<td>FC Energie Cottbus<\/td>\n<td>SV Waldhof Mannheim<\/td>\n<\/tr>\n<tr>\n<td>20.02.2026, 19.00 Uhr<\/td>\n<td>VfB Stuttgart II<\/td>\n<td>SV Waldhof Mannheim<\/td>\n<\/tr>\n<tr>\n<td>01.03.2026, 13.30 Uhr<\/td>\n<td>SV Waldhof Mannheim<\/td>\n<td>Alemannia Aachen<\/td>\n<\/tr>\n<tr>\n<td>04.03.2026, 19.00 Uhr<\/td>\n<td>Rot-Weiss Essen<\/td>\n<td>SV Waldhof Mannheim<\/td>\n<\/tr>\n<tr>\n<td>08.03.2026, 13.30 Uhr<\/td>\n<td>SV Waldhof Mannheim<\/td>\n<td>TSV Havelse<\/td>\n<\/tr>\n<p><a href=\"https:\/\/www.news.de\/sport\/857002838\/fussball-heute-im-tv-und-live-stream-vorschau-fuer-das-erste-zdf-eurosport-1-3sat-sport1-sat-1-naechste-termine-und-sender-fuer-uebertragung-der-sport-sendungen-im-fernsehen\/1\/\" rel=\"nofollow noopener\" target=\"_blank\"><strong>Fu\u00dfball live im Fernsehen: Von 3. Liga bis Champions League &#8211; Die aktuellen TV-Termine f\u00fcr Fu\u00dfballspiele im \u00dcberblick!<\/strong><\/a>  <\/p>\n<p>Statistik und Highlights der laufenden Saison 2025\/2026<\/p>\n<tr>Statistik<\/tr>\n<tr>\n<td>H\u00f6chster Heimsieg<\/td>\n<td>6:1 (SV Waldhof Mannheim &#8211; Rot-Weiss Essen)<\/td>\n<\/tr>\n<tr>\n<td>H\u00f6chste Ausw\u00e4rtssiege<\/td>\n<td>1:3 (Viktoria K\u00f6ln &#8211; SV Waldhof Mannheim), 0:2 (FC Erzgebirge Aue &#8211; SV Waldhof Mannheim)<\/td>\n<\/tr>\n<tr>\n<td>Spiele zu Null<\/td>\n<td>3<\/td>\n<\/tr>\n<tr>\n<td>Torreichste Spiele<\/td>\n<td>5:2 (SC Verl &#8211; SV Waldhof Mannheim), 6:1 (SV Waldhof Mannheim &#8211; Rot-Weiss Essen)<\/td>\n<\/tr>\n<p>SV Waldhof Mannheim News 2026: Aktuelle Nachrichten zum Verein<\/p>\n<p>Hier erhalten Sie einen \u00dcberblick \u00fcber aktuelle News wie Spielberichte zu den letzten Partien der 3. Liga, Vorberichte mit Infos zu bevorstehenden Live-\u00dcbertragungen und mehr. Weitere Nachrichten zum Verein finden Sie auf der <a href=\"https:\/\/www.news.de\/thema\/sv-waldhof-mannheim\/1\/\" target=\"_blank\" rel=\"nofollow noopener\"><strong>news.de-Themenseite f\u00fcr SV Waldhof Mannheim<\/strong><\/a>.  <\/p>\n<p>SV Waldhof Mannheim in der aktuellen 3. Liga-Tabelle 2025\/2026<\/p>\n<tr>PlatzTeamSpieleSUNToreDiff.Pkt.<\/tr>\n<tr>\n<td>1<\/td>\n<td>FC Energie<\/td>\n<td>23<\/td>\n<td>13<\/td>\n<td>5<\/td>\n<td>5<\/td>\n<td>48:36<\/td>\n<td>12<\/td>\n<td>44<\/td>\n<\/tr>\n<tr>\n<td>2<\/td>\n<td>MSV Duisburg<\/td>\n<td>23<\/td>\n<td>12<\/td>\n<td>7<\/td>\n<td>4<\/td>\n<td>42:25<\/td>\n<td>17<\/td>\n<td>43<\/td>\n<\/tr>\n<tr>\n<td>3<\/td>\n<td>VfL Osnabr\u00fcck<\/td>\n<td>23<\/td>\n<td>12<\/td>\n<td>6<\/td>\n<td>5<\/td>\n<td>33:22<\/td>\n<td>11<\/td>\n<td>42<\/td>\n<\/tr>\n<tr>\n<td>4<\/td>\n<td>SC Verl<\/td>\n<td>23<\/td>\n<td>11<\/td>\n<td>8<\/td>\n<td>4<\/td>\n<td>56:34<\/td>\n<td>22<\/td>\n<td>41<\/td>\n<\/tr>\n<tr>\n<td>5<\/td>\n<td>RW Essen<\/td>\n<td>23<\/td>\n<td>10<\/td>\n<td>10<\/td>\n<td>3<\/td>\n<td>45:36<\/td>\n<td>9<\/td>\n<td>40<\/td>\n<\/tr>\n<tr>\n<td>6<\/td>\n<td>F.C. Hansa<\/td>\n<td>23<\/td>\n<td>10<\/td>\n<td>9<\/td>\n<td>4<\/td>\n<td>39:25<\/td>\n<td>14<\/td>\n<td>39<\/td>\n<\/tr>\n<tr>\n<td>7<\/td>\n<td>SV Wehen Wie<\/td>\n<td>23<\/td>\n<td>11<\/td>\n<td>5<\/td>\n<td>7<\/td>\n<td>31:25<\/td>\n<td>6<\/td>\n<td>38<\/td>\n<\/tr>\n<tr>\n<td><strong>8<\/strong><\/td>\n<td><strong>SV Waldhof<\/strong><\/td>\n<td><strong>23<\/strong><\/td>\n<td><strong>11<\/strong><\/td>\n<td><strong>2<\/strong><\/td>\n<td><strong>10<\/strong><\/td>\n<td><strong>39:42<\/strong><\/td>\n<td><strong>-3<\/strong><\/td>\n<td><strong>35<\/strong><\/td>\n<\/tr>\n<tr>\n<td>9<\/td>\n<td>TSV 1860<\/td>\n<td>23<\/td>\n<td>9<\/td>\n<td>6<\/td>\n<td>8<\/td>\n<td>34:35<\/td>\n<td>-1<\/td>\n<td>33<\/td>\n<\/tr>\n<tr>\n<td>10<\/td>\n<td>Ingolstadt<\/td>\n<td>23<\/td>\n<td>8<\/td>\n<td>8<\/td>\n<td>7<\/td>\n<td>40:31<\/td>\n<td>9<\/td>\n<td>32<\/td>\n<\/tr>\n<tr>\n<td>11<\/td>\n<td>Hoffenheim II<\/td>\n<td>23<\/td>\n<td>9<\/td>\n<td>5<\/td>\n<td>9<\/td>\n<td>45:39<\/td>\n<td>6<\/td>\n<td>32<\/td>\n<\/tr>\n<tr>\n<td>12<\/td>\n<td>Viktoria K\u00f6ln<\/td>\n<td>24<\/td>\n<td>9<\/td>\n<td>5<\/td>\n<td>10<\/td>\n<td>33:32<\/td>\n<td>1<\/td>\n<td>32<\/td>\n<\/tr>\n<tr>\n<td>13<\/td>\n<td>VfB Stuttg. II<\/td>\n<td>23<\/td>\n<td>9<\/td>\n<td>5<\/td>\n<td>9<\/td>\n<td>29:37<\/td>\n<td>-8<\/td>\n<td>32<\/td>\n<\/tr>\n<tr>\n<td>14<\/td>\n<td>SSV Jahn<\/td>\n<td>23<\/td>\n<td>8<\/td>\n<td>4<\/td>\n<td>11<\/td>\n<td>29:34<\/td>\n<td>-5<\/td>\n<td>28<\/td>\n<\/tr>\n<tr>\n<td>15<\/td>\n<td>Alemannia Aachen<\/td>\n<td>23<\/td>\n<td>7<\/td>\n<td>5<\/td>\n<td>11<\/td>\n<td>36:44<\/td>\n<td>-8<\/td>\n<td>26<\/td>\n<\/tr>\n<tr>\n<td>16<\/td>\n<td>Saarbr\u00fccken<\/td>\n<td>23<\/td>\n<td>5<\/td>\n<td>9<\/td>\n<td>9<\/td>\n<td>30:35<\/td>\n<td>-5<\/td>\n<td>24<\/td>\n<\/tr>\n<tr>\n<td>17<\/td>\n<td>Erzgeb.  Aue<\/td>\n<td>24<\/td>\n<td>5<\/td>\n<td>9<\/td>\n<td>10<\/td>\n<td>27:38<\/td>\n<td>-11<\/td>\n<td>24<\/td>\n<\/tr>\n<tr>\n<td>18<\/td>\n<td>SSV Ulm<\/td>\n<td>23<\/td>\n<td>7<\/td>\n<td>1<\/td>\n<td>15<\/td>\n<td>31:47<\/td>\n<td>-16<\/td>\n<td>22<\/td>\n<\/tr>\n<tr>\n<td>19<\/td>\n<td>TSV Havelse<\/td>\n<td>23<\/td>\n<td>4<\/td>\n<td>7<\/td>\n<td>12<\/td>\n<td>33:47<\/td>\n<td>-14<\/td>\n<td>19<\/td>\n<\/tr>\n<tr>\n<td>20<\/td>\n<td>Schweinfurt<\/td>\n<td>23<\/td>\n<td>3<\/td>\n<td>0<\/td>\n<td>20<\/td>\n<td>19:55<\/td>\n<td>-36<\/td>\n<td>9<\/td>\n<\/tr>\n<p>        FOTOSTRECKE: Maskottchen-Parade: Von Storch bis Panda: Kennen Sie alle Maskottchen der deutschen Fu\u00dfball-Vereine?    <\/p>\n<p>        <a title=\"Von Storch bis Panda: Kennen Sie alle Maskottchen der deutschen Fu\u00dfball-Vereine?\" class=\"position-relative d-block iconmoon-overlay\" data-article-id=\"857120576\" href=\"https:\/\/www.news.de\/fotostrecke\/850720374\/fussball-maskottchen-der-1-und-2-bundesliga-berni-bulli-emma-und-co-bringen-ihren-vereinen-glueck\/1\/\" rel=\"nofollow noopener\" target=\"_blank\"><img decoding=\"async\" src=\"https:\/\/www.europesays.com\/de\/wp-content\/uploads\/2025\/08\/fuechsle-vom-sc-freiburg_858059007_1200x675_335e026473bdece0fb238f8fe6ee77de.jpg\" loading=\"lazy\" class=\"img-cover\" alt=\"F\u00fcchsle vom SC Freiburg (Foto)\" title=\"F\u00fcchsle vom SC Freiburg\" width=\"1200\" height=\"675\"\/><\/a>        Bild:<br \/>\n            picture alliance\/dpa | Tom Weller<\/p>\n<p>+++ Redaktioneller Hinweis: Dieser Text wurde auf Basis aktueller Sportdaten generiert und wird regelm\u00e4\u00dfig datengetrieben aktualisiert. Feedback und Anmerkungen nehmen wir unter hinweis@news.de entgegen. +++  <\/p>\n<p><a href=\"https:\/\/www.news.de\/thema\/3-liga\/1\/\" target=\"_blank\" rel=\"nofollow noopener\"><strong>Noch mehr News zur 3. Liga lesen Sie hier.<\/strong><\/a>  <\/p>\n<p><a href=\"https:\/\/www.news.de\/autor\/Sarah+Knauth\/\" rel=\"author nofollow noopener\" target=\"_blank\">kns<\/a>\/roj\/news.de<\/p>\n","protected":false},"excerpt":{"rendered":"In der laufenden Saison 2025\/2026 hat SV Waldhof Mannheim bereits 23 Spiele hinter sich gebracht und dabei 35&hellip;\n","protected":false},"author":2,"featured_media":362583,"comment_status":"","ping_status":"","sticky":false,"template":"","format":"standard","meta":{"footnotes":"","_share_on_mastodon":"0"},"categories":[1845],"tags":[1634,3364,29,548,663,3934,30,13,2096,14,15,12,265],"class_list":["post-795850","post","type-post","status-publish","format-standard","has-post-thumbnail","category-mannheim","tag-baden-wuerttemberg","tag-de","tag-deutschland","tag-eu","tag-europa","tag-europe","tag-germany","tag-headlines","tag-mannheim","tag-nachrichten","tag-news","tag-schlagzeilen","tag-sport"],"share_on_mastodon":{"url":"https:\/\/pubeurope.com\/@de\/116066471511597914","error":""},"_links":{"self":[{"href":"https:\/\/www.europesays.com\/de\/wp-json\/wp\/v2\/posts\/795850","targetHints":{"allow":["GET"]}}],"collection":[{"href":"https:\/\/www.europesays.com\/de\/wp-json\/wp\/v2\/posts"}],"about":[{"href":"https:\/\/www.europesays.com\/de\/wp-json\/wp\/v2\/types\/post"}],"author":[{"embeddable":true,"href":"https:\/\/www.europesays.com\/de\/wp-json\/wp\/v2\/users\/2"}],"replies":[{"embeddable":true,"href":"https:\/\/www.europesays.com\/de\/wp-json\/wp\/v2\/comments?post=795850"}],"version-history":[{"count":0,"href":"https:\/\/www.europesays.com\/de\/wp-json\/wp\/v2\/posts\/795850\/revisions"}],"wp:featuredmedia":[{"embeddable":true,"href":"https:\/\/www.europesays.com\/de\/wp-json\/wp\/v2\/media\/362583"}],"wp:attachment":[{"href":"https:\/\/www.europesays.com\/de\/wp-json\/wp\/v2\/media?parent=795850"}],"wp:term":[{"taxonomy":"category","embeddable":true,"href":"https:\/\/www.europesays.com\/de\/wp-json\/wp\/v2\/categories?post=795850"},{"taxonomy":"post_tag","embeddable":true,"href":"https:\/\/www.europesays.com\/de\/wp-json\/wp\/v2\/tags?post=795850"}],"curies":[{"name":"wp","href":"https:\/\/api.w.org\/{rel}","templated":true}]}}