{"id":795935,"date":"2026-02-14T02:38:11","date_gmt":"2026-02-14T02:38:11","guid":{"rendered":"https:\/\/www.europesays.com\/de\/795935\/"},"modified":"2026-02-14T02:38:11","modified_gmt":"2026-02-14T02:38:11","slug":"kein-redeverbot-fuer-bjoern-hoecke-auf-wahlveranstaltungen-in-bayern","status":"publish","type":"post","link":"https:\/\/www.europesays.com\/de\/795935\/","title":{"rendered":"Kein Redeverbot f\u00fcr Bj\u00f6rn H\u00f6cke auf Wahlveranstaltungen in Bayern"},"content":{"rendered":"<p class=\"mb-6 text-xs md:text-m lg:text-l font-serif group-[.font-sans]:font-sans \">\n    Wo darf der Th\u00fcringer AfD-Chef Bj\u00f6rn H\u00f6cke auftreten? Mit dieser Frage mussten sich Gerichte in Bayern in den vergangenen Tagen besch\u00e4ftigen. Sowohl die Gemeinde Seybothenreuth im oberfr\u00e4nkischen <a href=\"https:\/\/www.mainpost.de\/orte\/mp-bayreuth\" target=\"_self\" class=\"underline \" rel=\"nofollow noopener\">Landkreis Bayreuth<\/a> als auch die<a href=\"https:\/\/www.mainpost.de\/bayern\/redeverbot-fuer-bjoern-hoecke-unzulaessig-naechste-niederlage-fuer-lindenberg-im-streit-um-afd-wahlkampf-113474400\" target=\"_self\" class=\"underline \" rel=\"nofollow noopener\"> Stadt Lindenberg im Landkreis Lindau im Allg\u00e4u wollten Auftritte des Politikers verbieten<\/a>. Jetzt hat der <a href=\"https:\/\/www.mainpost.de\/bayern\/kommunalwahlkampf-gericht-kippt-redeverbot-fuer-hoecke-im-allgaeu-113468353\" target=\"_self\" class=\"underline \" rel=\"nofollow noopener\">Bayerische Verwaltungsgerichtshof (BayVGH) im Eilverfahren diese Verbote f\u00fcr unzul\u00e4ssig erkl\u00e4rt<\/a>.\n  <\/p>\n<p class=\"mb-6 text-xs md:text-m lg:text-l font-serif group-[.font-sans]:font-sans \">\n    Der BayVGH hat damit in einem Fall einer Beschwerde des AfD-Kreisverbandes <a href=\"https:\/\/www.mainpost.de\/orte\/mp-bayreuth\" target=\"_self\" class=\"underline \" rel=\"nofollow noopener\">Bayreuth<\/a> stattgegeben, im anderen Fall die Beschwerde der betroffenen Gemeinde zur\u00fcckgewiesen. In den vorherigen Instanzen ist das Urteil unterschiedlich ausgefallen.\n  <\/p>\n<p>             Redeverbot f\u00fcr Bj\u00f6rn H\u00f6cke laut  BayVGH nicht gerechtfertigt<\/p>\n<p class=\"mb-6 text-xs md:text-m lg:text-l font-serif group-[.font-sans]:font-sans \">\n    \u201eBeide Gemeinden hatten die Zulassung von AfD-Wahlveranstaltungen in gemeindlichen Einrichtungen an diesem Wochenende mit einer Auflage versehen, wonach der AfD-Kreisverband als Veranstalter sicherzustellen habe, dass Bj\u00f6rn H\u00f6cke nicht als Redner auftritt\u201c, hei\u00dft es in einer Mitteilung des BayVGH vom Freitagabend. \u00dcber die dagegen gerichteten Eilantr\u00e4ge der AfD-Kreisverb\u00e4nde haben zwei Verwaltungsgerichte unterschiedlich entschieden. Das Verwaltungsgericht Bayreuth hat den Antrag abgelehnt, das Verwaltungsgericht Augsburg hat dem Antrag stattgegeben. In beiden F\u00e4llen hat die jeweils unterlegene Partei Beschwerde eingelegt.\n  <\/p>\n<p class=\"mb-6 text-xs md:text-m lg:text-l font-serif group-[.font-sans]:font-sans \">\n    Die von den Gemeinden angef\u00fchrte Begr\u00fcndung k\u00f6nne ein Redeverbot f\u00fcr Bj\u00f6rn H\u00f6cke nicht rechtfertigen, hei\u00dft es vom BayVGH. \u201eHinreichend konkrete Anhaltspunkte im Sinne der Rechtsprechung des Bundesverfassungsgerichts daf\u00fcr, dass durch den Gastredner Rechtsbr\u00fcche in Form der Begehung von Straftaten oder Ordnungswidrigkeiten zu erwarten seien, h\u00e4tten die Gemeinden nicht ausreichend dargetan.\u201c Die Richter betonten, dass somit die im Grundgesetz verankerte Meinungsfreiheit nicht eingeschr\u00e4nkt werden d\u00fcrfe.\n  <\/p>\n<p>      <a href=\"https:\/\/www.mainpost.de\/bayern\/rechtsextremist-hoecke-spricht-im-bayerischen-landtag-113458508\" class=\"hidden  &#010;                md:block md:mr-5 md:min-w-[140px]  aspect-photo md:aspect-tv lg:aspect-tv w-fullXXX relative self-start inline overflow-hidden\" rel=\"nofollow noopener\" target=\"_blank\"><\/p>\n<p>    <img decoding=\"async\" src=\"\" alt=\"Kommt am Samstag nach M\u00fcnchen in den Landtag: AfD-Rechtsau\u00dfen Bj\u00f6rn H\u00f6cke. \" title=\"Kommt am Samstag nach M\u00fcnchen in den Landtag: AfD-Rechtsau\u00dfen Bj\u00f6rn H\u00f6cke. \" loading=\"lazy\" class=\"h-full w-full object-cover\"\/><br \/>\n   <\/a><\/p>\n<p>            H\u00f6cke ist wegen der Verwendung von Naziparolen rechtskr\u00e4ftig verurteilt<\/p>\n<p class=\"mb-6 text-xs md:text-m lg:text-l font-serif group-[.font-sans]:font-sans \">\n    Hintergrund des Streits um die H\u00f6cke-Rede war, dass der AfD-Politiker zweimal wegen der Verwendung einer Naziparole rechtskr\u00e4ftig verurteilt worden ist. Zudem hat die bayerische Gemeindeordnung seit wenigen Wochen eine neue Vorschrift, wonach die Nutzung von \u00f6ffentlichen R\u00e4umen dann versagt werden kann, wenn bei einer Veranstaltung \u201eInhalte, die die nationalsozialistische Gewalt- und Willk\u00fcrherrschaft billigen, verherrlichen oder rechtfertigen, oder antisemitische Inhalte zu erwarten\u201c seien. (mit dpa)\n  <\/p>\n<ul data-module-id=\"DragDropModule\" class=\"flex flex-wrap justify-start group-[.no-bookmarks]:hidden\">\n<li class=\"mb-3 mr-3\">\n    Quirin H\u00f6nig<\/p>\n<p>      Icon Haken im Kreis gesetzt<\/p>\n<p>      Icon Plus im Kreis<\/p>\n<\/li>\n<li class=\"mb-3 mr-3\">\n    Bj\u00f6rn H\u00f6cke<\/p>\n<p>      Icon Haken im Kreis gesetzt<\/p>\n<p>      Icon Plus im Kreis<\/p>\n<\/li>\n<li class=\"mb-3 mr-3\">\n    AfD<\/p>\n<p>      Icon Haken im Kreis gesetzt<\/p>\n<p>      Icon Plus im Kreis<\/p>\n<\/li>\n<\/ul>\n","protected":false},"excerpt":{"rendered":"Wo darf der Th\u00fcringer AfD-Chef Bj\u00f6rn H\u00f6cke auftreten? Mit dieser Frage mussten sich Gerichte in Bayern in den&hellip;\n","protected":false},"author":2,"featured_media":795936,"comment_status":"","ping_status":"","sticky":false,"template":"","format":"standard","meta":{"footnotes":"","_share_on_mastodon":"0"},"categories":[1827],"tags":[8769,186,79361,772,5899,5159,29,30,15202,7983,1268,179322,179324],"class_list":["post-795935","post","type-post","status-publish","format-standard","has-post-thumbnail","category-muenchen","tag-verwaltungsgericht","tag-afd","tag-bayerischer-verwaltungsgerichtshof","tag-bayern","tag-bayreuth","tag-bjoern-hoecke","tag-deutschland","tag-germany","tag-landkreis-bayreuth","tag-lindenberg","tag-muenchen","tag-redeverbot","tag-seybothenreuth"],"share_on_mastodon":{"url":"https:\/\/pubeurope.com\/@de\/116066668051747661","error":""},"_links":{"self":[{"href":"https:\/\/www.europesays.com\/de\/wp-json\/wp\/v2\/posts\/795935","targetHints":{"allow":["GET"]}}],"collection":[{"href":"https:\/\/www.europesays.com\/de\/wp-json\/wp\/v2\/posts"}],"about":[{"href":"https:\/\/www.europesays.com\/de\/wp-json\/wp\/v2\/types\/post"}],"author":[{"embeddable":true,"href":"https:\/\/www.europesays.com\/de\/wp-json\/wp\/v2\/users\/2"}],"replies":[{"embeddable":true,"href":"https:\/\/www.europesays.com\/de\/wp-json\/wp\/v2\/comments?post=795935"}],"version-history":[{"count":0,"href":"https:\/\/www.europesays.com\/de\/wp-json\/wp\/v2\/posts\/795935\/revisions"}],"wp:featuredmedia":[{"embeddable":true,"href":"https:\/\/www.europesays.com\/de\/wp-json\/wp\/v2\/media\/795936"}],"wp:attachment":[{"href":"https:\/\/www.europesays.com\/de\/wp-json\/wp\/v2\/media?parent=795935"}],"wp:term":[{"taxonomy":"category","embeddable":true,"href":"https:\/\/www.europesays.com\/de\/wp-json\/wp\/v2\/categories?post=795935"},{"taxonomy":"post_tag","embeddable":true,"href":"https:\/\/www.europesays.com\/de\/wp-json\/wp\/v2\/tags?post=795935"}],"curies":[{"name":"wp","href":"https:\/\/api.w.org\/{rel}","templated":true}]}}