{"id":795947,"date":"2026-02-14T02:44:25","date_gmt":"2026-02-14T02:44:25","guid":{"rendered":"https:\/\/www.europesays.com\/de\/795947\/"},"modified":"2026-02-14T02:44:25","modified_gmt":"2026-02-14T02:44:25","slug":"mit-einer-streife-unterwegs-massendelikt-gewalt-in-der-familie","status":"publish","type":"post","link":"https:\/\/www.europesays.com\/de\/795947\/","title":{"rendered":"Mit einer Streife unterwegs &#8211; Massendelikt: Gewalt in der Familie"},"content":{"rendered":"<p>\tweitere Themen der Sendung<\/p>\n<p>\t\t<a href=\"https:\/\/www.rbb-online.de\/abendschau\/videos\/20260213_1930.html\" class=\"sendeplatz\" rel=\"nofollow noopener\" target=\"_blank\"><br \/>\n\t\trbb24 Abendschau vom 13.02.2026<\/p>\n<p>\t\t<\/a><\/p>\n<p>Besserer Schutz f\u00fcr Zugbegleiter +++ Neue U-Bahnwagen vorgestellt +++ Das Stromnetz zuverl\u00e4ssiger sch\u00fctzen +++ Berliner Massendelikt: Gewalt in der Familie +++ Retrospektive &#8230;<\/p>\n<p class=\"manualteaserroofline\">Wer stoppt die Gewalt in den Z\u00fcgen?<\/p>\n<p>\t\t<a href=\"https:\/\/www.rbb-online.de\/abendschau\/videos\/20260213_1930\/sicherheit-bahn.html\" class=\"sendeplatz\" rel=\"nofollow noopener\" target=\"_blank\"><br \/>\n\t\tBesserer Schutz f\u00fcr Zugbegleiter<\/p>\n<p>\t\t<\/a><\/p>\n<p>Immer wieder werden Bahnangestellte k\u00f6rperlich attackiert. Bundesweit kommt es zu mehreren tausend \u00dcbergriffen pro Jahr. Zuletzt endete einer davon sogar t\u00f6dlich. Am Freitag &#8230;<\/p>\n<p>  <a href=\"https:\/\/www.rbb-online.de\/abendschau\/videos\/20260213_1930\/neu-u-bahn-waggons.html\" class=\"sendeplatz\" rel=\"nofollow noopener\" target=\"_blank\"><img decoding=\"async\" src=\"https:\/\/www.europesays.com\/de\/wp-content\/uploads\/2026\/02\/1771037065_788_size=320x180.jpg\" id=\"untersendungsListe_manualteaser_2_2114560737\"\/><\/a><\/p>\n<p>rbb<\/p>\n<p><a href=\"https:\/\/www.rbb-online.de\/abendschau\/videos\/20260213_1930\/neu-u-bahn-waggons.html\" class=\"sendeplatz\" rel=\"nofollow noopener\" target=\"_blank\"><\/p>\n<p class=\"manualteaserroofline\">BVG<\/p>\n<p>\t\t<a href=\"https:\/\/www.rbb-online.de\/abendschau\/videos\/20260213_1930\/neu-u-bahn-waggons.html\" class=\"sendeplatz\" rel=\"nofollow noopener\" target=\"_blank\"><br \/>\n\t\tNeue U-Bahnwagen vorgestellt<\/p>\n<p>\t\t<\/a><\/p>\n<p>Berlin kriegt neue U-Bahnwagen. Verkehrssenatorin Ute Bonde (CDU) hat sie am Freitag bei einer Testfahrt in Friedrichsfelde vorgestellt. Ab Mai soll die neue Baureihe J auf &#8230;<\/p>\n<p class=\"manualteaserroofline\">Hochspannungskabel sichern<\/p>\n<p>\t\t<a href=\"https:\/\/www.rbb-online.de\/abendschau\/videos\/20260213_1930\/strom-netz.html\" class=\"sendeplatz\" rel=\"nofollow noopener\" target=\"_blank\"><br \/>\n\t\tDas Stromnetz sch\u00fctzen<\/p>\n<p>\t\t<\/a><\/p>\n<p>Strom ist immer da. Sechs Wochen nach dem gro\u00dfen Stromausfall haben wir uns schon wieder daran gew\u00f6hnt. F\u00fcr die Mitarbeiter von  Stromnetz Berlin  hingegen hat sich die Lage &#8230;<\/p>\n<p class=\"manualteaserroofline\">Meldungen aus der Hauptstadt <\/p>\n<p>\t\t<a href=\"https:\/\/www.rbb-online.de\/abendschau\/videos\/20260213_1930\/nachrichten.html\" class=\"sendeplatz\" rel=\"nofollow noopener\" target=\"_blank\"><br \/>\n\t\tNachrichten<\/p>\n<p>\t\t<\/a><\/p>\n<p>Personalvertretungen klagen gegen Kultursenatorin +++ Bei der Olympiabewerbung will Berlin auf Strahlkraft setzen +++ B\u00e4ckerei Siebert hat 821 Euro f\u00fcr die Suppenk\u00fcche des &#8230;<\/p>\n<p class=\"manualteaserroofline\">Retrospektive auf der Berlinale<\/p>\n<p>\t\t<a href=\"https:\/\/www.rbb-online.de\/abendschau\/videos\/20260213_1930\/retrospektive-berlinale-lost.html\" class=\"sendeplatz\" rel=\"nofollow noopener\" target=\"_blank\"><br \/>\n\t\tVerloren in den 90ern <\/p>\n<p>\t\t<\/a><\/p>\n<p>&#8222;Lost in the 90s&#8220; ist in diesem Jahr das Motto der Retrospektive auf der  Berlinale . Der Blick zur\u00fcck gilt dieses Mal also nicht dem Werk einer Person, sondern &#8230;<\/p>\n<p class=\"manualteaserroofline\">Veranstaltungshinweise <\/p>\n<p>\t\t<a href=\"https:\/\/www.rbb-online.de\/abendschau\/videos\/20260213_1930\/tipps.html\" class=\"sendeplatz\" rel=\"nofollow noopener\" target=\"_blank\"><br \/>\n\t\tTipps f\u00fcr ein liebevolles Wochenende <\/p>\n<p>\t\t<\/a><\/p>\n<p>&#8222;Love Night&#8220; im Museum f\u00fcr Kommunikation \u2013 mit s\u00fcdamerikanischer Tanzshow, Schnupper-Tanz-Workshop und Silent Disco +++ Das Medizinhistorische Museum der Charit\u00e9 &#8230;<\/p>\n<p class=\"manualteaserroofline\">Endlich!<\/p>\n<p>\t\t<a href=\"https:\/\/www.rbb-online.de\/abendschau\/videos\/20260213_1930\/aufzug-spandau-bahnhof.html\" class=\"sendeplatz\" rel=\"nofollow noopener\" target=\"_blank\"><br \/>\n\t\tNeu: Aufzug im Bahnhof Spandau<\/p>\n<p>\t\t<\/a><\/p>\n<p>Was lange w\u00e4hrt, wird &#8230; weitgehend gut: Knapp drei Jahre lang wurde der Bahnhof Spandau umgebaut, jetzt gibts da endlich einen Aufzug. Zum ersten Mal in seiner Geschichte &#8230;<\/p>\n","protected":false},"excerpt":{"rendered":"weitere Themen der Sendung rbb24 Abendschau vom 13.02.2026 Besserer Schutz f\u00fcr Zugbegleiter +++ Neue U-Bahnwagen vorgestellt +++ Das&hellip;\n","protected":false},"author":2,"featured_media":795948,"comment_status":"","ping_status":"","sticky":false,"template":"","format":"standard","meta":{"footnotes":"","_share_on_mastodon":"0"},"categories":[1825],"tags":[296,29,30],"class_list":["post-795947","post","type-post","status-publish","format-standard","has-post-thumbnail","category-berlin","tag-berlin","tag-deutschland","tag-germany"],"share_on_mastodon":{"url":"https:\/\/pubeurope.com\/@de\/116066691689025585","error":""},"_links":{"self":[{"href":"https:\/\/www.europesays.com\/de\/wp-json\/wp\/v2\/posts\/795947","targetHints":{"allow":["GET"]}}],"collection":[{"href":"https:\/\/www.europesays.com\/de\/wp-json\/wp\/v2\/posts"}],"about":[{"href":"https:\/\/www.europesays.com\/de\/wp-json\/wp\/v2\/types\/post"}],"author":[{"embeddable":true,"href":"https:\/\/www.europesays.com\/de\/wp-json\/wp\/v2\/users\/2"}],"replies":[{"embeddable":true,"href":"https:\/\/www.europesays.com\/de\/wp-json\/wp\/v2\/comments?post=795947"}],"version-history":[{"count":0,"href":"https:\/\/www.europesays.com\/de\/wp-json\/wp\/v2\/posts\/795947\/revisions"}],"wp:featuredmedia":[{"embeddable":true,"href":"https:\/\/www.europesays.com\/de\/wp-json\/wp\/v2\/media\/795948"}],"wp:attachment":[{"href":"https:\/\/www.europesays.com\/de\/wp-json\/wp\/v2\/media?parent=795947"}],"wp:term":[{"taxonomy":"category","embeddable":true,"href":"https:\/\/www.europesays.com\/de\/wp-json\/wp\/v2\/categories?post=795947"},{"taxonomy":"post_tag","embeddable":true,"href":"https:\/\/www.europesays.com\/de\/wp-json\/wp\/v2\/tags?post=795947"}],"curies":[{"name":"wp","href":"https:\/\/api.w.org\/{rel}","templated":true}]}}