{"id":796228,"date":"2026-02-14T05:30:40","date_gmt":"2026-02-14T05:30:40","guid":{"rendered":"https:\/\/www.europesays.com\/de\/796228\/"},"modified":"2026-02-14T05:30:40","modified_gmt":"2026-02-14T05:30:40","slug":"parteien-berliner-gruene-beschliessen-wahlprogramm","status":"publish","type":"post","link":"https:\/\/www.europesays.com\/de\/796228\/","title":{"rendered":"Parteien: Berliner Gr\u00fcne beschlie\u00dfen Wahlprogramm"},"content":{"rendered":"<p class=\"tspCCnp tspCCnq\">Die Berliner Gr\u00fcnen wollen am Wochenende ihr Wahlprogramm f\u00fcr die Berlin-Wahl im September beschlie\u00dfen. Am Samstag startet dazu ein zweit\u00e4giger Parteitag in Neuk\u00f6lln. Im Entwurf f\u00fcr das Programm legt die Partei den Schwerpunkt auf mehr Klimaschutz, bezahlbare Mieten und eine Verkehrswende weg von fossilen Energien.\u00a0<\/p>\n<p class=\"tspCCnp\">Im Programmentwurf findet sich etwa ein \u201eBezahlbare-Mieten-Gesetz\u201c: Dort plant die Partei unter anderem, Vermietern ab 50 Wohnungen vorzuschreiben, einen bestimmten Anteil davon zu \u201ebezahlbaren Preisen\u201c anzubieten. Eine Randbebauung des Tempelhofer Felds lehnen die Gr\u00fcnen ab. Stattdessen fordern sie neben Neubau auf anderen Arealen ein F\u00f6rderprogramm zur Umnutzung von B\u00fcrofl\u00e4chen in Wohnungen.\u00a0<\/p>\n<p class=\"tspCCnp\">Eine Solarpflicht auf \u00f6ffentlichen Geb\u00e4uden wollen die Gr\u00fcnen verbunden mit einem konkreten Zeitplan umsetzen. Sie fordern auch einen Ausbau des \u00d6PNV und sicherere Radwege. Berliner Sch\u00fclern, Jugendlichen im Freiwilligendienst und Menschen mit weniger Geld wollen sie mit Hilfe eines neuen \u201eKlimatickets\u201c mehr Mobilit\u00e4t erm\u00f6glichen. Es soll wie das Deutschland-Ticket bundesweit gelten und f\u00fcr Sch\u00fcler sowie junge Freiwillige kostenlos sein. Menschen, die Sozialleistungen beziehen, sollen monatlich 9 Euro zahlen, bisher kostet das Sozialticket 27,50 Euro pro Monat.<\/p>\n<p class=\"tspCCnp\">\u00a9 dpa-infocom, dpa:260214-930-685485\/1<\/p>\n<p class=\"tspCCnp\">Das ist eine Nachricht direkt aus dem dpa-Newskanal.<\/p>\n","protected":false},"excerpt":{"rendered":"Die Berliner Gr\u00fcnen wollen am Wochenende ihr Wahlprogramm f\u00fcr die Berlin-Wahl im September beschlie\u00dfen. Am Samstag startet dazu&hellip;\n","protected":false},"author":2,"featured_media":796229,"comment_status":"","ping_status":"","sticky":false,"template":"","format":"standard","meta":{"footnotes":"","_share_on_mastodon":"0"},"categories":[1825],"tags":[296,29,30],"class_list":["post-796228","post","type-post","status-publish","format-standard","has-post-thumbnail","category-berlin","tag-berlin","tag-deutschland","tag-germany"],"share_on_mastodon":{"url":"https:\/\/pubeurope.com\/@de\/116067344506236713","error":""},"_links":{"self":[{"href":"https:\/\/www.europesays.com\/de\/wp-json\/wp\/v2\/posts\/796228","targetHints":{"allow":["GET"]}}],"collection":[{"href":"https:\/\/www.europesays.com\/de\/wp-json\/wp\/v2\/posts"}],"about":[{"href":"https:\/\/www.europesays.com\/de\/wp-json\/wp\/v2\/types\/post"}],"author":[{"embeddable":true,"href":"https:\/\/www.europesays.com\/de\/wp-json\/wp\/v2\/users\/2"}],"replies":[{"embeddable":true,"href":"https:\/\/www.europesays.com\/de\/wp-json\/wp\/v2\/comments?post=796228"}],"version-history":[{"count":0,"href":"https:\/\/www.europesays.com\/de\/wp-json\/wp\/v2\/posts\/796228\/revisions"}],"wp:featuredmedia":[{"embeddable":true,"href":"https:\/\/www.europesays.com\/de\/wp-json\/wp\/v2\/media\/796229"}],"wp:attachment":[{"href":"https:\/\/www.europesays.com\/de\/wp-json\/wp\/v2\/media?parent=796228"}],"wp:term":[{"taxonomy":"category","embeddable":true,"href":"https:\/\/www.europesays.com\/de\/wp-json\/wp\/v2\/categories?post=796228"},{"taxonomy":"post_tag","embeddable":true,"href":"https:\/\/www.europesays.com\/de\/wp-json\/wp\/v2\/tags?post=796228"}],"curies":[{"name":"wp","href":"https:\/\/api.w.org\/{rel}","templated":true}]}}