{"id":796269,"date":"2026-02-14T05:58:19","date_gmt":"2026-02-14T05:58:19","guid":{"rendered":"https:\/\/www.europesays.com\/de\/796269\/"},"modified":"2026-02-14T05:58:19","modified_gmt":"2026-02-14T05:58:19","slug":"29-neue-gefoerderte-mietwohnungen-land-uebergibt-foerderbescheid-an-palatina-wohnen-metropoljournal-com","status":"publish","type":"post","link":"https:\/\/www.europesays.com\/de\/796269\/","title":{"rendered":"29 neue gef\u00f6rderte Mietwohnungen \u2013 Land \u00fcbergibt F\u00f6rderbescheid an Palatina Wohnen \u2013 Metropoljournal.com"},"content":{"rendered":"<p style=\"text-align: center; font-style: italic; color: #555; font-size: 1.2rem; margin-bottom: 2rem;\">Am 13. Februar 2026 wurde in Ludwigshafen der F\u00f6rderbescheid f\u00fcr 29 bezahlbare Mietwohnungen \u00fcbergeben. Das Land unterst\u00fctzt das Projekt mit ISB-Darlehen und Tilgungszusch\u00fcssen.<\/p>\n<p>&#13;<\/p>\n<p>Das Land Rheinland-Pfalz f\u00f6rdert mit Unterst\u00fctzung von Bundesmitteln den Neubau von 29 bezahlbaren Mietwohnungen in Ludwigshafen. Die Palatina Wohnen GmbH erh\u00e4lt hierf\u00fcr Darlehen der Investitions- und Strukturbank Rheinland-Pfalz in H\u00f6he von rund 6,4 Millionen Euro sowie Tilgungszusch\u00fcsse in H\u00f6he von rund 2,9 Millionen Euro.<\/p>\n<p>&#13;<\/p>\n<p>Ministerpr\u00e4sident Alexander Schweitzer \u00fcberreichte gemeinsam mit ISB-Vorstandsmitglied Dr. Ulrich Link den F\u00f6rderbescheid an Sebastian B\u00e4umler, Elisabeth B\u00e4umler-Vivell und Frank Wolf, Investoren der Palatina Wohnen GmbH.<\/p>\n<p>&#13;<br \/>\nBarrierefrei und nachhaltig geplant&#13;<\/p>\n<p>Im Rahmen des Bauvorhabens Am Weidenschlag entstehen insgesamt 29 Wohnungen, davon 25 mit barrierefreiem Zugang. Die Belegungs- und Mietbindungen f\u00fcr Haushalte mit geringen Einkommen gelten f\u00fcr einen Zeitraum von 30 Jahren. Das Projekt setzt auf erneuerbare Energien und eine nachhaltige Bauweise.<\/p>\n<p>&#13;<\/p>\n<p>Ministerpr\u00e4sident Alexander Schweitzer betonte, dass sich in Rheinland-Pfalz alle Menschen ein lebenswertes Zuhause leisten k\u00f6nnen sollen. Die Landesregierung setze sich f\u00fcr die Schaffung und Erhaltung von bezahlbarem Wohnraum ein und biete gemeinsam mit der ISB ein breites Spektrum an F\u00f6rderprogrammen an. Mit dem F\u00f6rderdarlehen von rund 6,4 Millionen Euro und den Tilgungszusch\u00fcssen von rund 2,9 Millionen Euro k\u00f6nnten 29 nachhaltige und teilweise vollst\u00e4ndig barrierefreie Mietwohnungen entstehen. Er w\u00fcnsche dem Bau einen guten Verlauf und freue sich auf das Endergebnis.<\/p>\n<p>&#13;<\/p>\n<p>Die Investoren Sebastian B\u00e4umler, Elisabeth B\u00e4umler-Vivell und Frank Wolf erkl\u00e4rten, es sei ihnen eine Herzensangelegenheit, bezahlbaren, klimagerechten und inklusiven Wohnraum f\u00fcr Ludwigshafen zu schaffen. Sie dankten der ISB f\u00fcr die F\u00f6rderung.<\/p>\n<p>&#13;<\/p>\n<p>B\u00fcrgermeister und K\u00e4mmerer Andreas Schwarz unterstrich, dass der Wohnungsbau eine zentrale Zukunftsaufgabe f\u00fcr Ludwigshafen sei. Bezahlbarer Wohnraum bilde die Grundlage f\u00fcr soziale Stabilit\u00e4t, Chancengleichheit und die Attraktivit\u00e4t des Standortes. Projekte wie dieses st\u00e4rkten Stadtteile, f\u00f6rderten Durchmischung und schafften Perspektiven f\u00fcr viele Menschen. Die symbolische Bescheid\u00fcbergabe stehe f\u00fcr gemeinsame Verantwortung und das Ziel, gutes Wohnen f\u00fcr breite Bev\u00f6lkerungsschichten zu erm\u00f6glichen.<\/p>\n<p>&#13;<\/p>\n<p>ISB-Vorstandsmitglied Dr. Ulrich Link erkl\u00e4rte, mit der F\u00f6rderung werde in Ludwigshafen dringend ben\u00f6tigter bezahlbarer und klimagerechter Wohnraum geschaffen und zugleich die Lebensqualit\u00e4t vor Ort gest\u00e4rkt. Durch die F\u00f6rderung k\u00f6nne der Wohnraum zu einer Miete von 7,45 Euro f\u00fcr Haushalte mit geringem Einkommen angeboten werden.<\/p>\n<p>&#13;<\/p>\n<p>Bild: F\u00f6rderbescheid\u00fcbergabe Palatina \u2013 Ministerpr\u00e4sident Schweitzer \u00fcberreicht den Bescheid an die Palatina Wohnen GmbH. Bildquelle: Kristina Rogo\u00df\/ISB.<\/p>\n<p>&#13;<\/p>\n","protected":false},"excerpt":{"rendered":"Am 13. Februar 2026 wurde in Ludwigshafen der F\u00f6rderbescheid f\u00fcr 29 bezahlbare Mietwohnungen \u00fcbergeben. Das Land unterst\u00fctzt das&hellip;\n","protected":false},"author":2,"featured_media":796270,"comment_status":"","ping_status":"","sticky":false,"template":"","format":"standard","meta":{"footnotes":"","_share_on_mastodon":"0"},"categories":[1845],"tags":[1634,3364,29,548,663,3934,30,13,2096,14,15,12],"class_list":["post-796269","post","type-post","status-publish","format-standard","has-post-thumbnail","category-mannheim","tag-baden-wuerttemberg","tag-de","tag-deutschland","tag-eu","tag-europa","tag-europe","tag-germany","tag-headlines","tag-mannheim","tag-nachrichten","tag-news","tag-schlagzeilen"],"share_on_mastodon":{"url":"https:\/\/pubeurope.com\/@de\/116067454472353524","error":""},"_links":{"self":[{"href":"https:\/\/www.europesays.com\/de\/wp-json\/wp\/v2\/posts\/796269","targetHints":{"allow":["GET"]}}],"collection":[{"href":"https:\/\/www.europesays.com\/de\/wp-json\/wp\/v2\/posts"}],"about":[{"href":"https:\/\/www.europesays.com\/de\/wp-json\/wp\/v2\/types\/post"}],"author":[{"embeddable":true,"href":"https:\/\/www.europesays.com\/de\/wp-json\/wp\/v2\/users\/2"}],"replies":[{"embeddable":true,"href":"https:\/\/www.europesays.com\/de\/wp-json\/wp\/v2\/comments?post=796269"}],"version-history":[{"count":0,"href":"https:\/\/www.europesays.com\/de\/wp-json\/wp\/v2\/posts\/796269\/revisions"}],"wp:featuredmedia":[{"embeddable":true,"href":"https:\/\/www.europesays.com\/de\/wp-json\/wp\/v2\/media\/796270"}],"wp:attachment":[{"href":"https:\/\/www.europesays.com\/de\/wp-json\/wp\/v2\/media?parent=796269"}],"wp:term":[{"taxonomy":"category","embeddable":true,"href":"https:\/\/www.europesays.com\/de\/wp-json\/wp\/v2\/categories?post=796269"},{"taxonomy":"post_tag","embeddable":true,"href":"https:\/\/www.europesays.com\/de\/wp-json\/wp\/v2\/tags?post=796269"}],"curies":[{"name":"wp","href":"https:\/\/api.w.org\/{rel}","templated":true}]}}