{"id":796377,"date":"2026-02-14T06:59:14","date_gmt":"2026-02-14T06:59:14","guid":{"rendered":"https:\/\/www.europesays.com\/de\/796377\/"},"modified":"2026-02-14T06:59:14","modified_gmt":"2026-02-14T06:59:14","slug":"darum-gingen-angelo-kellys-kinder-nicht-zur-schule","status":"publish","type":"post","link":"https:\/\/www.europesays.com\/de\/796377\/","title":{"rendered":"Darum gingen Angelo Kellys Kinder nicht zur Schule"},"content":{"rendered":"<ol class=\"id-DonaldBreadcrumb lp_west_breadcrumb id-DonaldBreadcrumb--default\" data-k5a-pos=\"west_breadcrumb\">\n<li class=\"id-Breadcrumb-item\"><a href=\"https:\/\/www.kreiszeitung.de\/\" class=\"id-Breadcrumb-link\" data-id-ec=\"{\" shn=\"\" textlink=\"\" data-k5a-pos=\"1_startseite\" rel=\"nofollow noopener\" target=\"_blank\">Startseite<\/a><\/li>\n<li class=\"id-Breadcrumb-item\"><a href=\"https:\/\/www.kreiszeitung.de\/boulevard\/\" class=\"id-Breadcrumb-link\" data-id-ec=\"{\" shn=\"\" textlink=\"\" tv=\"\" data-k5a-pos=\"2_starsTv\" rel=\"nofollow noopener\" target=\"_blank\">Stars &amp; TV<\/a><\/li>\n<\/ol>\n<p class=\"id-Story-timestamp id-Story-timestamp--default\">Stand: 13.02.2026, 21:03 Uhr<\/p>\n<p class=\"id-Story-interactionBar id-Story-interactionBar--default\">DruckenTeilen<\/p>\n<p class=\"id-StoryElement-leadText\">F\u00fcnf gemeinsame Kinder hat Angelo Kelly mit seiner Ehefrau Kira. Wie er selbst mussten auch seine Spr\u00f6sslinge auf eine klassische Schulbildung verzichten. Das ist der Grund daf\u00fcr.<\/p>\n<p class=\"id-StoryElement-paragraph\">K\u00f6ln \u2013\u00a0H\u00e4tte Dan Kelly keine Skepsis gegen\u00fcber dem American Way of Life und dem US-amerikanischen Schulsystem gehegt, h\u00e4tte es eines der gr\u00f6\u00dften deutschen Pop-Ph\u00e4nomene der 90-er vermutlich nie gegeben: Dan entschied sich, die Vereinigten Staaten zu verlassen, bevor sein \u00e4ltestes Kind ins schulpflichtige Alter kam. Das war bereits in den 1960-ern.<\/p>\n<p><img decoding=\"async\" class=\"id-RatioPlaceholder-element wv_story_el_image\" src=\"https:\/\/www.europesays.com\/de\/wp-content\/uploads\/2026\/02\/41483628-angelo-kelly-family-die-familienband-angelo-kelly-family-hier-bei-einem-tv-auftritt-im-jahr.jpeg\" loading=\"lazy\"   height=\"732\" width=\"1100\" alt=\"Angelo Kelly &amp; Family - Die Familienband Angelo Kelly &amp; Family, hier bei einem TV-Auftritt im Jahr 2015, hat sich 2022 aufgel&#xF6;st.\"\/>Die Familienband Angelo Kelly &amp; Family, hier bei einem TV-Auftritt im Jahr 2015, hat sich 2022 aufgel\u00f6st. \u00a9\u00a02015 Getty Images\/Lennart Preiss<\/p>\n<p class=\"id-StoryElement-paragraph\">Mit Stra\u00dfenkonzerten und Tontr\u00e4ger-Ver\u00f6ffentlichungen erspielte sich die musizierende Familie ab den 80er-Jahren einen h\u00f6heren Bekanntheitsgrad, vor allem in Deutschland, Belgien und den Niederlanden. 1994 folgte dann der gro\u00dfe Durchbruch: Die \u201eBravo\u201c berichtete 1993 \u00fcber die Kellys, die nun ein Geschwister-Act waren. Ihr Album \u201eWow\u201c verkaufte sich\u00a0\u2013\u00a0 ausschlie\u00dflich im Stra\u00dfenverkauf \u2013\u00a0gut, die Single \u201eKey To My Heart\u201c brachte ihnen eine Einladung in die \u201eBravo Super Show\u201c ein. 1994 erschien dann das Album \u201eOver The Hump\u201c, das in Deutschland, \u00d6sterreich und der Schweiz den ersten Platz der Charts erreichte.<\/p>\n<p>Die Kinder sind der Band entwachsen<\/p>\n<p class=\"id-StoryElement-paragraph\">F\u00fcr regul\u00e4ren Schulunterricht war in dieser turbulenten Phase ohnehin keine Zeit. Auch Paddy und Angelo Kelly, die schnell zu den gr\u00f6\u00dften Stars der Familie avancierten, erhielten keine klassische Schulbildung, sondern wurde von anderen Mitgliedern der Familie unterrichtet.<\/p>\n<p class=\"id-StoryElement-paragraph\">Als Angelo Kelly, der heute 44 Jahre alt ist und am Freitag, 13. Februar, sein neues Album \u201eAlive\u201c ver\u00f6ffentlicht, selbst eine musikalisch aktive Familie hatte, trat er in Sachen Bildung seines Nachwuchses in die Fu\u00dfstapfen seines Vaters. Ab 2010 werden oder wurden die f\u00fcnf Kinder von Mutter Kira zu Hause unterrichtet. Ein regul\u00e4rer Schulbesuch w\u00fcrde sich mit dem Vagabundenleben der Familie nicht vertragen, wie Angelo schon 2017 der Neuen Post erkl\u00e4rte.<\/p>\n<p>Maite Kelly, Giovanni Zarrella und Co.: Diese Schlagerstars waren schon bei \u201eLet\u2019s Dance\u201c<img decoding=\"async\" class=\"id-RatioPlaceholder-element wv_story_el_interstitialImage\" src=\"https:\/\/www.europesays.com\/de\/wp-content\/uploads\/2026\/02\/38036824-maite-kelly-michelle-und-giovanni-zarrella-bei-let-dance-cfe.jpg\" loading=\"lazy\"   height=\"1350\" width=\"2400\" alt=\"Maite Kelly, Michelle und Giovanni Zarrella bei &#x201E;Let&#x2018;s Dance&#x201C;\"\/><a href=\"https:\/\/www.kreiszeitung.de\/boulevard\/schlagerstars-waren-schon-bei-let-dance-maite-kelly-giovanni-zarrella-und-co-diese-zr-93720570.html\" class=\"id-StoryElement-intestitialLink-link\" data-id-ec=\"{\" shn=\"\" ansehen=\"\" data-k5a-pos=\"west_story_15_photoGalleryLink\" title=\"Zur Fotostrecke: Maite Kelly, Giovanni Zarrella und Co.: Diese Schlagerstars waren schon bei &#x201E;Let&#x2019;s Dance&#x201C;\" rel=\"nofollow noopener\" target=\"_blank\">Fotostrecke ansehen<\/a><\/p>\n<p class=\"id-StoryElement-paragraph\">Gabriel, Helen und Emma Kelly, die \u00e4ltesten Kinder von Angelo und Kira, haben das Schulalter inzwischen ohnehin hinter sich. Das Aufwachsen der Kinder bedeutete auch das Ende des gemeinsamen Musizierens: 2022 gab Angelo die Aufl\u00f6sung der Familienband bekannt. Sohn Gabriel ist inzwischen selbst als Musiker erfolgreich. 2024 gewann er au\u00dferdem die Tanzshow \u201eLet&#8217;s Dance\u201c. (Dieser Artikel entstand in Kooperation mit <a href=\"https:\/\/www.msn.com\/de-de\/channel\/source\/community-redirect\/sr-vid-evq0jvu0umaanewkxwdxtkiq64r0mq42s4rv6qwj4vyxnnw7qk5s?cvid=48993fa8c8b243f8be3fed6328a59d47&amp;ei=15\" class=\"id-import-Link id-pageApi-Link--externalDomain\" data-id-ec=\"{&quot;sht&quot;:&quot;Container&quot;,&quot;shn&quot;:&quot;Story&quot;,&quot;p&quot;:{&quot;containerType&quot;:&quot;Paragraph&quot;,&quot;displayType&quot;:&quot;Paragraph InlineLink&quot;,&quot;type&quot;:&quot;INLINE_LINK&quot;,&quot;value&quot;:&quot;teleschau&quot;,&quot;variant&quot;:&quot;standardLink&quot;,&quot;sponsored&quot;:false,&quot;linkHref&quot;:&quot;https:\/\/www.msn.com\/de-de\/channel\/source\/community-redirect\/sr-vid-evq0jvu0umaanewkxwdxtkiq64r0mq42s4rv6qwj4vyxnnw7qk5s?cvid=48993fa8c8b243f8be3fed6328a59d47&amp;ei=15&quot;,&quot;storyElementPosition&quot;:17,&quot;storyElementCount&quot;:17}}\" rel=\"nofollow noopener\" target=\"_blank\">teleschau<\/a>.)<\/p>\n","protected":false},"excerpt":{"rendered":"Startseite Stars &amp; TV Stand: 13.02.2026, 21:03 Uhr DruckenTeilen F\u00fcnf gemeinsame Kinder hat Angelo Kelly mit seiner Ehefrau&hellip;\n","protected":false},"author":2,"featured_media":796378,"comment_status":"","ping_status":"","sticky":false,"template":"","format":"standard","meta":{"footnotes":"","_share_on_mastodon":"0"},"categories":[1772],"tags":[29,214,30,1779,810,215],"class_list":["post-796377","post","type-post","status-publish","format-standard","has-post-thumbnail","category-musik","tag-deutschland","tag-entertainment","tag-germany","tag-music","tag-musik","tag-unterhaltung"],"share_on_mastodon":{"url":"https:\/\/pubeurope.com\/@de\/116067694516512312","error":""},"_links":{"self":[{"href":"https:\/\/www.europesays.com\/de\/wp-json\/wp\/v2\/posts\/796377","targetHints":{"allow":["GET"]}}],"collection":[{"href":"https:\/\/www.europesays.com\/de\/wp-json\/wp\/v2\/posts"}],"about":[{"href":"https:\/\/www.europesays.com\/de\/wp-json\/wp\/v2\/types\/post"}],"author":[{"embeddable":true,"href":"https:\/\/www.europesays.com\/de\/wp-json\/wp\/v2\/users\/2"}],"replies":[{"embeddable":true,"href":"https:\/\/www.europesays.com\/de\/wp-json\/wp\/v2\/comments?post=796377"}],"version-history":[{"count":0,"href":"https:\/\/www.europesays.com\/de\/wp-json\/wp\/v2\/posts\/796377\/revisions"}],"wp:featuredmedia":[{"embeddable":true,"href":"https:\/\/www.europesays.com\/de\/wp-json\/wp\/v2\/media\/796378"}],"wp:attachment":[{"href":"https:\/\/www.europesays.com\/de\/wp-json\/wp\/v2\/media?parent=796377"}],"wp:term":[{"taxonomy":"category","embeddable":true,"href":"https:\/\/www.europesays.com\/de\/wp-json\/wp\/v2\/categories?post=796377"},{"taxonomy":"post_tag","embeddable":true,"href":"https:\/\/www.europesays.com\/de\/wp-json\/wp\/v2\/tags?post=796377"}],"curies":[{"name":"wp","href":"https:\/\/api.w.org\/{rel}","templated":true}]}}