{"id":796398,"date":"2026-02-14T07:10:11","date_gmt":"2026-02-14T07:10:11","guid":{"rendered":"https:\/\/www.europesays.com\/de\/796398\/"},"modified":"2026-02-14T07:10:11","modified_gmt":"2026-02-14T07:10:11","slug":"herzogenrath-beharrt-krankenkassen-sollen-fehleinsaetze-im-rettungsdienst-zahlen","status":"publish","type":"post","link":"https:\/\/www.europesays.com\/de\/796398\/","title":{"rendered":"Herzogenrath beharrt: Krankenkassen sollen &#8222;Fehleins\u00e4tze&#8220; im Rettungsdienst zahlen"},"content":{"rendered":"<p class=\"Paragraph_paragraph__r62CB Paragraph_paragraph--default-lg-default__F7CB0 articleParagraph\">Bekanntlich im Clinch ist die Stadt Herzogenrath mit den gesetzlichen Krankenkassen hinsichtlich der Finanzierung sogenannter Fehleins\u00e4tze im Rettungsdienst. Als \u201eFehleins\u00e4tze\u201c werten die Krankenkassen alle Eins\u00e4tze ohne Transport ins Krankenhaus. Diese Kosten daf\u00fcr \u00fcbernehmen sie seit Ende 2024 nicht mehr, berufen sich stattdessen darauf, dass nur Transportkosten erstattungsf\u00e4hig seien.<\/p>\n<p class=\"Paragraph_paragraph__r62CB Paragraph_paragraph--default-lg-default__F7CB0 articleParagraph\">Jetzt bezieht B\u00fcrgermeister Benjamin Fadavian nochmal Stellung: \u201eDie finanzielle Tragweite ist erheblich\u201c, f\u00fchrt er vor Augen: Die Fehleinsatzquote liege aktuell bei rund 25 Prozent. Bei 5000 kalkulierten Eins\u00e4tzen pro Jahr w\u00e4ren somit rund 1250 Eins\u00e4tze nicht refinanziert. Das entspr\u00e4che einer j\u00e4hrlichen Belastung von etwa 1,5 Millionen Euro. Das Fazit, so Fadavian: \u201eW\u00fcrde die Stadt der Forderung der Krankenkassen folgen, w\u00e4re ein kostendeckender Betrieb des Rettungsdienstes nicht mehr m\u00f6glich.\u201c<\/p>\n<p>Auch ein Rettungseinsatz vor Ort ist eine Leistung: B\u00fcrgermeister Benjamin Fadavian (M.) mit dem Leiter der Feuerwehr, Carsten Sch\u00fctte, und der Besatzung eines Rettungswagens. \u00a0Foto: Yannik Wimmers\/Stadt Herzogenrath<\/p>\n<p>Keine Rechnung an Versicherte<\/p>\n<p class=\"Paragraph_paragraph__r62CB Paragraph_paragraph--default-lg-default__F7CB0 articleParagraph\">Weswegen die Stadt sich klar gegen die Rechtsaufassung der Krankenkassen stemmt: Nach dem Rettungsgesetz NRW sowie dem Kommunalabgabengesetz NRW seien auch \u201eFehleins\u00e4tze\u201c ansatzf\u00e4hige Kosten und m\u00fcssten in eine kostendeckende Geb\u00fchrenkalkulation einflie\u00dfen. Die Geb\u00fchren w\u00fcrden per Satzung auf Grundlage des Landesrechts festgelegt. Eine entsprechende Neufassung der Satzung f\u00fcr die Stadt Herzogenrath ist zum 1. Januar 2026 in Kraft getreten. Die Kosten f\u00fcr Fehleins\u00e4tze sind Bestandteil der Gesamtkalkulation und spiegeln sich anteilig in den Transportgeb\u00fchren wider. <\/p>\n<p class=\"Paragraph_paragraph__r62CB Paragraph_paragraph--default-lg-default__F7CB0 articleParagraph\">Die Stadt Herzogenrath sei gesetzlich verpflichtet, den Rettungsdienst kostendeckend zu betreiben. Dabei sei sie nicht bereit, die entstehenden Mehrkosten aus dem st\u00e4dtischen Haushalt zu finanzieren und somit an die B\u00fcrgerinnen und B\u00fcrger der Stadt weiterzugeben. <\/p>\n<p class=\"Paragraph_paragraph__r62CB Paragraph_paragraph--default-lg-default__F7CB0 articleParagraph\">Eine direkte Rechnungsstellung der Stadt gegen\u00fcber den Versicherten gesetzlicher Krankenkassen, wie sie in einigen Kommunen diskutiert w\u00fcrden, will der B\u00fcrgermeister vermeiden. \u201eDass Rettungsdienstfahrten aus eigener Tasche finanziert werden m\u00fcssen, kann nicht der Anspruch der gesetzlichen Krankenkassen gegen\u00fcber ihren Versicherten sein\u201c, mahnt er. Die Stadt befinde sich weiterhin in Verhandlungen, will aber an ihrer Rechtsauffassung festhalten.<\/p>\n<p><a href=\"https:\/\/www.aachener-zeitung.de\/lokales\/region-aachen\/herzogenrath\/wenn-die-arbeit-des-oertlichen-rettungsdienstes-zum-fehleinsatz-degradiert-wird\/121127588.html\" class=\"RelatedTeaser_related-teaser__Jh6Ro RelatedTeaser_related-teaser--image__KQW2t read-more_withImage__1YJa_\" data-article-id=\"121127588\" rel=\"nofollow noopener\" target=\"_blank\"><\/p>\n<p>Lesen Sie auch:Wenn die Arbeit des \u00f6rtlichen Rettungsdienstes zum \u201eFehleinsatz\u201c degradiert wird<\/p>\n<p><\/a><\/p>\n","protected":false},"excerpt":{"rendered":"Bekanntlich im Clinch ist die Stadt Herzogenrath mit den gesetzlichen Krankenkassen hinsichtlich der Finanzierung sogenannter Fehleins\u00e4tze im Rettungsdienst.&hellip;\n","protected":false},"author":2,"featured_media":796399,"comment_status":"","ping_status":"","sticky":false,"template":"","format":"standard","meta":{"footnotes":"","_share_on_mastodon":"0"},"categories":[1853],"tags":[1424,3364,29,548,663,3934,30,13,14,15,1209,12],"class_list":["post-796398","post","type-post","status-publish","format-standard","has-post-thumbnail","category-aachen","tag-aachen","tag-de","tag-deutschland","tag-eu","tag-europa","tag-europe","tag-germany","tag-headlines","tag-nachrichten","tag-news","tag-nordrhein-westfalen","tag-schlagzeilen"],"share_on_mastodon":{"url":"https:\/\/pubeurope.com\/@de\/116067737683128756","error":""},"_links":{"self":[{"href":"https:\/\/www.europesays.com\/de\/wp-json\/wp\/v2\/posts\/796398","targetHints":{"allow":["GET"]}}],"collection":[{"href":"https:\/\/www.europesays.com\/de\/wp-json\/wp\/v2\/posts"}],"about":[{"href":"https:\/\/www.europesays.com\/de\/wp-json\/wp\/v2\/types\/post"}],"author":[{"embeddable":true,"href":"https:\/\/www.europesays.com\/de\/wp-json\/wp\/v2\/users\/2"}],"replies":[{"embeddable":true,"href":"https:\/\/www.europesays.com\/de\/wp-json\/wp\/v2\/comments?post=796398"}],"version-history":[{"count":0,"href":"https:\/\/www.europesays.com\/de\/wp-json\/wp\/v2\/posts\/796398\/revisions"}],"wp:featuredmedia":[{"embeddable":true,"href":"https:\/\/www.europesays.com\/de\/wp-json\/wp\/v2\/media\/796399"}],"wp:attachment":[{"href":"https:\/\/www.europesays.com\/de\/wp-json\/wp\/v2\/media?parent=796398"}],"wp:term":[{"taxonomy":"category","embeddable":true,"href":"https:\/\/www.europesays.com\/de\/wp-json\/wp\/v2\/categories?post=796398"},{"taxonomy":"post_tag","embeddable":true,"href":"https:\/\/www.europesays.com\/de\/wp-json\/wp\/v2\/tags?post=796398"}],"curies":[{"name":"wp","href":"https:\/\/api.w.org\/{rel}","templated":true}]}}