{"id":796833,"date":"2026-02-14T11:11:24","date_gmt":"2026-02-14T11:11:24","guid":{"rendered":"https:\/\/www.europesays.com\/de\/796833\/"},"modified":"2026-02-14T11:11:24","modified_gmt":"2026-02-14T11:11:24","slug":"rubio-sagt-treffen-zur-ukraine-ab","status":"publish","type":"post","link":"https:\/\/www.europesays.com\/de\/796833\/","title":{"rendered":"Rubio sagt Treffen zur Ukraine ab"},"content":{"rendered":"<p class=\"text-18 leading-17 user-text-lg:text-22 user-text-xl:text-24\">Das Konzert ist Teil eines US-ukrainischen Solidarit\u00e4tsprojekts. In den kommenden Wochen solle es weitere Auftritte geben, sagte eine der Organisatorinnen, Tetiana Marosowa.<\/p>\n<p class=\"text-18 leading-17 user-text-lg:text-22 user-text-xl:text-24\">Der ukrainische Pr\u00e4sident <a class=\"transition-colors duration-200 cursor-pointer text-inherit no-underline text-salemsfur md:hover:text-magenta md:hover:border-magenta md:focus:text-magenta border-current border-b border-solid break-words\" href=\"https:\/\/www.t-online.de\/themen\/wolodymyr-selenskyj\/\" data-sctrack=\"BodyAnchor\" rel=\"nofollow noopener\" target=\"_blank\">Wolodymyr Selenskyj<\/a> hat russischen Forderungen nach einer Preisgabe des Donbass erneut eine klare Absage erteilt. Er begr\u00fcndete dies mit den etwa 200.000 Ukrainern, die noch in den von <a class=\"transition-colors duration-200 cursor-pointer text-inherit no-underline text-salemsfur md:hover:text-magenta md:hover:border-magenta md:focus:text-magenta border-current border-b border-solid break-words\" href=\"https:\/\/www.t-online.de\/themen\/kiew\/\" data-sctrack=\"BodyAnchor\" rel=\"nofollow noopener\" target=\"_blank\">Kiew<\/a> kontrollierten Teilen der Gebiete Donezk und Luhansk leben.<\/p>\n<p class=\"text-18 leading-17 user-text-lg:text-22 user-text-xl:text-24\">&#8222;Ich soll zu ihnen gehen, in jede Wohnung, klopfen und sagen: Schau mal, eine gro\u00dfartige Idee! Vergiss dein Haus, vergiss alles, deine Verwandten, verlass dein Haus, denn das ist die gro\u00dfartige Idee der gro\u00dfen Bosse&#8220;, sagte Selenskyj bei einer Veranstaltung des Nachrichtenportals &#8222;Politico&#8220; auf der M\u00fcnchner Sicherheitskonferenz.<\/p>\n<p class=\"text-18 leading-17 user-text-lg:text-22 user-text-xl:text-24\">Nato-Generalsekret\u00e4r Mark Rutte hat das Tempo des russischen Vormarsches in der Ukraine mit dem einer Gartenschnecke verglichen. &#8222;Dieser sogenannte russische B\u00e4r existiert nicht&#8220;, sagte er bei der M\u00fcnchner Sicherheitskonferenz. &#8222;Unterm Strich bewegt sich das kaum schneller als eine Gartenschnecke.&#8220;<\/p>\n<p class=\"text-18 leading-17 user-text-lg:text-22 user-text-xl:text-24\">Rutte verwies zudem auf die enormen Verluste der russischen Streitkr\u00e4fte im Angriffskrieg. Allein im Dezember seien 35.000 russische Soldaten gefallen, im Januar ebenfalls 30.000. &#8222;Das sind die Fakten. Deshalb m\u00fcssen wir die Ukraine stark halten, denn wir sehen, dass sie unsere Unterst\u00fctzung bestm\u00f6glich nutzt&#8220;, sagte er. Er wolle bei der M\u00fcnchner Sicherheitskonferenz klarmachen, dass die Russen nicht gewinnen, wie manche denken w\u00fcrden.<\/p>\n","protected":false},"excerpt":{"rendered":"Das Konzert ist Teil eines US-ukrainischen Solidarit\u00e4tsprojekts. In den kommenden Wochen solle es weitere Auftritte geben, sagte eine&hellip;\n","protected":false},"author":2,"featured_media":796834,"comment_status":"","ping_status":"","sticky":false,"template":"","format":"standard","meta":{"footnotes":"","_share_on_mastodon":"0"},"categories":[3],"tags":[1217,326,6079,25995,6010,1179,179396,227,29,106,49674,6077,548,942,23012,646,37303,13,179316,178599,355,5793,669,409,4543,1268,3187,14,1159,15,11317,1614,307,12,184,10,8,9,11,317,312,83550,103,89548,107,104],"class_list":["post-796833","post","type-post","status-publish","format-standard","has-post-thumbnail","category-welt","tag-1217","tag-326","tag-6079","tag-andrij-sybiha","tag-belgorod","tag-boris-pistorius","tag-cas","tag-china","tag-deutschland","tag-donald-trump","tag-donezbecken","tag-donezk","tag-eu","tag-eu-kommission","tag-financial-times","tag-finnland","tag-genf","tag-headlines","tag-herman-makarenko","tag-internationaler-sportgerichtshof","tag-italien","tag-kiew","tag-krise","tag-marco-rubio","tag-mark-rutte","tag-muenchen","tag-muenchner-sicherheitskonferenz","tag-nachrichten","tag-nato","tag-news","tag-olympische-winterspiele","tag-peking","tag-russland","tag-schlagzeilen","tag-spd","tag-top-news","tag-top-meldungen","tag-topmeldungen","tag-topnews","tag-ukraine","tag-ukrainekrieg","tag-wang","tag-welt","tag-wjatscheslaw-gladkow","tag-wolodymyr-selenskyj","tag-world"],"share_on_mastodon":{"url":"","error":"Validation failed: Text character limit of 500 exceeded"},"_links":{"self":[{"href":"https:\/\/www.europesays.com\/de\/wp-json\/wp\/v2\/posts\/796833","targetHints":{"allow":["GET"]}}],"collection":[{"href":"https:\/\/www.europesays.com\/de\/wp-json\/wp\/v2\/posts"}],"about":[{"href":"https:\/\/www.europesays.com\/de\/wp-json\/wp\/v2\/types\/post"}],"author":[{"embeddable":true,"href":"https:\/\/www.europesays.com\/de\/wp-json\/wp\/v2\/users\/2"}],"replies":[{"embeddable":true,"href":"https:\/\/www.europesays.com\/de\/wp-json\/wp\/v2\/comments?post=796833"}],"version-history":[{"count":0,"href":"https:\/\/www.europesays.com\/de\/wp-json\/wp\/v2\/posts\/796833\/revisions"}],"wp:featuredmedia":[{"embeddable":true,"href":"https:\/\/www.europesays.com\/de\/wp-json\/wp\/v2\/media\/796834"}],"wp:attachment":[{"href":"https:\/\/www.europesays.com\/de\/wp-json\/wp\/v2\/media?parent=796833"}],"wp:term":[{"taxonomy":"category","embeddable":true,"href":"https:\/\/www.europesays.com\/de\/wp-json\/wp\/v2\/categories?post=796833"},{"taxonomy":"post_tag","embeddable":true,"href":"https:\/\/www.europesays.com\/de\/wp-json\/wp\/v2\/tags?post=796833"}],"curies":[{"name":"wp","href":"https:\/\/api.w.org\/{rel}","templated":true}]}}