{"id":797017,"date":"2026-02-14T12:55:15","date_gmt":"2026-02-14T12:55:15","guid":{"rendered":"https:\/\/www.europesays.com\/de\/797017\/"},"modified":"2026-02-14T12:55:15","modified_gmt":"2026-02-14T12:55:15","slug":"mit-33-beim-wuppertaler-sv-zurueck-in-die-regionalliga","status":"publish","type":"post","link":"https:\/\/www.europesays.com\/de\/797017\/","title":{"rendered":"Mit 33 beim Wuppertaler SV zur\u00fcck in die Regionalliga"},"content":{"rendered":"<p class=\"text_ohne_einzug richtext text-em-55 !leading-serif mx-6 desktop:mx-0\">Erstes Spiel f\u00fcr den Wuppertaler SV und gleich Vorbereiter eines wichtigen Tores: F\u00fcr Cenk Durgun h\u00e4tte seine Premiere im Stadion am Zoo am vergangenen Samstag kaum besser laufen k\u00f6nnen. Dabei gibt er zu, dass ihm die Ecke, die er nach 46 Minuten im Spiel gegen Dortmunds U 23 mit seinem starken linken Fu\u00df auf den ersten Pfosten gezogen hatte, eigentlich ein bisschen kurz geraten sei. Dadurch, dass Dortmunds Ousmane Diallo den Ball aber ungl\u00fccklich zum 2:2 ins eigene Tor abf\u00e4lschte, wurde das am Ende mehr als wettgemacht.<\/p>\n","protected":false},"excerpt":{"rendered":"Erstes Spiel f\u00fcr den Wuppertaler SV und gleich Vorbereiter eines wichtigen Tores: F\u00fcr Cenk Durgun h\u00e4tte seine Premiere&hellip;\n","protected":false},"author":2,"featured_media":797018,"comment_status":"","ping_status":"","sticky":false,"template":"","format":"standard","meta":{"footnotes":"","_share_on_mastodon":"0"},"categories":[1840],"tags":[176477,3364,29,217,172170,30,16699,89573,158210,3480,1209,163272,5725,179557,8427,179556,4951,176480,6227,4418,6500,179558],"class_list":["post-797017","post","type-post","status-publish","format-standard","has-post-thumbnail","category-wuppertal","tag-cenk","tag-de","tag-deutschland","tag-dortmund","tag-durgun","tag-germany","tag-gespielt","tag-hohkeppel","tag-mike-wunderlich","tag-minuten","tag-nordrhein-westfalen","tag-regionalligaspiele","tag-spiel","tag-spiellenkung","tag-spieltag","tag-spieltagskadern","tag-winter","tag-winterzugang","tag-wsv","tag-wuppertal","tag-zoo","tag-zusammengespielt"],"share_on_mastodon":{"url":"https:\/\/pubeurope.com\/@de\/116069094315979557","error":""},"_links":{"self":[{"href":"https:\/\/www.europesays.com\/de\/wp-json\/wp\/v2\/posts\/797017","targetHints":{"allow":["GET"]}}],"collection":[{"href":"https:\/\/www.europesays.com\/de\/wp-json\/wp\/v2\/posts"}],"about":[{"href":"https:\/\/www.europesays.com\/de\/wp-json\/wp\/v2\/types\/post"}],"author":[{"embeddable":true,"href":"https:\/\/www.europesays.com\/de\/wp-json\/wp\/v2\/users\/2"}],"replies":[{"embeddable":true,"href":"https:\/\/www.europesays.com\/de\/wp-json\/wp\/v2\/comments?post=797017"}],"version-history":[{"count":0,"href":"https:\/\/www.europesays.com\/de\/wp-json\/wp\/v2\/posts\/797017\/revisions"}],"wp:featuredmedia":[{"embeddable":true,"href":"https:\/\/www.europesays.com\/de\/wp-json\/wp\/v2\/media\/797018"}],"wp:attachment":[{"href":"https:\/\/www.europesays.com\/de\/wp-json\/wp\/v2\/media?parent=797017"}],"wp:term":[{"taxonomy":"category","embeddable":true,"href":"https:\/\/www.europesays.com\/de\/wp-json\/wp\/v2\/categories?post=797017"},{"taxonomy":"post_tag","embeddable":true,"href":"https:\/\/www.europesays.com\/de\/wp-json\/wp\/v2\/tags?post=797017"}],"curies":[{"name":"wp","href":"https:\/\/api.w.org\/{rel}","templated":true}]}}