{"id":797155,"date":"2026-02-14T14:12:34","date_gmt":"2026-02-14T14:12:34","guid":{"rendered":"https:\/\/www.europesays.com\/de\/797155\/"},"modified":"2026-02-14T14:12:34","modified_gmt":"2026-02-14T14:12:34","slug":"stadt-rettet-werthers-weihnachtsmarkt-und-laesst-sich-dies-einiges-kosten-haller-kreisblatt","status":"publish","type":"post","link":"https:\/\/www.europesays.com\/de\/797155\/","title":{"rendered":"Stadt rettet Werthers Weihnachtsmarkt &#8211; und l\u00e4sst sich dies einiges kosten | Haller Kreisblatt"},"content":{"rendered":"<p id=\"absatz1\" class=\"em_text\">Werther. Er stand schon auf der Kippe, bis er quasi in letzter Sekunde gerettet wurde: der Christkindl-Markt. Nach dem Tiefpunkt 2019 wurde er auf Initiative der Stadt komplett umgemodelt und findet inzwischen unter deren Regie statt. Aber wie viel Geld gibt die Verwaltung &#8211; also der Steuerzahler &#8211; eigentlich daf\u00fcr aus? Wie viele Arbeitsstunden steckt sie in Planung, Auf- und Abbau? Wie hoch sind die Kosten f\u00fcr externe Sicherungsma\u00dfnahmen? Diese und weitere Fragen wollte die CDU jetzt von der Stadtverwaltung beantwortet wissen. Allerdings nicht, weil sie den Markt infrage stellt. \u201eSondern um ein Verst\u00e4ndnis f\u00fcr den Aufwand zu bekommen\u201c, so Fraktionschef Ralf Eckelmann. \u201eDenn als Ereignis soll der Christkindl-Markt auf jeden Fall erhalten bleiben.\u201c<\/p>\n<p id=\"absatz2\" class=\"em_text\">Stefan Meier vom Kulturamt und inzwischen Chef-Organisator des Christkindl-Markts blickt im j\u00fcngsten Haupt- und Finanzausschuss zusammen mit den Ausschuss-Mitgliedern zur\u00fcck &#8211; und beginnt seine Ausf\u00fchrungen mit der Ausgabe 2019. Es war kalt und nass, eine B\u00fchne gab es nicht, entsprechend auch kein B\u00fchnenprogramm, die Er\u00f6ffnung fand an einem Karussell statt, St\u00e4nde von \u00f6rtlichen Vereinen suchte man nahezu vergebens, daf\u00fcr gab es kommerzielle H\u00e4ndler mit Angeboten, die kaum jemand wollte. Feststellung der Besucher nach drei Tagen: \u201eEinfach trostlos!\u201c<\/p>\n<p id=\"absatz3\" class=\"em_text\">Fast w\u00e4re es der Todessto\u00df f\u00fcr den Markt gewesen. Denn die Kritik in den darauffolgenden Wochen war verheerend. Am externen Veranstalter, an der nicht vorhandenen weihnachtlichen Atmosph\u00e4re, einfach an allem. Es war klar: W\u00fcrde man nicht mit einem komplett neuen Konzept an den Start gehen, w\u00e4re der Markt gestorben. Und Werther die einzige Stadt weit und breit ohne Weihnachtsmarkt.<\/p>\n<p>Zahlreiche Wertheraner kamen, um ihren Weihnachtsmarkt zu erhalten<\/p>\n<p>        <a href=\"https:\/\/www.haller-kreisblatt.de\/_em_daten\/_cache\/image\/1xR0NXUEJzaFJkZzRpeGM3TURNTE5DREhmdGNxTnRhTGRiVVdvK1JpdkR4TERwdUNwcFM1cnFNSkkyOGJ4REtIeFlHNDV5VHFuZGdSOWNtb1pqZmkxaE1lclVtZTFKMVlHa1lxZDVCTFFUc1E9\/260213-1802-844581952.jpg\" class=\"nw-article-image\" title=\"CDU-Fraktionschef Ralf Eckelmann hatte sich die Aufstellung der Kosten gew\u00fcnscht.\" data-glightbox=\"type: image; description: CDU-Fraktionschef Ralf Eckelmann hatte sich die Aufstellung der Kosten gew\u00fcnscht.  | \u00a9 CDU Werther \" rel=\"nofollow noopener\" target=\"_blank\"><br \/>\n            <img decoding=\"async\" src=\"https:\/\/www.europesays.com\/de\/wp-content\/uploads\/2026\/02\/260213-1802-844581952.jpg\" class=\"nw-img-fluid nw-w-full nw-lazy nw-rounded-t-md\" alt=\"CDU-Fraktionschef Ralf Eckelmann hatte sich die Aufstellung der Kosten gew\u00fcnscht. - \u00a9 CDU Werther\" data-format=\"16:9\"\/><br \/>\n        <\/a><\/p>\n<p>                CDU-Fraktionschef Ralf Eckelmann hatte sich die Aufstellung der Kosten gew\u00fcnscht.<br \/>\n                                    | \u00a9 CDU Werther<\/p>\n<p id=\"absatz5\" class=\"em_text\">Im darauffolgenden Februar stand genau dies zur Debatte. Die Stadt hatte zu einem Arbeitstreffen eingeladen, um \u00fcber Rettung oder Untergang des Markts zu sprechen. Sollte er eine Zukunft haben, m\u00fcssten an diesem Abend die Wertheraner Farbe bekennen und Einsatz demonstrieren.<\/p>\n<p id=\"absatz6\" class=\"em_text\">\u201eUnd das taten sie\u201c, erinnert Stefan Meier. 60 Vertreterinnen und Vertreter von Vereinen, Verb\u00e4nden und Institutionen, aus Schulen, Politik und B\u00fcrgerschaft kamen und signalisierten: \u201eWir wollen unseren Christkindl-Markt behalten!\u201c<\/p>\n<p id=\"absatz7\"><b class=\"bold\">Lesen Sie auch: <\/b><a href=\"https:\/\/www.haller-kreisblatt.de\/lokal\/werther\/24233560_Von-Erdbeereis-bis-Gluehbier-So-schoen-war-der-Christkindlmarkt-in-Werther.html\" rel=\"nofollow noopener\" target=\"_blank\">Von Erdbeereis bis Gl\u00fchbier: So sch\u00f6n war der Christkindl-Markt in Werther<\/a><\/p>\n<p id=\"absatz8\" class=\"em_text\">\u201eEs waren unglaublich viele Leute dabei, die bis dahin nichts mit dem Markt zu tun hatten\u201c, schildert Meier. Das habe ihn sehr beeindruckt und hoffnungsfroh gestimmt. Alle h\u00e4tten Vorschl\u00e4ge gemacht und neue Ideen ins Spiel gebracht. \u201eWas allen wichtig war, war die B\u00fchne. Es sollte unbedingt wieder eine geben, mit einem entsprechenden Programm.\u201c<\/p>\n<p>Corona-Pandemie macht dem Neuanfang einen Strich durch die Rechnung<\/p>\n<p>        <a href=\"https:\/\/www.haller-kreisblatt.de\/_em_daten\/_cache\/image\/1xQk90SUcrcEtIZUFTZFJQcHg4VVpWWW1MYVZQVW85R2ZBNlByOEsvTHhGQUhZVXpDbG1mUGhCaVV6THIzTWhnaCtodXhKVkFqZG5VK1BjR1B2aHFHNGl1NExTcjVvbXBybDJWYXZyY3RGYUE9\/260213-1802-844583907.jpg\" class=\"nw-article-image\" title=\"Stefan Meier vom Kulturamt der Stadt ist inzwischen Haupt-Organisator des Christkindl-Markts.\" data-glightbox=\"type: image; description: Stefan Meier vom Kulturamt der Stadt ist inzwischen Haupt-Organisator des Christkindl-Markts.  | \u00a9 Anja Hanneforth \" rel=\"nofollow noopener\" target=\"_blank\"><br \/>\n            <img decoding=\"async\" src=\"https:\/\/www.europesays.com\/de\/wp-content\/uploads\/2026\/02\/260213-1802-844583907.jpg\" class=\"nw-img-fluid nw-w-full nw-lazy nw-rounded-t-md\" alt=\"Stefan Meier vom Kulturamt der Stadt ist inzwischen Haupt-Organisator des Christkindl-Markts. - \u00a9 Anja Hanneforth\" data-format=\"16:9\"\/><br \/>\n        <\/a><\/p>\n<p>                Stefan Meier vom Kulturamt der Stadt ist inzwischen Haupt-Organisator des Christkindl-Markts.<br \/>\n                                    | \u00a9 Anja Hanneforth<\/p>\n<p id=\"absatz10\" class=\"em_text\">Es seien aber auch Sorgen genannt worden, so Meier: Dass die Vereine nicht gen\u00fcgend Leute finden w\u00fcrden oder die ganze Organisation nicht gestemmt bek\u00e4men. \u201eDa war klar, dass wir als Verwaltung in vielerlei Hinsicht unterst\u00fctzen m\u00fcssen.\u201c Was etwa die Fragen Sicherheit, Versicherungen und Hygiene angeht, das Bereitstellen von Strom- und Wasseranschl\u00fcssen oder auch die Koordination von St\u00e4nden und B\u00fchnenprogramm. Und weil das alles nicht umsonst zu haben ist, habe die Politik beschlossen, in den Haushalt 2020 eine Summe von 15.000 Euro einzustellen. \u201eUnd dann haben wir angefangen zu planen.\u201c<\/p>\n<p id=\"absatz11\" class=\"em_text\">Mit \u201ewir\u201c meint Stefan Meier haupts\u00e4chlich sich selbst &#8211; auch wenn ihn zahlreiche Kolleginnen und Kollegen der Verwaltung unterst\u00fctzt haben. In die Umsetzung kam die Sache dann allerdings erst einmal nicht. Stattdessen grassierte Corona und sorgte daf\u00fcr, dass weder 2020 noch 2021 ein Christkindl-Markt stattfinden konnte.<\/p>\n<p id=\"absatz12\" class=\"em_text\">Trotzdem schaffte die Stadt schon einmal Weihnachtsbeleuchtung und sieben Holzh\u00fctten an, suchte au\u00dferdem nach einem neuen Veranstalter. Ohne Erfolg. \u201eIm September 2022 standen wir alleine da\u201c, so Meier. \u201eWeil wir aber schon in Vorleistung gegangen waren und bei den Vereinen im Wort standen, haben wir entschieden, den Markt in Eigenregie durchzuf\u00fchren.\u201c<\/p>\n<p>St\u00e4dtische Mitarbeiterinnen und Mitarbeiter investieren hunderte Arbeitsstunden<\/p>\n<p id=\"absatz13\" class=\"em_text\">Eine gro\u00dfe Hilfe seien Christkindl-Urgestein Usmar Carles und Eventmanager Reiner Stodieck gewesen. Wichtigste Ratschl\u00e4ge der beiden: Stromanschl\u00fcsse sicherstellen und die richtigen Daten f\u00fcr die Banner bestellen.<\/p>\n<p id=\"absatz14\" class=\"em_text\">Was das alles gekostet hat und bis heute kostet? Stefan Meier rechnet vor: Bei der j\u00fcngsten Ausgabe 2025 habe die Stadt 12.000 Euro f\u00fcr B\u00fchnenprogramm und Technik ausgegeben, weitere 7.500 Euro f\u00fcr Dinge wie Haftpflichtversicherung, Strom, Wasser, Schlauchbr\u00fccken, Ausstattung und sanit\u00e4re Anlagen. Dazu 5.000 Euro f\u00fcr einen externen Sicherheitsdienst, die Ausschilderung von Fluchtwegen und \u00fcberhaupt die Beschilderung sowie 6.000 Euro f\u00fcr Werbung, Aufwandsentsch\u00e4digungen, Schmuck f\u00fcr die Innenstadt sowie das Storck-Haus innen und au\u00dfen.<\/p>\n<p id=\"absatz15\"><b class=\"bold\">Auch zum Thema:<\/b> <a href=\"https:\/\/www.haller-kreisblatt.de\/lokal\/werther\/23431895_Fotogalerie-Christkindl-Markt-Werther-erstrahlt-in-neuem-besserem-Glanz.html\" rel=\"nofollow noopener\" target=\"_blank\">Fotogalerie: Christkindl-Markt Werther erstrahlt in neuem, besseren Glanz<\/a><\/p>\n<p id=\"absatz16\" class=\"em_text\">Nicht aufgef\u00fchrt hat Meier die Arbeitsstunden aller, die seitens der Stadt geholfen haben: 200 seien es bestimmt bei ihm selbst gewesen, weitere 200 bis 250 bei den Kollegen vom Bauhof und noch einmal weitere von anderen Mitarbeitern. \u201eWir mussten zum Beispiel ein Verkehrs- und ein Sicherheitskonzept aufstellen. Allein daf\u00fcr steigt der Aufwand jedes Jahr.\u201c<\/p>\n<p>Wertheraner Kulturamtsleiter bekommt viel Applaus f\u00fcr seinen Bericht<\/p>\n<p id=\"absatz17\" class=\"em_text\">Stefan Meier erh\u00e4lt viel Applaus f\u00fcr seinen Bericht. Im Anschluss entspinnt sich eine Diskussion \u00fcber die H\u00f6he der Kosten, die jedoch allgemein f\u00fcr eher g\u00fcnstig angesehen werden. Forderungen, die Stadt m\u00f6ge sich aus der Organisation zur\u00fcckziehen, gibt es keine.<\/p>\n<p id=\"absatz18\" class=\"em_text\">Sollte das so bleiben, bleibt die Stadt Organisator des Markts. Entsprechende Kosten werden aus dem Kultur-Etat bestritten, nach Aussage von Stefan Meier d\u00fcrften sie jedoch geringer ausfallen als noch am Anfang, da viele Dinge wie Holzh\u00fctten, Kabelbr\u00fccken oder Hydranten-Aufs\u00e4tze ja inzwischen angeschafft seien. Und Stefan Meier? Der hat getreu dem Motto \u201eNach dem Christkindl-Markt ist vor dem Christkindl-Markt\u201c bereits mit der Organisation f\u00fcr die Ausgabe 2026 begonnen.<\/p>\n<p id=\"absatz19\"><b class=\"bold\">Aktuelle News bekommen Sie t\u00e4glich \u00fcber den<\/b> <a data-auth=\"NotApplicable\" data-linkindex=\"0\" href=\"https:\/\/whatsapp.com\/channel\/0029VagU0FW1SWsxhmHz2v0q\" rel=\"noreferrer noopener nofollow\" target=\"_blank\" title=\"https:\/\/whatsapp.com\/channel\/0029VagU0FW1SWsxhmHz2v0q\">WhatsApp-Kanal des HK<\/a> <\/p>\n","protected":false},"excerpt":{"rendered":"Werther. Er stand schon auf der Kippe, bis er quasi in letzter Sekunde gerettet wurde: der Christkindl-Markt. Nach&hellip;\n","protected":false},"author":2,"featured_media":797156,"comment_status":"","ping_status":"","sticky":false,"template":"","format":"standard","meta":{"footnotes":"","_share_on_mastodon":"0"},"categories":[1841],"tags":[34181,1605,31,102818,3364,29,30,16402,16401,734,19081,164252,9312,16405,1209,179580,148255,8497,6715],"class_list":["post-797155","post","type-post","status-publish","format-standard","has-post-thumbnail","category-bielefeld","tag-bhnenprogramm","tag-bielefeld","tag-cdu","tag-cnt_aufmacher","tag-de","tag-deutschland","tag-germany","tag-label_ordne-fr-mich-ein","tag-label_xxl-200","tag-meta_artikelklasse_nachricht","tag-meta_copyrights_hk","tag-meta_eo_zusammenfassung","tag-meta_themen_familie_bildung_freizeit","tag-meta_userneeds_ordneein","tag-nordrhein-westfalen","tag-ralf-eckelmann","tag-stefan-meier","tag-weihnachtsmarkt","tag-werther"],"share_on_mastodon":{"url":"https:\/\/pubeurope.com\/@de\/116069397172162816","error":""},"_links":{"self":[{"href":"https:\/\/www.europesays.com\/de\/wp-json\/wp\/v2\/posts\/797155","targetHints":{"allow":["GET"]}}],"collection":[{"href":"https:\/\/www.europesays.com\/de\/wp-json\/wp\/v2\/posts"}],"about":[{"href":"https:\/\/www.europesays.com\/de\/wp-json\/wp\/v2\/types\/post"}],"author":[{"embeddable":true,"href":"https:\/\/www.europesays.com\/de\/wp-json\/wp\/v2\/users\/2"}],"replies":[{"embeddable":true,"href":"https:\/\/www.europesays.com\/de\/wp-json\/wp\/v2\/comments?post=797155"}],"version-history":[{"count":0,"href":"https:\/\/www.europesays.com\/de\/wp-json\/wp\/v2\/posts\/797155\/revisions"}],"wp:featuredmedia":[{"embeddable":true,"href":"https:\/\/www.europesays.com\/de\/wp-json\/wp\/v2\/media\/797156"}],"wp:attachment":[{"href":"https:\/\/www.europesays.com\/de\/wp-json\/wp\/v2\/media?parent=797155"}],"wp:term":[{"taxonomy":"category","embeddable":true,"href":"https:\/\/www.europesays.com\/de\/wp-json\/wp\/v2\/categories?post=797155"},{"taxonomy":"post_tag","embeddable":true,"href":"https:\/\/www.europesays.com\/de\/wp-json\/wp\/v2\/tags?post=797155"}],"curies":[{"name":"wp","href":"https:\/\/api.w.org\/{rel}","templated":true}]}}