{"id":797318,"date":"2026-02-14T15:40:29","date_gmt":"2026-02-14T15:40:29","guid":{"rendered":"https:\/\/www.europesays.com\/de\/797318\/"},"modified":"2026-02-14T15:40:29","modified_gmt":"2026-02-14T15:40:29","slug":"ukrainische-soldaten-fuehren-nato-truppen-vor","status":"publish","type":"post","link":"https:\/\/www.europesays.com\/de\/797318\/","title":{"rendered":"Ukrainische Soldaten f\u00fchren Nato-Truppen vor"},"content":{"rendered":"<p class=\"text-18 leading-17 user-text-lg:text-22 user-text-xl:text-24\">Bei einem ukrainischen Raketenangriff auf die russische Stadt Belgorod sind nach Angaben des dortigen Gouverneurs Wjatscheslaw Gladkow zwei Menschen get\u00f6tet und f\u00fcnf weitere verletzt worden. Gladkow erkl\u00e4rte in einem auf Telegram geposteten Video, dass die M\u00e4nner Teil von Teams gewesen seien, die besch\u00e4digte Heizungs- und Stromnetze in der Stadt reparierten. <\/p>\n<p class=\"text-18 leading-17 user-text-lg:text-22 user-text-xl:text-24\">Durch den Angriff seien auch Energieanlagen schwer besch\u00e4digt worden, was zu Ausf\u00e4llen bei der Strom-, Heizungs- und Wasserversorgung gef\u00fchrt habe. Belgorod liegt etwa 40 Kilometer von der ukrainisch-russischen Grenze entfernt.<\/p>\n<p class=\"text-18 leading-17 user-text-lg:text-22 user-text-xl:text-24\">Zwischen zwei Luftalarmen haben Musiker des Kyiv Classic Orchestra am Freitagabend am Hauptbahnhof der ukrainischen Hauptstadt ein Konzert gegeben. Unter der Leitung von Dirigent Herman Makarenko spielten neun Streicher eine Stunde lang vor Dutzenden Menschen. Um Zuschauer anzulocken, hatten sie zun\u00e4chst ein erstes St\u00fcck oben auf der riesigen Treppe des Bahnhofs gespielt.<\/p>\n<p class=\"text-18 leading-17 user-text-lg:text-22 user-text-xl:text-24\">Dann erklangen St\u00fccke des ukrainischen Komponisten Semen Hulak-Artemowskyj und Ausz\u00fcge aus Werken von Mozart in der Bahnhofshalle. Seit Wochen wird diese als &#8222;Ort der Unbesiegbarkeit&#8220; genutzt, wo Menschen sich aufw\u00e4rmen und ihre Handys aufladen k\u00f6nnen.<\/p>\n<p class=\"text-18 leading-17 user-text-lg:text-22 user-text-xl:text-24\">Das Konzert ist Teil eines US-ukrainischen Solidarit\u00e4tsprojekts. In den kommenden Wochen solle es weitere Auftritte geben, sagte eine der Organisatorinnen, Tetiana Marosowa.<\/p>\n<p class=\"text-18 leading-17 user-text-lg:text-22 user-text-xl:text-24\">Der ukrainische Pr\u00e4sident <a class=\"transition-colors duration-200 cursor-pointer text-inherit no-underline text-salemsfur md:hover:text-magenta md:hover:border-magenta md:focus:text-magenta border-current border-b border-solid break-words\" href=\"https:\/\/www.t-online.de\/themen\/wolodymyr-selenskyj\/\" data-sctrack=\"BodyAnchor\" rel=\"nofollow noopener\" target=\"_blank\">Wolodymyr Selenskyj<\/a> hat russischen Forderungen nach einer Preisgabe des Donbass erneut eine klare Absage erteilt. Er begr\u00fcndete dies mit den etwa 200.000 Ukrainern, die noch in den von <a class=\"transition-colors duration-200 cursor-pointer text-inherit no-underline text-salemsfur md:hover:text-magenta md:hover:border-magenta md:focus:text-magenta border-current border-b border-solid break-words\" href=\"https:\/\/www.t-online.de\/themen\/kiew\/\" data-sctrack=\"BodyAnchor\" rel=\"nofollow noopener\" target=\"_blank\">Kiew<\/a> kontrollierten Teilen der Gebiete Donezk und Luhansk leben.<\/p>\n<p class=\"text-18 leading-17 user-text-lg:text-22 user-text-xl:text-24\">&#8222;Ich soll zu ihnen gehen, in jede Wohnung, klopfen und sagen: Schau mal, eine gro\u00dfartige Idee! Vergiss dein Haus, vergiss alles, deine Verwandten, verlass dein Haus, denn das ist die gro\u00dfartige Idee der gro\u00dfen Bosse&#8220;, sagte Selenskyj bei einer Veranstaltung des Nachrichtenportals &#8222;Politico&#8220; auf der M\u00fcnchner Sicherheitskonferenz.<\/p>\n","protected":false},"excerpt":{"rendered":"Bei einem ukrainischen Raketenangriff auf die russische Stadt Belgorod sind nach Angaben des dortigen Gouverneurs Wjatscheslaw Gladkow zwei&hellip;\n","protected":false},"author":2,"featured_media":797319,"comment_status":"","ping_status":"","sticky":false,"template":"","format":"standard","meta":{"footnotes":"","_share_on_mastodon":"0"},"categories":[4012],"tags":[1217,326,6079,331,332,25995,6010,1179,179396,227,29,106,49674,6077,3189,548,942,23012,646,13,178599,355,5793,409,4543,1268,3187,14,1159,15,11317,1614,307,12,184,317,312,83550,89548,107,8975],"class_list":["post-797318","post","type-post","status-publish","format-standard","has-post-thumbnail","category-ukraine","tag-1217","tag-326","tag-6079","tag-aktuelle-nachrichten","tag-aktuelle-news","tag-andrij-sybiha","tag-belgorod","tag-boris-pistorius","tag-cas","tag-china","tag-deutschland","tag-donald-trump","tag-donezbecken","tag-donezk","tag-estland","tag-eu","tag-eu-kommission","tag-financial-times","tag-finnland","tag-headlines","tag-internationaler-sportgerichtshof","tag-italien","tag-kiew","tag-marco-rubio","tag-mark-rutte","tag-muenchen","tag-muenchner-sicherheitskonferenz","tag-nachrichten","tag-nato","tag-news","tag-olympische-winterspiele","tag-peking","tag-russland","tag-schlagzeilen","tag-spd","tag-ukraine","tag-ukrainekrieg","tag-wang","tag-wjatscheslaw-gladkow","tag-wolodymyr-selenskyj","tag-wsj"],"share_on_mastodon":{"url":"","error":"Validation failed: Text character limit of 500 exceeded"},"_links":{"self":[{"href":"https:\/\/www.europesays.com\/de\/wp-json\/wp\/v2\/posts\/797318","targetHints":{"allow":["GET"]}}],"collection":[{"href":"https:\/\/www.europesays.com\/de\/wp-json\/wp\/v2\/posts"}],"about":[{"href":"https:\/\/www.europesays.com\/de\/wp-json\/wp\/v2\/types\/post"}],"author":[{"embeddable":true,"href":"https:\/\/www.europesays.com\/de\/wp-json\/wp\/v2\/users\/2"}],"replies":[{"embeddable":true,"href":"https:\/\/www.europesays.com\/de\/wp-json\/wp\/v2\/comments?post=797318"}],"version-history":[{"count":0,"href":"https:\/\/www.europesays.com\/de\/wp-json\/wp\/v2\/posts\/797318\/revisions"}],"wp:featuredmedia":[{"embeddable":true,"href":"https:\/\/www.europesays.com\/de\/wp-json\/wp\/v2\/media\/797319"}],"wp:attachment":[{"href":"https:\/\/www.europesays.com\/de\/wp-json\/wp\/v2\/media?parent=797318"}],"wp:term":[{"taxonomy":"category","embeddable":true,"href":"https:\/\/www.europesays.com\/de\/wp-json\/wp\/v2\/categories?post=797318"},{"taxonomy":"post_tag","embeddable":true,"href":"https:\/\/www.europesays.com\/de\/wp-json\/wp\/v2\/tags?post=797318"}],"curies":[{"name":"wp","href":"https:\/\/api.w.org\/{rel}","templated":true}]}}