{"id":797445,"date":"2026-02-14T16:50:11","date_gmt":"2026-02-14T16:50:11","guid":{"rendered":"https:\/\/www.europesays.com\/de\/797445\/"},"modified":"2026-02-14T16:50:11","modified_gmt":"2026-02-14T16:50:11","slug":"polizei-mit-mehreren-streifenwagen-im-einsatz","status":"publish","type":"post","link":"https:\/\/www.europesays.com\/de\/797445\/","title":{"rendered":"Polizei mit mehreren Streifenwagen im Einsatz"},"content":{"rendered":"<p class=\"mb-6 text-xs md:text-m lg:text-l font-serif group-[.font-sans]:font-sans \">\n    Nach ersten Angaben der Einsatzkr\u00e4fte vor Ort kam es am Samstagmittag gegen 12.50 Uhr in der Sophienstra\u00dfe in der Karlsruher Innenstadt zu einer Auseinandersetzung in einem  Mehrfamilienhaus.\u00a0Eine Person wurde dabei verletzt.\n  <\/p>\n<p>            Ermittlungen zu den genauen Hintergr\u00fcnden der Streitigkeiten dauern noch an <\/p>\n<p class=\"mb-6 text-xs md:text-m lg:text-l font-serif group-[.font-sans]:font-sans \">\n    Nach ersten Erkenntnissen soll ein Paar in einen Streit geraten sein, bei dem auch ein Messer im Spiel gewesen sein soll. Die von der Frau alarmierten Einsatzkr\u00e4fte von Polizei und Rettungsdienst r\u00fcckten mit einem Gro\u00dfaufgebot an. Der Mann wurde vom Rettungsdienst mit Stichverletzungen in ein Krankenhaus gebracht. Nach jetzigem Informationsstand k\u00f6nnte es sich bei der Art der Verletzung um eine selbst zugef\u00fcgte Verletzung handeln. N\u00e4here Angaben zum genauen Ablauf sowie zur Art der Verletzung machte die Polizei zun\u00e4chst nicht. Die Hintergr\u00fcnde der Auseinandersetzung sind derzeit noch unklar. Die Ermittlungen zum genauen Tathergang dauern an.\n  <\/p>\n<ul data-module-id=\"DragDropModule\" class=\"flex flex-wrap justify-start group-[.no-bookmarks]:hidden\">\n<li class=\"mb-3 mr-3\">\n    Tony Hannes Fessel<\/p>\n<p>      Icon Haken im Kreis gesetzt<\/p>\n<p>      Icon Plus im Kreis<\/p>\n<\/li>\n<li class=\"mb-3 mr-3\">\n    Polizei<\/p>\n<p>      Icon Haken im Kreis gesetzt<\/p>\n<p>      Icon Plus im Kreis<\/p>\n<\/li>\n<li class=\"mb-3 mr-3\">\n    Innenstadt<\/p>\n<p>      Icon Haken im Kreis gesetzt<\/p>\n<p>      Icon Plus im Kreis<\/p>\n<\/li>\n<\/ul>\n","protected":false},"excerpt":{"rendered":"Nach ersten Angaben der Einsatzkr\u00e4fte vor Ort kam es am Samstagmittag gegen 12.50 Uhr in der Sophienstra\u00dfe in&hellip;\n","protected":false},"author":2,"featured_media":797446,"comment_status":"","ping_status":"","sticky":false,"template":"","format":"standard","meta":{"footnotes":"","_share_on_mastodon":"0"},"categories":[1844],"tags":[1634,3364,29,2540,30,3786,2065,8903,121,82106,50503,3416,6318],"class_list":["post-797445","post","type-post","status-publish","format-standard","has-post-thumbnail","category-karlsruhe","tag-baden-wuerttemberg","tag-de","tag-deutschland","tag-einsatzkraft","tag-germany","tag-grosseinsatz","tag-innenstadt","tag-karlsruhe","tag-polizei","tag-sophienstrasse","tag-stichverletzung","tag-streifenwagen","tag-streitigkeit"],"share_on_mastodon":{"url":"https:\/\/pubeurope.com\/@de\/116070018264846909","error":""},"_links":{"self":[{"href":"https:\/\/www.europesays.com\/de\/wp-json\/wp\/v2\/posts\/797445","targetHints":{"allow":["GET"]}}],"collection":[{"href":"https:\/\/www.europesays.com\/de\/wp-json\/wp\/v2\/posts"}],"about":[{"href":"https:\/\/www.europesays.com\/de\/wp-json\/wp\/v2\/types\/post"}],"author":[{"embeddable":true,"href":"https:\/\/www.europesays.com\/de\/wp-json\/wp\/v2\/users\/2"}],"replies":[{"embeddable":true,"href":"https:\/\/www.europesays.com\/de\/wp-json\/wp\/v2\/comments?post=797445"}],"version-history":[{"count":0,"href":"https:\/\/www.europesays.com\/de\/wp-json\/wp\/v2\/posts\/797445\/revisions"}],"wp:featuredmedia":[{"embeddable":true,"href":"https:\/\/www.europesays.com\/de\/wp-json\/wp\/v2\/media\/797446"}],"wp:attachment":[{"href":"https:\/\/www.europesays.com\/de\/wp-json\/wp\/v2\/media?parent=797445"}],"wp:term":[{"taxonomy":"category","embeddable":true,"href":"https:\/\/www.europesays.com\/de\/wp-json\/wp\/v2\/categories?post=797445"},{"taxonomy":"post_tag","embeddable":true,"href":"https:\/\/www.europesays.com\/de\/wp-json\/wp\/v2\/tags?post=797445"}],"curies":[{"name":"wp","href":"https:\/\/api.w.org\/{rel}","templated":true}]}}