{"id":797822,"date":"2026-02-14T20:21:12","date_gmt":"2026-02-14T20:21:12","guid":{"rendered":"https:\/\/www.europesays.com\/de\/797822\/"},"modified":"2026-02-14T20:21:12","modified_gmt":"2026-02-14T20:21:12","slug":"vfb-stuttgart-warum-tiago-tomas-nach-dem-koeln-spiel-in-traenen-ausbrach-news-ueber-den-vfb-stuttgart","status":"publish","type":"post","link":"https:\/\/www.europesays.com\/de\/797822\/","title":{"rendered":"VfB Stuttgart: Warum Tiago Tomas nach dem K\u00f6ln-Spiel in Tr\u00e4nen ausbrach &#8211; News \u00fcber den VfB Stuttgart"},"content":{"rendered":"<p><strong>Stuttgart.<\/strong> Der <a href=\"https:\/\/www.zvw.de\/vfb-stuttgart\/\" rel=\"noopener nofollow\" target=\"_blank\">VfB Stuttgart<\/a> hat zwar <a href=\"https:\/\/www.zvw.de\/vfb-stuttgart\/dank-doppelpacker-demirovic-vfb-stuttgart-gewinnt-mit-31-gegen-den-1-fc-k%C3%B6ln_arid-1055267\" target=\"_blank\" rel=\"nofollow noopener\">gegen den 1. FC K\u00f6ln mit 3:1 (1:0) gewonnen<\/a> \u2013 doch ein Profi konnte sich nicht \u00fcber den Sieg freuen: Tiago Tomas. Der Profi brach nach Abpfiff in Tr\u00e4nen aus und musste von seinen Teamkollegen getr\u00f6stet werden. Wir erkl\u00e4ren, was hinter den Szenen auf dem Rasen der MHP-Arena steckt.<\/p>\n<p><a class=\"nfy-teaser nfy-ar-teaser\" id=\"nfy-teaser-inline\" data-upscore-url=\"\" href=\"https:\/\/www.zvw.de\/vfb-stuttgart\/vfb-stuttgart-einmal-die-note-4-bock-von-jeff-chabot-bleibt-ohne-folgen_arid-1055273?utm_source=empfehlungslink&amp;utm_campaign=empfehlungslink\" data-upscore-object-id=\"1055273\" rel=\"nofollow noopener\" target=\"_blank\"><img loading=\"lazy\" decoding=\"async\" src=\"\/cms_media\/module_img\/7221\/3610655_2_gridmobile_fuball-vfb-stuttgart-vs.jpeg\" alt=\"Jeff Chabot machte ein starkes Spiel \u2013 und leistete sich dann einen folgenschweren Fehlpass.\" width=\"370\" height=\"229\" class=\"lazyload\" data-tmpl=\"gridmobile\"\/><\/p>\n<p>VfB StuttgartVfB Stuttgart: Einmal die Note 4 &#8211; Bock von Jeff Chabot bleibt ohne Folgen<\/p>\n<p><\/a><\/p>\n<p>Sie wollen unseren VfB-WhatsApp-Channel abonnieren? <a href=\"https:\/\/whatsapp.com\/channel\/0029ValGZYIJuyACDMSSAT12\" rel=\"noopener nofollow\" target=\"_blank\">Dann klicken Sie hier auf diesen Link<\/a> .<\/p>\n<p>VfB Stuttgart: Tr\u00e4nen bei Tiago Tomas nach dem Spiel<\/p>\n<p>Das Spiel war aus, der VfB Stuttgart hatte gerade sein Heimspiel gegen den 1. FC K\u00f6ln mit 3:1 gewonnen. Ein Profi aber jubelte nach Abpfiff nicht in der Kurve mit: Tiago Tomas. Der Portugiese brach nach dem Spiel in Tr\u00e4nen aus und musste getr\u00f6stet werden. In die Knie gebeugt vergrub der Angreifer das Gesicht in seinen H\u00e4nden und weinte bitterlich, Keeper Fabian Bredlow stand seinem Teamkollegen bei.<\/p>\n<p>Schnell machten die Bilder des weinenden St\u00fcrmers die Runde. Weniger aus Sensationslust, sondern vielmehr aus Mitleid und Anteilnahme mit dem Stuttgarter Profi fragten sich viele VfB-Fans: Was war da los? Nach dem Spiel gab Sebastian Hoene\u00df ein erstes Update beim TV-Sender Sky  ab. Es handle sich um etwas \u201eFamili\u00e4res\u201c, teilte der Trainer mit. Genauer wollte Hoene\u00df nicht werden.<\/p>\n<p><a class=\"nfy-teaser nfy-ar-teaser\" id=\"nfy-teaser-inline\" data-upscore-url=\"\" href=\"https:\/\/www.zvw.de\/vfb-stuttgart\/polizei-greift-vor-vfb-spiel-durch-700-k%C3%B6ln-ultras-kommen-nicht-ins-stadion_arid-1055243?utm_source=empfehlungslink&amp;utm_campaign=empfehlungslink\" data-upscore-object-id=\"1055243\" rel=\"nofollow noopener\" target=\"_blank\"><img loading=\"lazy\" decoding=\"async\" src=\"\/cms_media\/module_img\/7220\/3610496_8_gridmobile_53608013.jpeg\" alt=\"Die K\u00f6lner Fans mussten vor der Landesgrenze zu Baden-W\u00fcrttemberg umdrehen (Symbolbild).\" width=\"370\" height=\"229\" class=\"lazyload\" data-tmpl=\"gridmobile\"\/><\/p>\n<p>VfB StuttgartPolizei greift vor VfB-Spiel durch: 700 K\u00f6ln-Ultras kommen nicht ins Stadion<\/p>\n<p><\/a><br \/>\nTiago Tomas feiert Comeback nach wochenlanger Verletzung<\/p>\n<p>Es handelte sich demnach nicht um eine Reaktion des St\u00fcrmers auf seinen ersten Einsatz f\u00fcr den VfB Stuttgart seit Wochen. Anfang des Jahres 2026 wurde eine Muskelverletzung publik, Tiago Tomas fiel daraufhin wochenlang aus. Gegen den 1. FC K\u00f6ln feierte der Angreifer sein Comeback. Aber wie nun klar ist, war dies nicht der Grund f\u00fcr die Tr\u00e4nen des 23-J\u00e4hrigen.<\/p>\n<p>Hinweis der Redaktion (Stand 21.10 Uhr): Wir werden gleich auf der Pressekonferenz Trainer Sebastian Hoene\u00df auf die Szene ansprechen \u2013 nat\u00fcrlich mit gebotenem Respekt und Anstand f\u00fcr Tiago Tomas und seine Familie.<\/p>\n","protected":false},"excerpt":{"rendered":"Stuttgart. Der VfB Stuttgart hat zwar gegen den 1. FC K\u00f6ln mit 3:1 (1:0) gewonnen \u2013 doch ein&hellip;\n","protected":false},"author":2,"featured_media":797823,"comment_status":"","ping_status":"","sticky":false,"template":"","format":"standard","meta":{"footnotes":"","_share_on_mastodon":"0"},"categories":[1830],"tags":[623,1634,299,3364,29,25656,347,485,30,8427,1441,69278,41198,4112,4113,4114,2915],"class_list":["post-797822","post","type-post","status-publish","format-standard","has-post-thumbnail","category-stuttgart","tag-1-fc-koeln","tag-baden-wuerttemberg","tag-bundesliga","tag-de","tag-deutschland","tag-fc-koeln","tag-fussball","tag-fussball-bundesliga","tag-germany","tag-spieltag","tag-stuttgart","tag-tiago-tomas","tag-traenen","tag-vfb","tag-vfb-kompakt","tag-vfb-news","tag-vfb-stuttgart"],"share_on_mastodon":{"url":"https:\/\/pubeurope.com\/@de\/116070848165070190","error":""},"_links":{"self":[{"href":"https:\/\/www.europesays.com\/de\/wp-json\/wp\/v2\/posts\/797822","targetHints":{"allow":["GET"]}}],"collection":[{"href":"https:\/\/www.europesays.com\/de\/wp-json\/wp\/v2\/posts"}],"about":[{"href":"https:\/\/www.europesays.com\/de\/wp-json\/wp\/v2\/types\/post"}],"author":[{"embeddable":true,"href":"https:\/\/www.europesays.com\/de\/wp-json\/wp\/v2\/users\/2"}],"replies":[{"embeddable":true,"href":"https:\/\/www.europesays.com\/de\/wp-json\/wp\/v2\/comments?post=797822"}],"version-history":[{"count":0,"href":"https:\/\/www.europesays.com\/de\/wp-json\/wp\/v2\/posts\/797822\/revisions"}],"wp:featuredmedia":[{"embeddable":true,"href":"https:\/\/www.europesays.com\/de\/wp-json\/wp\/v2\/media\/797823"}],"wp:attachment":[{"href":"https:\/\/www.europesays.com\/de\/wp-json\/wp\/v2\/media?parent=797822"}],"wp:term":[{"taxonomy":"category","embeddable":true,"href":"https:\/\/www.europesays.com\/de\/wp-json\/wp\/v2\/categories?post=797822"},{"taxonomy":"post_tag","embeddable":true,"href":"https:\/\/www.europesays.com\/de\/wp-json\/wp\/v2\/tags?post=797822"}],"curies":[{"name":"wp","href":"https:\/\/api.w.org\/{rel}","templated":true}]}}