{"id":798418,"date":"2026-02-15T02:13:44","date_gmt":"2026-02-15T02:13:44","guid":{"rendered":"https:\/\/www.europesays.com\/de\/798418\/"},"modified":"2026-02-15T02:13:44","modified_gmt":"2026-02-15T02:13:44","slug":"liess-sich-matthias-schweighoefer-von-bad-bunny-inspirieren","status":"publish","type":"post","link":"https:\/\/www.europesays.com\/de\/798418\/","title":{"rendered":"Lie\u00df sich Matthias Schweigh\u00f6fer von Bad Bunny inspirieren?"},"content":{"rendered":"<p class=\"tspCCnp tspCCnq\">In vielerlei Hinsicht k\u00f6nnte die Behauptung, dass die vergangene Woche popkulturell geschichtstr\u00e4chtig war, gegen so manchen Zweifel bestehen. Abgesehen davon, dass die Promis \u2013 und hier h\u00f6rt der Spa\u00df auf \u2013 immer noch durch die Epstein-Files auf Trab gehalten werden, war insbesondere der Auftritt des puerto-ricanischen S\u00e4ngers Bad Bunny in der Halbzeit des Super Bowls im kalifornischen Santa Clara f\u00fcr <a href=\"https:\/\/www.tagesspiegel.de\/kultur\/euphorische-halbzeitshow-beim-super-bowl-bad-bunny-hat-dieses-duell-im-kulturkampf-gewonnen-15231697.html?icid=in-text-link_15245233\" class=\"link link--internal\" data-gtm-class=\"article-text-link\" data-gtm-val=\"internal\" rel=\"nofollow noopener\" target=\"_blank\">Schlagzeilen in Superlativen verantwortlich<\/a>.<\/p>\n<p><a href=\"https:\/\/www.tagesspiegel.de\/kultur\/gil-ofarim-als-dschungelkonig-die-inszenierung-des-geprugelten-samariters-15232417.html?icid=single-topic_15245233___\" data-gtm-class=\"article-mzt-link\" class=\"tspC3qb\" rel=\"nofollow noopener\" target=\"_blank\">Gil Ofarim als Dschungelk\u00f6nig G wie gel\u00e4utert <\/a><\/p>\n<p class=\"tspCCnp\">In Deutschland wurde das nur dadurch \u00fcbertrumpft, dass S\u00e4nger und Heuchler <a href=\"https:\/\/www.tagesspiegel.de\/gesellschaft\/panorama\/ich-habe-mich-daruber-geargert-gil-ofarim-bereut-ausserungen-zu-verleumdungsprozess-im-dschungelcamp-15242836.html?icid=in-text-link_15245233\" class=\"link link--internal\" data-gtm-class=\"article-text-link\" data-gtm-val=\"internal\" rel=\"nofollow noopener\" target=\"_blank\">Gil Ofarim Dschungelk\u00f6nig<\/a> wurde. Bunny und Ofarim haben dabei eines gemeinsam: An beiden Personalien spaltet sich die Gesellschaft. Wobei ersterer im Gegensatz zu letzterem alles daf\u00fcr tut, dass dem nicht so ist. Au\u00dferdem l\u00e4sst Benito Antonio Mart\u00ednez Ocasio, so hei\u00dft Bunny eigentlich, dann doch irgendwie Graut\u00f6ne zu beziehungsweise riskiert, dass auch seine Fans etwas auszusetzen haben.<\/p>\n<p><img decoding=\"async\" src=\"https:\/\/www.europesays.com\/de\/wp-content\/uploads\/2026\/02\/nfl-super-bowl-lx-seattle-seahawks-at-new-england-patriots.jpeg\"   alt=\"NFL, American Football Herren, USA Super Bowl LX-Seattle Seahawks at New England Patriots Feb 8, 2026 Santa Clara, CA, USA Bad Bunny performs the halftime show in Super Bowl LX between the Seattle Seahawks and the New England Patriots at Levi s Stadium. Santa Clara Levi s Stadium CA USA, EDITORIAL USE ONLY PUBLICATIONxINxGERxSUIxAUTxONLY Copyright: xMarkxJ.xRebilasx 20260208_lbm_su5_167\" aria-labelledby=\"caption-15248728\" width=\"440\" height=\"330\" loading=\"lazy\" class=\"tspBZmq\"\/> Im monochromen Zara-Mehrteiler. Bad Bunny bei seiner Football-Halbzeit-Show Anfang der Woche.  <\/p>\n<p class=\"tspBGkm\"> \u00a9 IMAGO\/Imagn Images\/IMAGO\/Mark J. Rebilas <\/p>\n<p class=\"tspCCnp\">Die spalten sich in Social-Media-Kommentarspalten n\u00e4mlich an seinem Outfit, das vom Fast-Fashion-Hersteller Zara stammte. Das finden die einen nicht besonders \u00f6kologisch, w\u00e4hrend die anderen das als bodenst\u00e4ndige, integrative Geste verstehen. Billigmode kann sich schlie\u00dflich jeder leisten.<\/p>\n<p> Liebe geht unter die Haut  <\/p>\n<p class=\"tspCCnp\"><a href=\"https:\/\/www.tagesspiegel.de\/berlin\/von-viel-zu-casual-bis-mut-zum-drama-das-waren-die-looks-auf-dem-roten-teppich-der-berlinale-eroffnung-15247298.html?icid=in-text-link_15245233\" class=\"link link--internal\" data-gtm-class=\"article-text-link\" data-gtm-val=\"internal\" rel=\"nofollow noopener\" target=\"_blank\">So oder so war er besser gekleidet als so mancher Berliner Promi, der den Berlinale-Auftakt am Donnerstagabend<\/a> besuchte. Wobei insbesondere Schauspieler Matthias Schweigh\u00f6fer herausstach. Sein Gala-Look war ein grauer Dreiteiler rund um einen Kapuzenpullover. Das h\u00e4tte bei einem Konzert zwischen zwei Football-Halbzeiten gut funktioniert, auf einem roten Teppich wirkte das dann doch eher deplatziert.<\/p>\n<blockquote class=\"tspCTpm\">\n<p>Es war sehr sch\u00f6nes Wetter. Es war sehr warm.<\/p>\n<\/blockquote>\n<p class=\"tspCTpn\">Schauspieler <strong>Matthias Schweigh\u00f6fer<\/strong> \u00fcber Brasilien <\/p>\n<p class=\"tspCCnp\">Dabei galt ihm ganz besonders gro\u00dfe Aufmerksamkeit, weil es sich hier, laut \u201e<a href=\"https:\/\/www.bild.de\/unterhaltung\/stars-und-leute\/matthias-schweighoefer-und-ruby-o-fee-erstmals-als-ehepaar-auf-der-berlinale-698e1af7f2a7a9e035aa006b\" target=\"_blank\" rel=\"noopener nofollow\" class=\"link link--external\" data-gtm-class=\"article-text-link\" data-gtm-val=\"external\" aria-describedby=\"message-target-blank\">Bild<\/a>\u201c, um den ersten gemeinsamen Auftritt von ihm und Partnerin Ruby O. Fee als frischgebackene Eheleute handelte. Dem Boulevardblatt verriet er, dass es sich \u201egut und sch\u00f6n\u201c anf\u00fchle, verheiratet zu sein. \u00dcber die Hochzeit, die im Januar in Brasilien stattfand, sagte er nur: \u201eEs war sehr sch\u00f6nes Wetter. Es war sehr warm.\u201c Was will man mehr?<\/p>\n<p>Mehr zur Berlinale:<a href=\"https:\/\/www.tagesspiegel.de\/berlin\/von-viel-zu-casual-bis-mut-zum-drama-das-waren-die-looks-auf-dem-roten-teppich-der-berlinale-eroffnung-15247298.html?icid=topic-list_15245233___\" data-gtm-class=\"article-mzt-link\" data-hydrate-fingerprint=\"09740a54944caac75fd2c0c63fd5c5df\" data-hydrate-props=\"{&amp;escapedquot;element&amp;escapedquot;:{&amp;escapedquot;type&amp;escapedquot;:&amp;escapedquot;relatedContent&amp;escapedquot;,&amp;escapedquot;fieldMap&amp;escapedquot;:{},&amp;escapedquot;relation&amp;escapedquot;:{&amp;escapedquot;fields&amp;escapedquot;:{&amp;escapedquot;isPaid&amp;escapedquot;:true},&amp;escapedquot;href&amp;escapedquot;:&amp;escapedquot;\/berlin\/von-viel-zu-casual-bis-mut-zum-drama-das-waren-die-looks-auf-dem-roten-teppich-der-berlinale-eroffnung-15247298.html&amp;escapedquot;,&amp;escapedquot;teaserTitle&amp;escapedquot;:{&amp;escapedquot;kicker&amp;escapedquot;:&amp;escapedquot;Mode um und auf dem roten Teppich &amp;escapedquot;,&amp;escapedquot;headline&amp;escapedquot;:&amp;escapedquot;Das sind die aufregendsten Looks der Berlinale-Stars&amp;escapedquot;},&amp;escapedquot;id&amp;escapedquot;:&amp;escapedquot;15247298&amp;escapedquot;,&amp;escapedquot;type&amp;escapedquot;:&amp;escapedquot;story&amp;escapedquot;},&amp;escapedquot;isPartOfList&amp;escapedquot;:true,&amp;escapedquot;topicListType&amp;escapedquot;:&amp;escapedquot;topic-list&amp;escapedquot;},&amp;escapedquot;showArrow&amp;escapedquot;:true}\" data-hydrate-slots=\"{&#039;default&#039;:[]}\" class=\"tspC3qb tspC2p9\" rel=\"nofollow noopener\" target=\"_blank\">Mode um und auf dem roten Teppich  Das sind die aufregendsten Looks der Berlinale-Stars <\/a><a href=\"https:\/\/www.tagesspiegel.de\/kultur\/eroffnung-der-berlinale-die-wunden-von-berlin-und-kabul-15244302.html?icid=topic-list_15245233___\" data-gtm-class=\"article-mzt-link\" data-hydrate-fingerprint=\"09740a54944caac75fd2c0c63fd5c5df\" data-hydrate-props=\"{&amp;escapedquot;element&amp;escapedquot;:{&amp;escapedquot;type&amp;escapedquot;:&amp;escapedquot;relatedContent&amp;escapedquot;,&amp;escapedquot;fieldMap&amp;escapedquot;:{},&amp;escapedquot;relation&amp;escapedquot;:{&amp;escapedquot;fields&amp;escapedquot;:{&amp;escapedquot;isPaid&amp;escapedquot;:false},&amp;escapedquot;href&amp;escapedquot;:&amp;escapedquot;\/kultur\/eroffnung-der-berlinale-die-wunden-von-berlin-und-kabul-15244302.html&amp;escapedquot;,&amp;escapedquot;teaserTitle&amp;escapedquot;:{&amp;escapedquot;kicker&amp;escapedquot;:&amp;escapedquot;Tag 2 der Berlinale&amp;escapedquot;,&amp;escapedquot;headline&amp;escapedquot;:&amp;escapedquot;Die Wunden von Berlin und Kabul&amp;escapedquot;},&amp;escapedquot;id&amp;escapedquot;:&amp;escapedquot;15244302&amp;escapedquot;,&amp;escapedquot;type&amp;escapedquot;:&amp;escapedquot;story&amp;escapedquot;},&amp;escapedquot;isPartOfList&amp;escapedquot;:true,&amp;escapedquot;topicListType&amp;escapedquot;:&amp;escapedquot;topic-list&amp;escapedquot;},&amp;escapedquot;showArrow&amp;escapedquot;:true}\" data-hydrate-slots=\"{&#039;default&#039;:[]}\" class=\"tspC3qb tspC2p9\" rel=\"nofollow noopener\" target=\"_blank\">Tag 2 der Berlinale Die Wunden von Berlin und Kabul <\/a><a href=\"https:\/\/www.tagesspiegel.de\/berlin\/festival-auf-selbstsuche-legt-die-berlinale-zuruck-in-den-sommer-15238812.html?icid=topic-list_15245233___\" data-gtm-class=\"article-mzt-link\" data-hydrate-fingerprint=\"09740a54944caac75fd2c0c63fd5c5df\" data-hydrate-props=\"{&amp;escapedquot;element&amp;escapedquot;:{&amp;escapedquot;type&amp;escapedquot;:&amp;escapedquot;relatedContent&amp;escapedquot;,&amp;escapedquot;fieldMap&amp;escapedquot;:{},&amp;escapedquot;relation&amp;escapedquot;:{&amp;escapedquot;fields&amp;escapedquot;:{&amp;escapedquot;isPaid&amp;escapedquot;:false},&amp;escapedquot;href&amp;escapedquot;:&amp;escapedquot;\/berlin\/festival-auf-selbstsuche-legt-die-berlinale-zuruck-in-den-sommer-15238812.html&amp;escapedquot;,&amp;escapedquot;teaserTitle&amp;escapedquot;:{&amp;escapedquot;kicker&amp;escapedquot;:&amp;escapedquot;Festival auf Selbstsuche&amp;escapedquot;,&amp;escapedquot;headline&amp;escapedquot;:&amp;escapedquot;Legt die Berlinale zur\u00fcck in den Sommer!&amp;escapedquot;},&amp;escapedquot;id&amp;escapedquot;:&amp;escapedquot;15238812&amp;escapedquot;,&amp;escapedquot;type&amp;escapedquot;:&amp;escapedquot;story&amp;escapedquot;},&amp;escapedquot;isPartOfList&amp;escapedquot;:true,&amp;escapedquot;topicListType&amp;escapedquot;:&amp;escapedquot;topic-list&amp;escapedquot;},&amp;escapedquot;showArrow&amp;escapedquot;:true}\" data-hydrate-slots=\"{&#039;default&#039;:[]}\" class=\"tspC3qb tspC2p9\" rel=\"nofollow noopener\" target=\"_blank\">Festival auf Selbstsuche Legt die Berlinale zur\u00fcck in den Sommer! <\/a><\/p>\n<p class=\"tspCCnp\">Nun, das kommt nat\u00fcrlich darauf an, um was genau es geht. In Sachen Tattoos zum Beispiel kann ein gewisser Maximalismus Familienfehden weiter befeuern, und da w\u00e4re dann weniger wirklich mehr. Oder so. Zu beobachten ist das aktuell bei den Beckhams. <a href=\"https:\/\/www.tagesspiegel.de\/berlin\/mehr-als-ein-zickenkrieg-das-beckham-drama-kann-ein-lehrstuck-fur-jede-familie-sein-15174120.html?icid=in-text-link_15245233\" class=\"link link--internal\" data-gtm-class=\"article-text-link\" data-gtm-val=\"internal\" rel=\"nofollow noopener\" target=\"_blank\">Der \u00e4lteste Sohn, Brooklyn, hatte sich zuletzt ja erst von seinen Eltern, dem Ex-Fu\u00dfballer David und dem Spice-Girl Victoria, losgesagt<\/a>. Offenbar lie\u00df er dann konsequenterweise auch unter seine Haut gehende Verewigungen der beiden (plus solche, die seine drei Geschwister betreffen) schw\u00e4rzen.<\/p>\n<p class=\"tspCCnp\">Sein j\u00fcngerer Bruder reagierte darauf wiederum mit einer neuen T\u00e4towierung seinerseits. Sein ausrasierter Hinterkopf schm\u00fcckt jetzt der Schriftzug \u201eFamily\u201c. Gerne w\u00fcrde man den Beckhams raten, doch einfach \u00fcber eine WhatsApp-Gruppe zu kommunizieren, doch der Zug ist offenbar schon lange abgefahren.<\/p>\n","protected":false},"excerpt":{"rendered":"In vielerlei Hinsicht k\u00f6nnte die Behauptung, dass die vergangene Woche popkulturell geschichtstr\u00e4chtig war, gegen so manchen Zweifel bestehen.&hellip;\n","protected":false},"author":2,"featured_media":798419,"comment_status":"","ping_status":"","sticky":false,"template":"","format":"standard","meta":{"footnotes":"","_share_on_mastodon":"0"},"categories":[1825],"tags":[12690,296,5697,29,30,14266,80159,2272],"class_list":["post-798418","post","type-post","status-publish","format-standard","has-post-thumbnail","category-berlin","tag-auftritt","tag-berlin","tag-brasilien","tag-deutschland","tag-germany","tag-image","tag-leute-berlin","tag-popstar"],"share_on_mastodon":{"url":"https:\/\/pubeurope.com\/@de\/116072232189351747","error":""},"_links":{"self":[{"href":"https:\/\/www.europesays.com\/de\/wp-json\/wp\/v2\/posts\/798418","targetHints":{"allow":["GET"]}}],"collection":[{"href":"https:\/\/www.europesays.com\/de\/wp-json\/wp\/v2\/posts"}],"about":[{"href":"https:\/\/www.europesays.com\/de\/wp-json\/wp\/v2\/types\/post"}],"author":[{"embeddable":true,"href":"https:\/\/www.europesays.com\/de\/wp-json\/wp\/v2\/users\/2"}],"replies":[{"embeddable":true,"href":"https:\/\/www.europesays.com\/de\/wp-json\/wp\/v2\/comments?post=798418"}],"version-history":[{"count":0,"href":"https:\/\/www.europesays.com\/de\/wp-json\/wp\/v2\/posts\/798418\/revisions"}],"wp:featuredmedia":[{"embeddable":true,"href":"https:\/\/www.europesays.com\/de\/wp-json\/wp\/v2\/media\/798419"}],"wp:attachment":[{"href":"https:\/\/www.europesays.com\/de\/wp-json\/wp\/v2\/media?parent=798418"}],"wp:term":[{"taxonomy":"category","embeddable":true,"href":"https:\/\/www.europesays.com\/de\/wp-json\/wp\/v2\/categories?post=798418"},{"taxonomy":"post_tag","embeddable":true,"href":"https:\/\/www.europesays.com\/de\/wp-json\/wp\/v2\/tags?post=798418"}],"curies":[{"name":"wp","href":"https:\/\/api.w.org\/{rel}","templated":true}]}}