{"id":798491,"date":"2026-02-15T02:58:14","date_gmt":"2026-02-15T02:58:14","guid":{"rendered":"https:\/\/www.europesays.com\/de\/798491\/"},"modified":"2026-02-15T02:58:14","modified_gmt":"2026-02-15T02:58:14","slug":"antifa-schlaegertrupp-furcht-vor-rache-nach-gewalt-tod-von-jungem-rechtsextremen-in-frankreich-macron-ruft-zu-ruhe-auf","status":"publish","type":"post","link":"https:\/\/www.europesays.com\/de\/798491\/","title":{"rendered":"Antifa-Schl\u00e4gertrupp: Furcht vor Rache nach Gewalt-Tod von jungem Rechtsextremen in Frankreich \u2013 Macron ruft zu \u201eRuhe\u201c auf"},"content":{"rendered":"<p class=\"is-first-paragraph\" data-external=\"Article.FirstParagraph\">Der gewaltsame Tod eines jungen Rechtsextremen in der franz\u00f6sischen Stadt Lyon hat Bef\u00fcrchtungen vor m\u00f6glichen Racheakten gesch\u00fcrt. Frankreichs Staatschef Emmanuel Macron rief am Samstag zu \u201eRuhe, Zur\u00fcckhaltung und Respekt\u201c auf. In Frankreich k\u00f6nne \u201ekeine Ideologie jemals rechtfertigen, dass man t\u00f6tet\u201c, schrieb der Pr\u00e4sident im Kurzbotschaftendienst X. Die T\u00e4ter m\u00fcssten zur Rechenschaft gezogen werden.<\/p>\n<p>Der 23-j\u00e4hrige Quentin, dessen Nachname nicht \u00f6ffentlich gemacht wurde, war am Donnerstag am Rande von Protesten gegen einen Auftritt der linken Europaabgeordneten Rima Hassan in Lyon brutal attackiert worden. Der Student und Angeh\u00f6rige der Identit\u00e4ten Bewegung erlag am Samstag in einem Krankenhaus der franz\u00f6sischen Gro\u00dfstadt seinen schweren Verletzungen, wie die Staatsanwaltschaft der Nachrichtenagentur AFP mitteilte. Die Beh\u00f6rden haben Ermittlungen eingeleitet.<\/p>\n<p>Nach Angaben des identit\u00e4ren Kollektivs N\u00e9m\u00e9sis war Quentin Teil des Ordnungsdienstes, der f\u00fcr die Sicherheit der Anti-Hassan-Demonstranten sorgen sollte. Er und andere <a class=\"is-link c-block-items__link c-link--rich-text-renderer\" href=\"https:\/\/www.welt.de\/politik\/deutschland\/article698b5c579501f81648ced6a6\/nach-entscheidung-der-afd-spitze-friedliche-protestgruppe-afd-fraktion-in-brandenburg-verteidigt-identitaere-bewegung.html\" target=\"_blank\" rel=\"noopener nofollow\" data-internal-tracking-enabled=\"true\" data-internal-tracking=\"{&quot;action&quot;:&quot;click&quot;,&quot;label&quot;:&quot;link&quot;,&quot;name&quot;:&quot;Inline Element&quot;,&quot;data&quot;:{&quot;source&quot;:&quot;&quot;,&quot;target&quot;:&quot;https:\/\/www.welt.de\/politik\/deutschland\/article698b5c579501f81648ced6a6\/nach-entscheidung-der-afd-spitze-friedliche-protestgruppe-afd-fraktion-in-brandenburg-verteidigt-identitaere-bewegung.html&quot;,&quot;trackingName&quot;:&quot;&quot;,&quot;trackingLabel&quot;:&quot;&quot;}}\">Identit\u00e4re<\/a> wurden demnach von Antifa-Aktivisten attackiert. Der franz\u00f6sische Fernsehsender TF1 zeigte am Samstagabend ein Video, das die Tat zeigen soll. Auf den Aufnahmen ist zu sehen, wie drei M\u00e4nner von einer Gruppe von Angreifern zusammengeschlagen werden.<\/p>\n<p>Le Pen: \u201eLynchmord\u201c durch \u201eBarbaren\u201c<\/p>\n<p>Der Anwalt von Quentins Familie sprach von einem \u201eHinterhalt\u201c, der \u201emethodisch vorbereitet\u201c worden sei. Die Angreifer seien \u201eorganisiert und trainiert\u201c gewesen. Die Familie des Toten rief zu \u201eRuhe und Zur\u00fcckhaltung\u201c auf.<\/p>\n<p>Die franz\u00f6sische Rechtspopulistin Marine Le Pen sprach am Samstag von einem \u201eLynchmord\u201c. Die verantwortlichen \u201eBarbaren\u201c m\u00fcssten mit der vollen H\u00e4rte des Gesetzes bestraft werden. Auch zahlreiche andere franz\u00f6sische Politiker \u00e4u\u00dferten sich zu dem Vorfall.<\/p>\n","protected":false},"excerpt":{"rendered":"Der gewaltsame Tod eines jungen Rechtsextremen in der franz\u00f6sischen Stadt Lyon hat Bef\u00fcrchtungen vor m\u00f6glichen Racheakten gesch\u00fcrt. Frankreichs&hellip;\n","protected":false},"author":2,"featured_media":798492,"comment_status":"","ping_status":"","sticky":false,"template":"","format":"standard","meta":{"footnotes":"","_share_on_mastodon":"0"},"categories":[3974],"tags":[331,332,15323,7302,548,663,3934,3980,156,13,7301,7228,14,15,110,7227,1323,12],"class_list":["post-798491","post","type-post","status-publish","format-standard","has-post-thumbnail","category-frankreich","tag-aktuelle-nachrichten","tag-aktuelle-news","tag-balken-inbox","tag-emmanuel","tag-eu","tag-europa","tag-europe","tag-france","tag-frankreich","tag-headlines","tag-macron","tag-marine-le-tochter","tag-nachrichten","tag-news","tag-newsteam","tag-pen","tag-rassemblement-national","tag-schlagzeilen"],"share_on_mastodon":{"url":"https:\/\/pubeurope.com\/@de\/116072408907659721","error":""},"_links":{"self":[{"href":"https:\/\/www.europesays.com\/de\/wp-json\/wp\/v2\/posts\/798491","targetHints":{"allow":["GET"]}}],"collection":[{"href":"https:\/\/www.europesays.com\/de\/wp-json\/wp\/v2\/posts"}],"about":[{"href":"https:\/\/www.europesays.com\/de\/wp-json\/wp\/v2\/types\/post"}],"author":[{"embeddable":true,"href":"https:\/\/www.europesays.com\/de\/wp-json\/wp\/v2\/users\/2"}],"replies":[{"embeddable":true,"href":"https:\/\/www.europesays.com\/de\/wp-json\/wp\/v2\/comments?post=798491"}],"version-history":[{"count":0,"href":"https:\/\/www.europesays.com\/de\/wp-json\/wp\/v2\/posts\/798491\/revisions"}],"wp:featuredmedia":[{"embeddable":true,"href":"https:\/\/www.europesays.com\/de\/wp-json\/wp\/v2\/media\/798492"}],"wp:attachment":[{"href":"https:\/\/www.europesays.com\/de\/wp-json\/wp\/v2\/media?parent=798491"}],"wp:term":[{"taxonomy":"category","embeddable":true,"href":"https:\/\/www.europesays.com\/de\/wp-json\/wp\/v2\/categories?post=798491"},{"taxonomy":"post_tag","embeddable":true,"href":"https:\/\/www.europesays.com\/de\/wp-json\/wp\/v2\/tags?post=798491"}],"curies":[{"name":"wp","href":"https:\/\/api.w.org\/{rel}","templated":true}]}}