{"id":798545,"date":"2026-02-15T03:30:13","date_gmt":"2026-02-15T03:30:13","guid":{"rendered":"https:\/\/www.europesays.com\/de\/798545\/"},"modified":"2026-02-15T03:30:13","modified_gmt":"2026-02-15T03:30:13","slug":"rheinpegel-steigt-erste-hochwassermarke-am-sonntag-erreicht","status":"publish","type":"post","link":"https:\/\/www.europesays.com\/de\/798545\/","title":{"rendered":"Rheinpegel steigt \u2013 erste Hochwassermarke am Sonntag erreicht?"},"content":{"rendered":"<p>Nach Regen der vergangenen Tage <\/p>\n<p>Rheinpegel steigt: Erste Ma\u00dfnahmen am Sonntag?<\/p>\n<p>14.02.2026 &#8211; 21:09 UhrLesedauer: 1 Min.<\/p>\n<p><a href=\"#focus-0\" class=\"transition-colors duration-200 block text-current relative\" data-sctrack=\"FocusGalleryImage.Reference\"><img fetchpriority=\"high\" data-testid=\"Opener.Image\" style=\"--lqipURL:url('https:\/\/images.t-online.de\/2025\/04\/7xnWv3s4ylad\/0x208:4000x2250\/fit-in\/150x0\/filters:blur(25)\/hochwasser-am-rhein-in-koeln-archivbild-regenfaelle-sollen-die-pegelstaende-in-nrw-in-den-kommenden-tagen-weiter-ansteigen-lassen.jpg')\"   loading=\"eager\" src=\"https:\/\/www.europesays.com\/de\/wp-content\/uploads\/2026\/02\/hochwasser-am-rhein-in-koeln-archivbild-regenfaelle-sollen-die-pegelstaende-in-nrw-in-den-kommenden-.jpeg\" alt=\"Hochwasser am Rhein in K\u00f6ln (Archivbild): Regenf\u00e4lle sollen die Pegelst\u00e4nde in NRW in den kommenden Tagen weiter ansteigen lassen.\" title=\"Hochwasser am Rhein in K\u00f6ln (Archivbild): Regenf\u00e4lle sollen die Pegelst\u00e4nde in NRW in den kommenden Tagen weiter ansteigen lassen.\" width=\"4000\" height=\"2250\" class=\"bg-[url:var(--lqipURL)] bg-cover bg-center flex h-full w-full max-w-full\" decoding=\"async\"\/><img style=\"--width:32;--height:32\" loading=\"lazy\" src=\"https:\/\/koeln.t-online.de\/s\/paper\/_next\/static\/media\/zoom-in.f7dae02f.svg\" alt=\"Vergr\u00f6\u00dfern des Bildes\" title=\"Vergr\u00f6\u00dfern des Bildes\" class=\"block h-[calc(var(--height)_\/_16_*_1rem)] w-[calc(var(--width)_\/_16_*_1rem)] max-w-none absolute bottom-8 right-8 rounded-4 bg-snow p-8\" decoding=\"async\"\/><\/a><\/p>\n<p>Hochwasser am Rhein in K\u00f6ln (Symbolbild): Regenf\u00e4lle sollen die Pegelst\u00e4nde in NRW in den kommenden Tagen weiter ansteigen lassen. (Quelle: IMAGO\/Christoph Hardt)<\/p>\n<p class=\"font-bold text-18 leading-17 user-text-lg:text-22 user-text-xl:text-24\">Der verregnete Start in den Stra\u00dfenkarneval hat Folgen f\u00fcr den Rhein. Am Sonntag k\u00f6nnte die erste Hochwassermarke von 6,20 Meter erreicht werden.<\/p>\n<p class=\"text-18 leading-17 user-text-lg:text-22 user-text-xl:text-24\">Die K\u00f6lner Stadtentw\u00e4sserungsbetriebe (StEB) melden am Samstagabend mit Stand 20.30 Uhr einen Rheinpegel von 5,87 Metern. Am Samstagmorgen um 7 Uhr wurden noch 5,37 Meter gemessen.<\/p>\n<p class=\"text-18 leading-17 user-text-lg:text-22 user-text-xl:text-24\">Die StEB rechnen zudem mit einem weiteren Anstieg des Pegels in der Nacht zum Sonntag. Die erste Hochwassermarke von 6,20 Meter k\u00f6nnte im Laufe des Sonntags erreicht werden. Ab dieser Marke werden in K\u00f6ln die ersten Hochwasserschutzma\u00dfnahmen ergriffen. Schiffe d\u00fcrfen dann nur noch mit verminderter Geschwindigkeit und im mittleren Stromdrittel fahren.<\/p>\n<p class=\"text-18 leading-17 user-text-lg:text-22 user-text-xl:text-24\">Ab einem Wasserstand von 6,80 Metern wird das Hubtor in Rodenkirchen geschlossen. Die sogenannte gro\u00dfe Hochwasserschutzzentrale wird ab einem Pegel von sieben Metern je nach Steigerungsrate eingerichtet. Dann werden im Rodenkirchener Auenviertel erste mobile W\u00e4nde aufgebaut und in Porz-Z\u00fcndorf die Groov geflutet.<\/p>\n","protected":false},"excerpt":{"rendered":"Nach Regen der vergangenen Tage Rheinpegel steigt: Erste Ma\u00dfnahmen am Sonntag? 14.02.2026 &#8211; 21:09 UhrLesedauer: 1 Min. Hochwasser&hellip;\n","protected":false},"author":2,"featured_media":798546,"comment_status":"","ping_status":"","sticky":false,"template":"","format":"standard","meta":{"footnotes":"","_share_on_mastodon":"0"},"categories":[1828],"tags":[29,30,5669,179862,1420,1209,5206,5977,65676],"class_list":["post-798545","post","type-post","status-publish","format-standard","has-post-thumbnail","category-koeln","tag-deutschland","tag-germany","tag-hochwasser","tag-hochwassermarke","tag-koeln","tag-nordrhein-westfalen","tag-rhein","tag-rheinpegel","tag-strassenkarneval"],"share_on_mastodon":{"url":"https:\/\/pubeurope.com\/@de\/116072534846732101","error":""},"_links":{"self":[{"href":"https:\/\/www.europesays.com\/de\/wp-json\/wp\/v2\/posts\/798545","targetHints":{"allow":["GET"]}}],"collection":[{"href":"https:\/\/www.europesays.com\/de\/wp-json\/wp\/v2\/posts"}],"about":[{"href":"https:\/\/www.europesays.com\/de\/wp-json\/wp\/v2\/types\/post"}],"author":[{"embeddable":true,"href":"https:\/\/www.europesays.com\/de\/wp-json\/wp\/v2\/users\/2"}],"replies":[{"embeddable":true,"href":"https:\/\/www.europesays.com\/de\/wp-json\/wp\/v2\/comments?post=798545"}],"version-history":[{"count":0,"href":"https:\/\/www.europesays.com\/de\/wp-json\/wp\/v2\/posts\/798545\/revisions"}],"wp:featuredmedia":[{"embeddable":true,"href":"https:\/\/www.europesays.com\/de\/wp-json\/wp\/v2\/media\/798546"}],"wp:attachment":[{"href":"https:\/\/www.europesays.com\/de\/wp-json\/wp\/v2\/media?parent=798545"}],"wp:term":[{"taxonomy":"category","embeddable":true,"href":"https:\/\/www.europesays.com\/de\/wp-json\/wp\/v2\/categories?post=798545"},{"taxonomy":"post_tag","embeddable":true,"href":"https:\/\/www.europesays.com\/de\/wp-json\/wp\/v2\/tags?post=798545"}],"curies":[{"name":"wp","href":"https:\/\/api.w.org\/{rel}","templated":true}]}}