{"id":798936,"date":"2026-02-15T07:35:11","date_gmt":"2026-02-15T07:35:11","guid":{"rendered":"https:\/\/www.europesays.com\/de\/798936\/"},"modified":"2026-02-15T07:35:11","modified_gmt":"2026-02-15T07:35:11","slug":"rot-weiss-ahlen-i-kassiert-gegen-asc-09-dortmund","status":"publish","type":"post","link":"https:\/\/www.europesays.com\/de\/798936\/","title":{"rendered":"Rot Weiss Ahlen I kassiert gegen ASC 09 Dortmund"},"content":{"rendered":"<p>                                Spielinfos:<br \/>\nDatum &amp; Uhrzeit: 14.02.2026 15.30 Uhr<br \/>Austragungsort: Dortmund<br \/>Wettbewerb: Oberliga Westfalen<br \/>Spieltag: 22<\/p>\n<p>Spielbericht: ASC 09 Dortmund gegen Rot Weiss Ahlen I 3:1 (2:0)<\/p>\n<p id=\"absatz2\" class=\"em_text\">Dortmund. Ein gelungenes Heimspiel d\u00fcrfen die 100 Zuschauer auf dem Dortmunder Sportplatz Schweizer Allee am Samstag verfolgen. Mit 3:1 setzen sich die Dortmunder souver\u00e4n gegen die G\u00e4ste aus Ahlen durch. Der Schiedsrichter Arnoush Araghi langweilt sich sicher nicht. Insgesamt sechs Karten inklusive eines Platzverweises kommen in dieser chaotischen Partie zum Einsatz.<\/p>\n<p id=\"absatz3\" class=\"em_text\">Die erste Halbzeit startet schleppend. Kurz vor dem Ende der ersten Spielh\u00e4lfte erzielt Rafael Camprobin Corchero den ersten Treffer und bringt sein Team in F\u00fchrung (37). Wenige Minuten sp\u00e4ter klingelt es schon wieder im Kasten. Wir sehen das zweite Tor durch Lars Warschewski (41). Es sieht nicht gut aus f\u00fcr Ahlen. Aber dann muss der ASC 09 Dortmund auch mal einstecken. Torwart Joel Nickel kann den Ball von Gianluca Di Vinti nicht abwehren \u2013 2:1. Der Erfolg h\u00e4lt jedoch nicht lange an.<\/p>\n<p id=\"absatz4\" class=\"em_text\">Beide Teams wechseln in der verbleibenden Spielzeit nochmal aus. Luis Sebastian Kehl wird eingesetzt f\u00fcr Lewin Alexander D Hone und Josip Kopecki f\u00fcr Samer-Amer Sarar. Auf der Gastseite r\u00e4umen Kilian Hornbruch f\u00fcr Emro Curic und Marius M\u00fcller f\u00fcr Davin W\u00f6stmann den Platz. F\u00fcr die Hausherren lohnt sich die Aktion.<\/p>\n<p id=\"absatz5\" class=\"em_text\">In der Nachspielzeit schafft es der ASC 09 Dortmund dann noch einmal: Im letzten Augenblick bef\u00f6rdert Josip Kopecki den Ball mit Erfolg ins gegnerische Tor und kann den Abstand zum 3:1 vergr\u00f6\u00dfern. Damit ist der Triumph der Dortmunder gesichert (97). Die Ahlener rutschten auf Platz 19 ab.<\/p>\n<p>Die Aufstellungen: ASC 09 Dortmund &#8211; Rot Weiss Ahlen I<br \/>\nASC 09 Dortmund: Elias Boadi Opoku (11), Lewin Alexander D Hone (17), Mats Wilkesmann (4), Jan Stuhldreier (7), Florian Rausch (23), Rafael Camprobin Corchero (24), Lars Warschewski (10), Jannik Urban (8), Samer-Amer Sarar (15), Jan-Patrick Friedrich (5), Joel Nickel (1)<br \/>Rot Weiss Ahlen I: Iskender Aslan (25), Ben Binyamin (20), Oktay Dal (19), Lukas Ilija van Ingen (31), Marius M\u00fcller (8), Marc Heider (23), Gianluca Di Vinti (11), Aaron Osei Bonsu (34), Franko Uzelac (4), Bernad Gllogjani (44), Kilian Hornbruch (22)<br \/>Schiedsrichter: Arnoush Araghi<\/p>\n<p id=\"absatz6\" class=\"em_text\">Assistent: Julien Wache<\/p>\n<p id=\"absatz7\" class=\"em_text\">Assistent: Thorsten Kleib\u00f6hmer<\/p>\n<p id=\"absatz8\" class=\"em_text\" style=\"font-size: .8em;\">Die Inhalte dieses Berichts wurden automatisch auf der Basis von DFB-Daten zusammengestellt.<\/p>\n","protected":false},"excerpt":{"rendered":"Spielinfos: Datum &amp; Uhrzeit: 14.02.2026 15.30 UhrAustragungsort: DortmundWettbewerb: Oberliga WestfalenSpieltag: 22 Spielbericht: ASC 09 Dortmund gegen Rot Weiss&hellip;\n","protected":false},"author":2,"featured_media":154663,"comment_status":"","ping_status":"","sticky":false,"template":"","format":"standard","meta":{"footnotes":"","_share_on_mastodon":"0"},"categories":[1833],"tags":[17788,179930,24794,3364,29,217,5282,30,97298,55391,734,7774,1613,1209,12006,17782,17712,7773,7765,8404],"class_list":["post-798936","post","type-post","status-publish","format-standard","has-post-thumbnail","category-dortmund","tag-ahlen","tag-arnoush-araghi","tag-asc-09-dortmund","tag-de","tag-deutschland","tag-dortmund","tag-fuball","tag-germany","tag-joel-nickel","tag-marius-mller","tag-meta_artikelklasse_nachricht","tag-meta_themen_sport","tag-meta_userneeds_informieremich","tag-nordrhein-westfalen","tag-oberliga","tag-rot-weiss-ahlen","tag-serie_ligaid_210198","tag-serie_ligaid_all","tag-spielinfo","tag-westfalen"],"share_on_mastodon":{"url":"https:\/\/pubeurope.com\/@de\/116073498215671584","error":""},"_links":{"self":[{"href":"https:\/\/www.europesays.com\/de\/wp-json\/wp\/v2\/posts\/798936","targetHints":{"allow":["GET"]}}],"collection":[{"href":"https:\/\/www.europesays.com\/de\/wp-json\/wp\/v2\/posts"}],"about":[{"href":"https:\/\/www.europesays.com\/de\/wp-json\/wp\/v2\/types\/post"}],"author":[{"embeddable":true,"href":"https:\/\/www.europesays.com\/de\/wp-json\/wp\/v2\/users\/2"}],"replies":[{"embeddable":true,"href":"https:\/\/www.europesays.com\/de\/wp-json\/wp\/v2\/comments?post=798936"}],"version-history":[{"count":0,"href":"https:\/\/www.europesays.com\/de\/wp-json\/wp\/v2\/posts\/798936\/revisions"}],"wp:featuredmedia":[{"embeddable":true,"href":"https:\/\/www.europesays.com\/de\/wp-json\/wp\/v2\/media\/154663"}],"wp:attachment":[{"href":"https:\/\/www.europesays.com\/de\/wp-json\/wp\/v2\/media?parent=798936"}],"wp:term":[{"taxonomy":"category","embeddable":true,"href":"https:\/\/www.europesays.com\/de\/wp-json\/wp\/v2\/categories?post=798936"},{"taxonomy":"post_tag","embeddable":true,"href":"https:\/\/www.europesays.com\/de\/wp-json\/wp\/v2\/tags?post=798936"}],"curies":[{"name":"wp","href":"https:\/\/api.w.org\/{rel}","templated":true}]}}