{"id":799238,"date":"2026-02-15T10:29:13","date_gmt":"2026-02-15T10:29:13","guid":{"rendered":"https:\/\/www.europesays.com\/de\/799238\/"},"modified":"2026-02-15T10:29:13","modified_gmt":"2026-02-15T10:29:13","slug":"nach-fast-drei-monaten-joel-schmied-feiert-comeback","status":"publish","type":"post","link":"https:\/\/www.europesays.com\/de\/799238\/","title":{"rendered":"Nach fast drei Monaten \u2013 Joel Schmied feiert Comeback"},"content":{"rendered":"<p class=\"text-18 leading-17 user-text-lg:text-22 user-text-xl:text-24\">Unter anderem soll Kwasnioks Kommunikation mit El Mala zu den Kritikpunkten z\u00e4hlen. Der FC-Trainer widerspricht dem allerdings. &#8222;Wir haben ein sehr gutes Verh\u00e4ltnis. Mein Ziel ist, dass Said das Bestm\u00f6gliche f\u00fcr uns rausholt, aber auch f\u00fcr sich pers\u00f6nlich. Ich mag ihn sehr und, ich glaube, er mag mich auch&#8220;, sagt Kwasniok gegen\u00fcber Sky.<\/p>\n<p class=\"text-18 leading-17 user-text-lg:text-22 user-text-xl:text-24\">Der 44-J\u00e4hrige ordnet ein: &#8222;Ich bin sein Begleiter, sein Trainer \u2013 und kein Fan von ihm.&#8220; Doch: &#8222;Ich liebe ihn genauso wie meine Kinder.&#8220; Bei Kindern wie bei Spielern sei immer ein Mix aus N\u00e4he und Distanz gefragt, Kwasniok betont aber: &#8222;Said ist ein feiner Junge. Ich freue mich jeden Tag, mit ihm zusammenzuarbeiten.&#8220;<\/p>\n<p class=\"text-18 leading-17 user-text-lg:text-22 user-text-xl:text-24\">Mittwoch, 11. Februar 2026<\/p>\n<p class=\"text-18 leading-17 user-text-lg:text-22 user-text-xl:text-24\">Nach der Karnevalssitzung am Dienstagabend mit Zapfenstreich um 23 Uhr ist der 1. FC K\u00f6ln am Mittwochnachmittag in die Vorbereitung auf das Ausw\u00e4rtsspiel beim VfB Stuttgart eingestiegen. Dabei gab es eine doppelte Entwarnung: Die zuletzt angeschlagenen Ragnar Ache und Said El Mala konnten an der Einheit teilnehmen.<\/p>\n<p class=\"text-18 leading-17 user-text-lg:text-22 user-text-xl:text-24\">Ache, der beim 1:2 gegen Leipzig aufgrund von Kniebeschwerden ausgewechselt worden war und nicht mehr richtig auftreten konnte, hatte bereits am Vorabend bei der FC-Sitzung Entwarnung gegeben: &#8222;Es ist alles okay, dem Knie geht es gut.&#8220;<\/p>\n<p class=\"text-18 leading-17 user-text-lg:text-22 user-text-xl:text-24\">Ebenfalls Teil der Trainingsgruppe war am Mittwoch U19-Talent David F\u00fcrst. Lukas Kwasniok belohnte den Rechtsverteidiger damit f\u00fcr einen starken Auftritt im Youth-League-Spiel gegen Inter Mailand vor 50.000 Fans im Rheinenergiestadion.<\/p>\n<p class=\"text-18 leading-17 user-text-lg:text-22 user-text-xl:text-24\">Dienstag, 10. Februar 2026<\/p>\n","protected":false},"excerpt":{"rendered":"Unter anderem soll Kwasnioks Kommunikation mit El Mala zu den Kritikpunkten z\u00e4hlen. Der FC-Trainer widerspricht dem allerdings. &#8222;Wir&hellip;\n","protected":false},"author":2,"featured_media":799239,"comment_status":"","ping_status":"","sticky":false,"template":"","format":"standard","meta":{"footnotes":"","_share_on_mastodon":"0"},"categories":[1828],"tags":[7378,623,3175,3174,3177,87238,114152,3167,1634,3166,75287,4709,29,15184,3153,123241,29371,2051,86534,485,36000,30,3152,3154,1420,71,3134,3142,16069,3143,3169,3160,3172,3170,3168,4455,1209,121,28676,1655,11615,1441,226,3141,3171,3165,2915,88549],"class_list":["post-799238","post","type-post","status-publish","format-standard","has-post-thumbnail","category-koeln","tag-siegburg","tag-1-fc-koeln","tag-3175","tag-3174","tag-3177","tag-87238","tag-alessio-castro-montes","tag-anthony-modeste","tag-baden-wuerttemberg","tag-britta-carlson","tag-chris-fuehrich","tag-comeback","tag-deutschland","tag-el-mala","tag-eric-martel","tag-felipe-chavez","tag-florian-kainz","tag-frankfurt-am-main","tag-freistosstor","tag-fussball-bundesliga","tag-geissbockheim","tag-germany","tag-jan-thielmann","tag-joel-schmied","tag-koeln","tag-leipzig","tag-linton-maina","tag-luca-waldschmidt","tag-lukas-kwasniok","tag-mark-uth","tag-markus-rejek","tag-mathias-olesen","tag-max-finkgraefe","tag-maximilian-schmid","tag-meiko-sponsel","tag-moenchengladbach","tag-nordrhein-westfalen","tag-polizei","tag-ragnar-ache","tag-rb-leipzig","tag-sportfreunde-lotte","tag-stuttgart","tag-t-online","tag-timo-huebers","tag-trainingslager","tag-transfermarkt","tag-vfb-stuttgart","tag-wolfgang-overath"],"share_on_mastodon":{"url":"","error":"Validation failed: Text character limit of 500 exceeded"},"_links":{"self":[{"href":"https:\/\/www.europesays.com\/de\/wp-json\/wp\/v2\/posts\/799238","targetHints":{"allow":["GET"]}}],"collection":[{"href":"https:\/\/www.europesays.com\/de\/wp-json\/wp\/v2\/posts"}],"about":[{"href":"https:\/\/www.europesays.com\/de\/wp-json\/wp\/v2\/types\/post"}],"author":[{"embeddable":true,"href":"https:\/\/www.europesays.com\/de\/wp-json\/wp\/v2\/users\/2"}],"replies":[{"embeddable":true,"href":"https:\/\/www.europesays.com\/de\/wp-json\/wp\/v2\/comments?post=799238"}],"version-history":[{"count":0,"href":"https:\/\/www.europesays.com\/de\/wp-json\/wp\/v2\/posts\/799238\/revisions"}],"wp:featuredmedia":[{"embeddable":true,"href":"https:\/\/www.europesays.com\/de\/wp-json\/wp\/v2\/media\/799239"}],"wp:attachment":[{"href":"https:\/\/www.europesays.com\/de\/wp-json\/wp\/v2\/media?parent=799238"}],"wp:term":[{"taxonomy":"category","embeddable":true,"href":"https:\/\/www.europesays.com\/de\/wp-json\/wp\/v2\/categories?post=799238"},{"taxonomy":"post_tag","embeddable":true,"href":"https:\/\/www.europesays.com\/de\/wp-json\/wp\/v2\/tags?post=799238"}],"curies":[{"name":"wp","href":"https:\/\/api.w.org\/{rel}","templated":true}]}}