{"id":799351,"date":"2026-02-15T11:31:14","date_gmt":"2026-02-15T11:31:14","guid":{"rendered":"https:\/\/www.europesays.com\/de\/799351\/"},"modified":"2026-02-15T11:31:14","modified_gmt":"2026-02-15T11:31:14","slug":"tierheim-hannover-rettet-kaninchen-aus-der-not-tierschutzfall","status":"publish","type":"post","link":"https:\/\/www.europesays.com\/de\/799351\/","title":{"rendered":"Tierheim Hannover rettet Kaninchen aus der Not \u2013 Tierschutzfall"},"content":{"rendered":"<p>Kein Futter, kein Wasser <\/p>\n<p>Kaninchen aus Not gerettet: Wer schenkt ihnen ein neues Zuhause?<\/p>\n<p>15.02.2026 &#8211; 11:20 UhrLesedauer: 1 Min.<\/p>\n<p><a href=\"#focus-0\" class=\"transition-colors duration-200 block text-current relative\" data-sctrack=\"FocusGalleryImage.Reference\"><img fetchpriority=\"high\" data-testid=\"Opener.Image\" style=\"--lqipURL:url('https:\/\/images.t-online.de\/2025\/03\/HavppacL1r3m\/0x208:4000x2250\/fit-in\/150x0\/filters:blur(25)\/kaninchen-symbolbild-in-langenhagen-wurden-drei-ausgesetzte-kaninchen-entdeckt.jpg')\"   loading=\"eager\" src=\"https:\/\/www.europesays.com\/de\/wp-content\/uploads\/2026\/02\/kaninchen-symbolbild-in-langenhagen-wurden-drei-ausgesetzte-kaninchen-entdeckt.jpg\" alt=\"Kaninchen (Symbolbild): In Langenhagen wurden drei ausgesetzte Kaninchen entdeckt.\" title=\"Kaninchen (Symbolbild): In Langenhagen wurden drei ausgesetzte Kaninchen entdeckt.\" width=\"4000\" height=\"2250\" class=\"bg-[url:var(--lqipURL)] bg-cover bg-center flex h-full w-full max-w-full\" decoding=\"async\"\/><img style=\"--width:32;--height:32\" loading=\"lazy\" src=\"https:\/\/hannover.t-online.de\/s\/paper\/_next\/static\/media\/zoom-in.f7dae02f.svg\" alt=\"Vergr\u00f6\u00dfern des Bildes\" title=\"Vergr\u00f6\u00dfern des Bildes\" class=\"block h-[calc(var(--height)_\/_16_*_1rem)] w-[calc(var(--width)_\/_16_*_1rem)] max-w-none absolute bottom-8 right-8 rounded-4 bg-snow p-8\" decoding=\"async\"\/><\/a><\/p>\n<p>Kaninchen (Symbolbild): Ein Tierschutzfall ersch\u00fcttert das Tierheim. (Quelle: Stefan Rotter\/imago-images-bilder)<\/p>\n<p class=\"font-bold text-18 leading-17 user-text-lg:text-22 user-text-xl:text-24\">Zusammengepfercht in einem viel zu kleinen Gehege \u2013 ohne Futter und Wasser. So lebte eine Gruppe Kaninchen, bevor sie vom Tierheim Hannover aufgenommen wurde. Jetzt hoffen die Tiere auf einen Neuanfang.<\/p>\n<p class=\"text-18 leading-17 user-text-lg:text-22 user-text-xl:text-24\">Sie haben Enge und Hunger \u00fcberlebt \u2013 nun warten 15 Kaninchen im <a class=\"transition-colors duration-200 cursor-pointer text-inherit no-underline text-salemsfur md:hover:text-magenta md:hover:border-magenta md:focus:text-magenta border-current border-b border-solid break-words\" href=\"https:\/\/www.t-online.de\/themen\/tierheim-hannover\/\" data-sctrack=\"BodyAnchor\" rel=\"nofollow noopener\" target=\"_blank\">Tierheim Hannover<\/a> auf ein neues Zuhause. Die Tiere stammen aus einem Tierschutzfall, wie das <a class=\"transition-colors duration-200 cursor-pointer text-inherit no-underline text-salemsfur md:hover:text-magenta md:hover:border-magenta md:focus:text-magenta border-current border-b border-solid break-words\" href=\"https:\/\/www.t-online.de\/themen\/tierheim-hannover\/\" data-sctrack=\"BodyAnchor\" rel=\"nofollow noopener\" target=\"_blank\">Tierheim<\/a> in den sozialen Netzwerken berichtet. Dabei wurden 31 Kaninchen in einem Gehege gehalten, das eigentlich nur f\u00fcr zwei Tiere vorgesehen war.<\/p>\n<p class=\"text-18 leading-17 user-text-lg:text-22 user-text-xl:text-24\">Nach Angaben des Tierheims fehlten Futter und Wasser, viele Tiere waren mager, ihr Fell verfilzt. &#8222;Viele der Jungtiere haben die kalten Tage dort leider nicht \u00fcberlebt&#8220;, schreiben die Mitarbeiter des Tierheims weiter. Einige Kaninchen sind auch in anderen Einrichtungen untergekommen.<\/p>\n<p class=\"text-18 leading-17 user-text-lg:text-22 user-text-xl:text-24\">Inzwischen h\u00e4tten sich alle verbliebenen Kaninchen gut erholt. Die Weibchen zeigten sich teilweise noch sch\u00fcchtern, seien aber freundlich. Auch die M\u00e4nnchen seien noch etwas zur\u00fcckhaltend.<\/p>\n<p class=\"text-18 leading-17 user-text-lg:text-22 user-text-xl:text-24\">Gesucht wird ein artgerechtes Zuhause in Innen- oder Au\u00dfenhaltung. Vermittelt werden die Kaninchen jeweils zu einem passenden Partner, als P\u00e4rchen oder in einer kleinen Gruppe. Wer Interesse hat, kann sich per E-Mail unter info@tierheim-hannover.de beim Tierheim melden.<\/p>\n","protected":false},"excerpt":{"rendered":"Kein Futter, kein Wasser Kaninchen aus Not gerettet: Wer schenkt ihnen ein neues Zuhause? 15.02.2026 &#8211; 11:20 UhrLesedauer:&hellip;\n","protected":false},"author":2,"featured_media":799352,"comment_status":"","ping_status":"","sticky":false,"template":"","format":"standard","meta":{"footnotes":"","_share_on_mastodon":"0"},"categories":[1836],"tags":[722,611,163306,3364,29,17752,30,46,15550,1411,2486,48377,5645,3367,15552],"class_list":["post-799351","post","type-post","status-publish","format-standard","has-post-thumbnail","category-hannover","tag-722","tag-611","tag-163306","tag-de","tag-deutschland","tag-gehege","tag-germany","tag-hannover","tag-kaninchen","tag-niedersachsen","tag-tierheim","tag-tierheimbewohner","tag-tierschicksal","tag-tierschutz","tag-tierschutzfall"],"share_on_mastodon":{"url":"https:\/\/pubeurope.com\/@de\/116074426288832243","error":""},"_links":{"self":[{"href":"https:\/\/www.europesays.com\/de\/wp-json\/wp\/v2\/posts\/799351","targetHints":{"allow":["GET"]}}],"collection":[{"href":"https:\/\/www.europesays.com\/de\/wp-json\/wp\/v2\/posts"}],"about":[{"href":"https:\/\/www.europesays.com\/de\/wp-json\/wp\/v2\/types\/post"}],"author":[{"embeddable":true,"href":"https:\/\/www.europesays.com\/de\/wp-json\/wp\/v2\/users\/2"}],"replies":[{"embeddable":true,"href":"https:\/\/www.europesays.com\/de\/wp-json\/wp\/v2\/comments?post=799351"}],"version-history":[{"count":0,"href":"https:\/\/www.europesays.com\/de\/wp-json\/wp\/v2\/posts\/799351\/revisions"}],"wp:featuredmedia":[{"embeddable":true,"href":"https:\/\/www.europesays.com\/de\/wp-json\/wp\/v2\/media\/799352"}],"wp:attachment":[{"href":"https:\/\/www.europesays.com\/de\/wp-json\/wp\/v2\/media?parent=799351"}],"wp:term":[{"taxonomy":"category","embeddable":true,"href":"https:\/\/www.europesays.com\/de\/wp-json\/wp\/v2\/categories?post=799351"},{"taxonomy":"post_tag","embeddable":true,"href":"https:\/\/www.europesays.com\/de\/wp-json\/wp\/v2\/tags?post=799351"}],"curies":[{"name":"wp","href":"https:\/\/api.w.org\/{rel}","templated":true}]}}