{"id":799398,"date":"2026-02-15T11:57:13","date_gmt":"2026-02-15T11:57:13","guid":{"rendered":"https:\/\/www.europesays.com\/de\/799398\/"},"modified":"2026-02-15T11:57:13","modified_gmt":"2026-02-15T11:57:13","slug":"auto-faehrt-unter-stehendem-lkw-frau-tot","status":"publish","type":"post","link":"https:\/\/www.europesays.com\/de\/799398\/","title":{"rendered":"Auto f\u00e4hrt unter stehendem Lkw \u2013 Frau tot"},"content":{"rendered":"<p>Tochter sa\u00df mit im Auto <\/p>\n<p>Auto f\u00e4hrt unter stehenden Lkw \u2013 Frau tot<\/p>\n<p>15.02.2026 &#8211; 12:45 UhrLesedauer: 1 Min.<\/p>\n<p><a href=\"#focus-0\" class=\"transition-colors duration-200 block text-current relative\" data-sctrack=\"FocusGalleryImage.Reference\"><img fetchpriority=\"high\" data-testid=\"Opener.Image\" style=\"--lqipURL:url('https:\/\/images.t-online.de\/2026\/02\/Nt2T4vS8Vmwh\/0x238:4000x2250\/fit-in\/150x0\/filters:blur(25)\/feuerwehr-im-einsatz-archivbild-in-berlin-kam-es-zu-einem-schweren-verkehrsunfall.jpg')\"   loading=\"eager\" src=\"https:\/\/www.europesays.com\/de\/wp-content\/uploads\/2026\/02\/feuerwehr-im-einsatz-archivbild-in-berlin-kam-es-zu-einem-schweren-verkehrsunfall.jpg\" alt=\"Feuerwehr im Einsatz (Archivbild): In Berlin kam es zu einem schweren Verkehrsunfall.\" title=\"Feuerwehr im Einsatz (Archivbild): In Berlin kam es zu einem schweren Verkehrsunfall.\" width=\"4000\" height=\"2250\" class=\"bg-[url:var(--lqipURL)] bg-cover bg-center flex h-full w-full max-w-full\" decoding=\"async\"\/><img style=\"--width:32;--height:32\" loading=\"lazy\" src=\"https:\/\/berlin.t-online.de\/s\/paper\/_next\/static\/media\/zoom-in.f7dae02f.svg\" alt=\"Vergr\u00f6\u00dfern des Bildes\" title=\"Vergr\u00f6\u00dfern des Bildes\" class=\"block h-[calc(var(--height)_\/_16_*_1rem)] w-[calc(var(--width)_\/_16_*_1rem)] max-w-none absolute bottom-8 right-8 rounded-4 bg-snow p-8\" decoding=\"async\"\/><\/a><\/p>\n<p>Feuerwehr im Einsatz (Archivbild): In Berlin kam es zu einem schweren Verkehrsunfall. (Quelle: IMAGO\/Sabine Gudath)<\/p>\n<p class=\"font-bold text-18 leading-17 user-text-lg:text-22 user-text-xl:text-24\">Schwerer Unfall im Osten der Hauptstadt: Eine Frau verstirbt trotz Reanimationsversuchen. Die Tochter des Opfers muss alles mit ansehen.<\/p>\n<p class=\"text-18 leading-17 user-text-lg:text-22 user-text-xl:text-24\">In Berlin-Hellersdorf ist es am Samstagabend zu einem t\u00f6dlichen Verkehrsunfall gekommen. Ein Auto ist unter einen stehenden Lkw gefahren, teilt die Polizei am Sonntagmittag mit. F\u00fcr die 38-j\u00e4hrige Fahrerin kam demnach jede Hilfe zu sp\u00e4t. Zu dem Unfall kam es gegen 21.50 Uhr auf der Hellersdorfer Stra\u00dfe.<\/p>\n<p class=\"text-18 leading-17 user-text-lg:text-22 user-text-xl:text-24\">Die Frau war dort laut Polizei mit ihrem Auto auf dem rechten Fahrstreifen in Richtung Cecilienstra\u00dfe unterwegs. Auf H\u00f6he des U-Bahnhofs Kienberg parkte auf dem von der 38-J\u00e4hrigen benutzten Fahrstreifen ein Lkw mit Auflieger, den die 38-J\u00e4hrige offenbar \u00fcbersah. Nach dem Zusammensto\u00df musste die Frau den Angaben zufolge aus dem Fahrzeug geborgen und noch am Unfallort reanimiert werden.<\/p>\n<p class=\"text-18 leading-17 user-text-lg:text-22 user-text-xl:text-24\">Die zw\u00f6lfj\u00e4hrige Tochter der Frau sa\u00df laut Polizei ebenfalls im Auto \u2013 und blieb k\u00f6rperlich unverletzt. Sie sei ansprechbar gewesen. Mutter und Tochter kamen in ein Krankenhaus, in dem die 38-J\u00e4hrige demnach ihren Verletzungen trotz intensivmedizinischer Versorgung erlag. Die Zw\u00f6lfj\u00e4hrige sei zur weiteren Beobachtung station\u00e4r in der Klinik aufgenommen worden.<\/p>\n<p class=\"text-18 leading-17 user-text-lg:text-22 user-text-xl:text-24\">Die Polizei stellte den Wagen wegen eines technischen Gutachtens nach eigenen Angaben sicher. Dieser sei f\u00fcr Ermittlungen zu einer Dienststelle der Beh\u00f6rde gebracht worden.<\/p>\n<p class=\"text-18 leading-17 user-text-lg:text-22 user-text-xl:text-24\">Die Hellersdorfer Stra\u00dfe blieb ab dem Feldberger Ring in s\u00fcdlicher Richtung von 22 am Samstagabend bis 3 Uhr am Sonntagmorgen gesperrt. Die Polizei hat die Ermittlungen zur Unfallursache aufgenommen.<\/p>\n","protected":false},"excerpt":{"rendered":"Tochter sa\u00df mit im Auto Auto f\u00e4hrt unter stehenden Lkw \u2013 Frau tot 15.02.2026 &#8211; 12:45 UhrLesedauer: 1&hellip;\n","protected":false},"author":2,"featured_media":799399,"comment_status":"","ping_status":"","sticky":false,"template":"","format":"standard","meta":{"footnotes":"","_share_on_mastodon":"0"},"categories":[1825],"tags":[513,296,19136,29,985,30,180005,180006,121,36211,1284,3260],"class_list":["post-799398","post","type-post","status-publish","format-standard","has-post-thumbnail","category-berlin","tag-auto","tag-berlin","tag-berlin-hellersdorf","tag-deutschland","tag-feuerwehr","tag-germany","tag-hellersdorfer-strasse","tag-kienberg","tag-polizei","tag-reanimationsversuch","tag-unfall","tag-verkehrsunfall"],"share_on_mastodon":{"url":"https:\/\/pubeurope.com\/@de\/116074528596625721","error":""},"_links":{"self":[{"href":"https:\/\/www.europesays.com\/de\/wp-json\/wp\/v2\/posts\/799398","targetHints":{"allow":["GET"]}}],"collection":[{"href":"https:\/\/www.europesays.com\/de\/wp-json\/wp\/v2\/posts"}],"about":[{"href":"https:\/\/www.europesays.com\/de\/wp-json\/wp\/v2\/types\/post"}],"author":[{"embeddable":true,"href":"https:\/\/www.europesays.com\/de\/wp-json\/wp\/v2\/users\/2"}],"replies":[{"embeddable":true,"href":"https:\/\/www.europesays.com\/de\/wp-json\/wp\/v2\/comments?post=799398"}],"version-history":[{"count":0,"href":"https:\/\/www.europesays.com\/de\/wp-json\/wp\/v2\/posts\/799398\/revisions"}],"wp:featuredmedia":[{"embeddable":true,"href":"https:\/\/www.europesays.com\/de\/wp-json\/wp\/v2\/media\/799399"}],"wp:attachment":[{"href":"https:\/\/www.europesays.com\/de\/wp-json\/wp\/v2\/media?parent=799398"}],"wp:term":[{"taxonomy":"category","embeddable":true,"href":"https:\/\/www.europesays.com\/de\/wp-json\/wp\/v2\/categories?post=799398"},{"taxonomy":"post_tag","embeddable":true,"href":"https:\/\/www.europesays.com\/de\/wp-json\/wp\/v2\/tags?post=799398"}],"curies":[{"name":"wp","href":"https:\/\/api.w.org\/{rel}","templated":true}]}}