{"id":799522,"date":"2026-02-15T13:08:15","date_gmt":"2026-02-15T13:08:15","guid":{"rendered":"https:\/\/www.europesays.com\/de\/799522\/"},"modified":"2026-02-15T13:08:15","modified_gmt":"2026-02-15T13:08:15","slug":"moevenpick-hotel-an-der-messe-frankfurt-geschlossen","status":"publish","type":"post","link":"https:\/\/www.europesays.com\/de\/799522\/","title":{"rendered":"M\u00f6venpick Hotel an der Messe-Frankfurt geschlossen"},"content":{"rendered":"<p>Gro\u00dfe Hotelkette <\/p>\n<p>Betreiber insolvent: Frankfurter Hotel geschlossen<\/p>\n<p>15.02.2026 &#8211; 13:21 UhrLesedauer: 2 Min.<\/p>\n<p><a href=\"#focus-0\" class=\"transition-colors duration-200 block text-current relative\" data-sctrack=\"FocusGalleryImage.Reference\"><img fetchpriority=\"high\" data-testid=\"Opener.Image\" style=\"--lqipURL:url('https:\/\/images.t-online.de\/2026\/02\/2rIzMVSg6RgE\/0x420:4000x2250\/fit-in\/150x0\/filters:blur(25)\/moevenpick-hotel-frankfurt-city-die-letzten-gaeste-muessen-bis-morgen-raus.jpg')\"   loading=\"eager\" src=\"https:\/\/www.europesays.com\/de\/wp-content\/uploads\/2026\/02\/1771160895_817_moevenpick-hotel-frankfurt-city-die-letzten-gaeste-muessen-bis-morgen-raus.jpg\" alt=\"imago201576990\" title=\"imago201576990\" width=\"4000\" height=\"2250\" class=\"bg-[url:var(--lqipURL)] bg-cover bg-center flex h-full w-full max-w-full\" decoding=\"async\"\/><img style=\"--width:32;--height:32\" loading=\"lazy\" src=\"https:\/\/frankfurt.t-online.de\/s\/paper\/_next\/static\/media\/zoom-in.f7dae02f.svg\" alt=\"Vergr\u00f6\u00dfern des Bildes\" title=\"Vergr\u00f6\u00dfern des Bildes\" class=\"block h-[calc(var(--height)_\/_16_*_1rem)] w-[calc(var(--width)_\/_16_*_1rem)] max-w-none absolute bottom-8 right-8 rounded-4 bg-snow p-8\" decoding=\"async\"\/><\/a><\/p>\n<p>M\u00f6venpick Hotel Frankfurt City: Die letzten G\u00e4ste haben das Hotel an der Messe verlassen. (Quelle: marina13 via imago-images.de\/imago-images-bilder)<\/p>\n<p class=\"font-bold text-18 leading-17 user-text-lg:text-22 user-text-xl:text-24\">Europas gr\u00f6\u00dfter Hotelbetreiber ist insolvent \u2013 nun trifft es auch Frankfurt. Das M\u00f6venpick Hotel in der City hat seit Sonntag dauerhaft geschlossen.<\/p>\n<p class=\"text-18 leading-17 user-text-lg:text-22 user-text-xl:text-24\">Nach der Insolvenz von Europas gr\u00f6\u00dftem Hotelbetreiber trifft es nun auch Frankfurt. Das &#8222;M\u00f6venpick Hotel Frankfurt City&#8220; an der Messe hat seinen Betrieb eingestellt \u2013 seit diesem Sonntag ist das Haus geschlossen.<\/p>\n<p class=\"text-18 leading-17 user-text-lg:text-22 user-text-xl:text-24\">Die Revo Hospitality Group hatte Mitte Januar f\u00fcr zahlreiche Gesellschaften Insolvenz beantragt. Nun werden erste Hotels dauerhaft dichtgemacht. Ein Mitarbeiter des Frankfurter M\u00f6venpick <a class=\"transition-colors duration-200 cursor-pointer text-inherit no-underline text-salemsfur md:hover:text-magenta md:hover:border-magenta md:focus:text-magenta border-current border-b border-solid break-words\" href=\"https:\/\/www.t-online.de\/finanzen\/aktuelles\/wirtschaft\/id_101129494\/nach-insolvenz-von-revo-diese-hotels-muessen-jetzt-schliessen.html\" data-sctrack=\"BodyAnchor\" rel=\"nofollow noopener\" target=\"_blank\">hatte bereits gegen\u00fcber t-online angek\u00fcndigt:<\/a> &#8222;Morgen ist der letzte Tag.&#8220; Noch seien G\u00e4ste im Haus, dann werde der Betrieb eingestellt. Seit heute ist das Hotel geschlossen.<\/p>\n<p class=\"text-18 leading-17 user-text-lg:text-22 user-text-xl:text-24\">Auch das &#8222;Aedenlife Hotel &amp; Resort&#8220; auf R\u00fcgen hat den Betrieb bereits beendet. Auf der Website hei\u00dft es, Buchungen seien nicht mehr m\u00f6glich. G\u00e4ste mit bestehenden Reservierungen w\u00fcrden informiert.<\/p>\n<p class=\"text-18 leading-17 user-text-lg:text-22 user-text-xl:text-24\">Nach Unternehmensangaben sind von dem Insolvenzantrag 125 Hotels mit rund 5.500 Besch\u00e4ftigten in Deutschland und \u00d6sterreich betroffen. Der Betrieb sollte zun\u00e4chst weiterlaufen, die L\u00f6hne sind \u00fcber eine Vorfinanzierung der Agentur f\u00fcr Arbeit bis M\u00e4rz gesichert.<\/p>\n<p class=\"text-18 leading-17 user-text-lg:text-22 user-text-xl:text-24\">Allerdings l\u00e4uft nicht \u00fcberall eine Insolvenz in Eigenverwaltung. F\u00fcr vier Gesellschaften wurde ein vorl\u00e4ufiges Regelinsolvenzverfahren angeordnet. Das bedeutet: Ein Insolvenzverwalter entscheidet \u00fcber Fortf\u00fchrung oder Schlie\u00dfung. Neben dem M\u00f6venpick betrifft das auch das &#8222;Centro Hotel National&#8220; in Frankfurt. Dort l\u00e4uft der Betrieb bislang weiter.<\/p>\n<p class=\"text-18 leading-17 user-text-lg:text-22 user-text-xl:text-24\">Revo betreibt nach eigenen Angaben rund 250 Hotels in zw\u00f6lf europ\u00e4ischen L\u00e4ndern, viele davon unter Marken gro\u00dfer Ketten. Als Gr\u00fcnde f\u00fcr die Krise nennt das Unternehmen gestiegene Kosten und die schnelle Expansion der vergangenen Jahre. Seit 2020 wuchs das Portfolio stark.<\/p>\n<p class=\"text-18 leading-17 user-text-lg:text-22 user-text-xl:text-24\">F\u00fcr Reisende bleibt die Lage unsicher. Zwar sollten bestehende Buchungen zun\u00e4chst g\u00fcltig bleiben. Die Schlie\u00dfung in Frankfurt zeigt jedoch, dass sich das kurzfristig \u00e4ndern kann. Wer betroffen ist, sollte sich vorab beim Hotel informieren.<\/p>\n","protected":false},"excerpt":{"rendered":"Gro\u00dfe Hotelkette Betreiber insolvent: Frankfurter Hotel geschlossen 15.02.2026 &#8211; 13:21 UhrLesedauer: 2 Min. M\u00f6venpick Hotel Frankfurt City: Die&hellip;\n","protected":false},"author":2,"featured_media":798401,"comment_status":"","ping_status":"","sticky":false,"template":"","format":"standard","meta":{"footnotes":"","_share_on_mastodon":"0"},"categories":[1829],"tags":[722,67842,29,663,2050,2051,30,2052,32660,1551,47,58995],"class_list":["post-799522","post","type-post","status-publish","format-standard","has-post-thumbnail","category-frankfurt-am-main","tag-722","tag-67842","tag-deutschland","tag-europa","tag-frankfurt","tag-frankfurt-am-main","tag-germany","tag-hessen","tag-hotelkette","tag-insolvenz","tag-messe","tag-moevenpick"],"share_on_mastodon":{"url":"https:\/\/pubeurope.com\/@de\/116074807825342591","error":""},"_links":{"self":[{"href":"https:\/\/www.europesays.com\/de\/wp-json\/wp\/v2\/posts\/799522","targetHints":{"allow":["GET"]}}],"collection":[{"href":"https:\/\/www.europesays.com\/de\/wp-json\/wp\/v2\/posts"}],"about":[{"href":"https:\/\/www.europesays.com\/de\/wp-json\/wp\/v2\/types\/post"}],"author":[{"embeddable":true,"href":"https:\/\/www.europesays.com\/de\/wp-json\/wp\/v2\/users\/2"}],"replies":[{"embeddable":true,"href":"https:\/\/www.europesays.com\/de\/wp-json\/wp\/v2\/comments?post=799522"}],"version-history":[{"count":0,"href":"https:\/\/www.europesays.com\/de\/wp-json\/wp\/v2\/posts\/799522\/revisions"}],"wp:featuredmedia":[{"embeddable":true,"href":"https:\/\/www.europesays.com\/de\/wp-json\/wp\/v2\/media\/798401"}],"wp:attachment":[{"href":"https:\/\/www.europesays.com\/de\/wp-json\/wp\/v2\/media?parent=799522"}],"wp:term":[{"taxonomy":"category","embeddable":true,"href":"https:\/\/www.europesays.com\/de\/wp-json\/wp\/v2\/categories?post=799522"},{"taxonomy":"post_tag","embeddable":true,"href":"https:\/\/www.europesays.com\/de\/wp-json\/wp\/v2\/tags?post=799522"}],"curies":[{"name":"wp","href":"https:\/\/api.w.org\/{rel}","templated":true}]}}