{"id":799574,"date":"2026-02-15T13:36:20","date_gmt":"2026-02-15T13:36:20","guid":{"rendered":"https:\/\/www.europesays.com\/de\/799574\/"},"modified":"2026-02-15T13:36:20","modified_gmt":"2026-02-15T13:36:20","slug":"schneefront-zu-karneval-bis-zu-10-zentimeter","status":"publish","type":"post","link":"https:\/\/www.europesays.com\/de\/799574\/","title":{"rendered":"Schneefront zu Karneval\u00a0\u2013 bis zu 10 Zentimeter"},"content":{"rendered":"<p>Bis zu zehn Zentimeter <\/p>\n<p>Schneefront erreicht Aachen zu Rosenmontag<\/p>\n<p>15.02.2026 &#8211; 13:30 UhrLesedauer: 1 Min.<\/p>\n<p><a href=\"#focus-0\" class=\"transition-colors duration-200 block text-current relative\" data-sctrack=\"FocusGalleryImage.Reference\"><img fetchpriority=\"high\" data-testid=\"Opener.Image\" style=\"--lqipURL:url('https:\/\/images.t-online.de\/2026\/01\/7icWNTmAPa2U\/0x417:4000x2250\/fit-in\/150x0\/filters:blur(25)\/ein-raeumfahrzeug-des-winterdienstes-im-einsatz-archivbild-der-deutsche-wetterdienst-dwd-erwartet-erhebliche-glaettegefahr-und-eisregen-in-aachen-und-nordrhein-westfalen.jpg')\"   loading=\"eager\" src=\"https:\/\/www.europesays.com\/de\/wp-content\/uploads\/2026\/02\/ein-raeumfahrzeug-des-winterdienstes-im-einsatz-archivbild-der-deutsche-wetterdienst-dwd-erwartet-er.jpeg\" alt=\"Ein R\u00e4umfahrzeug des Winterdienstes im Einsatz (Archivbild): Der Deutsche Wetterdienst (DWD) erwartet erhebliche Gl\u00e4ttegefahr und Eisregen in Aachen und Nordrhein-Westfalen.\" title=\"Ein R\u00e4umfahrzeug des Winterdienstes im Einsatz (Archivbild): Der Deutsche Wetterdienst (DWD) erwartet erhebliche Gl\u00e4ttegefahr und Eisregen in Aachen und Nordrhein-Westfalen.\" width=\"4000\" height=\"2250\" class=\"bg-[url:var(--lqipURL)] bg-cover bg-center flex h-full w-full max-w-full\" decoding=\"async\"\/><img style=\"--width:32;--height:32\" loading=\"lazy\" src=\"https:\/\/aachen.t-online.de\/s\/paper\/_next\/static\/media\/zoom-in.f7dae02f.svg\" alt=\"Vergr\u00f6\u00dfern des Bildes\" title=\"Vergr\u00f6\u00dfern des Bildes\" class=\"block h-[calc(var(--height)_\/_16_*_1rem)] w-[calc(var(--width)_\/_16_*_1rem)] max-w-none absolute bottom-8 right-8 rounded-4 bg-snow p-8\" decoding=\"async\"\/><\/a><\/p>\n<p>Ein R\u00e4umfahrzeug des Winterdienstes im Einsatz (Archivbild): Der Deutsche Wetterdienst (DWD) erwartet Schnee in Aachen. (Quelle: Fotostand \/ van der Velden via www.imago-images.de)<\/p>\n<p class=\"font-bold text-18 leading-17 user-text-lg:text-22 user-text-xl:text-24\">Der Karneval in Aachen erreicht mit dem Rosenmontagszug seinen H\u00f6hepunkt. Doch dabei wird es kalt \u2013 der Wetterdienst warnt sogar vor Schneef\u00e4llen.<\/p>\n<p class=\"text-18 leading-17 user-text-lg:text-22 user-text-xl:text-24\">In diesem Jahr zieht der Aachener Rosenmontagszug erstmals vom Adalbertsteinweg bis zur Sandkaulstra\u00dfe durch die Stadt. Bevor die Aachener aber den H\u00f6hepunkt des Stra\u00dfenkarnevals feiern, wird es noch einmal richtig winterlich. Der Deutsche Wetterdienst (DWD) hat n\u00e4mlich eine amtliche Schneewarnung f\u00fcr Aachen und die St\u00e4dteregion herausgegeben.<\/p>\n<p class=\"text-18 leading-17 user-text-lg:text-22 user-text-xl:text-24\">Von Sonntag um 17 Uhr an bis in die Nacht auf Montag hinein soll es demnach schneien, in Lagen \u00fcber 400 Metern rechnen die Meteorologen mit f\u00fcnf bis zehn Zentimetern Neuschnee. Auch k\u00f6nne es glatt auf den Stra\u00dfen werden. Die Menschen in der Region sollten daher ihr Verhalten im Stra\u00dfenverkehr an die Wetterbedingungen anpassen, vorsichtig fahren und Verz\u00f6gerungen einplanen. Wenn m\u00f6glich, sollten Autofahrten ganz vermieden werden.<\/p>\n<p class=\"text-18 leading-17 user-text-lg:text-22 user-text-xl:text-24\">Am Montag selbst soll es dann \u00fcberwiegend bew\u00f6lkt werden, die Temperaturen liegen zwischen 4 und 5 Grad. W\u00e4hrend es am Vormittag mehrheitlich trocken werden soll, seien am Mittag dann wieder Regenschauer und sogar Gewitter m\u00f6glich. Laut &#8222;wetter.com&#8220; liegt die Regenwahrscheinlichkeit zwischen 12 und 17 Uhr bei 90 Prozent. Am Abend soll das Regenrisiko dann zun\u00e4chst sinken, ehe sich die dunklen Wolken in der Nacht wieder \u00fcber der St\u00e4dteregion entladen.<\/p>\n<p class=\"text-18 leading-17 user-text-lg:text-22 user-text-xl:text-24\">Karnevalisten sollten sich also warm und regenfest einpacken, wenn sie am Rosenmontag durch die Stadt ziehen.<\/p>\n","protected":false},"excerpt":{"rendered":"Bis zu zehn Zentimeter Schneefront erreicht Aachen zu Rosenmontag 15.02.2026 &#8211; 13:30 UhrLesedauer: 1 Min. Ein R\u00e4umfahrzeug des&hellip;\n","protected":false},"author":2,"featured_media":799575,"comment_status":"","ping_status":"","sticky":false,"template":"","format":"standard","meta":{"footnotes":"","_share_on_mastodon":"0"},"categories":[1853],"tags":[13204,29735,63415,176264,1424,3364,29,4906,548,663,3934,30,13,14,15,1209,160443,30482,12,137711,157278],"class_list":["post-799574","post","type-post","status-publish","format-standard","has-post-thumbnail","category-aachen","tag-karneval","tag-rosenmontag","tag-63415","tag-176264","tag-aachen","tag-de","tag-deutschland","tag-dwd","tag-eu","tag-europa","tag-europe","tag-germany","tag-headlines","tag-nachrichten","tag-news","tag-nordrhein-westfalen","tag-raeumfahrzeug","tag-rosenmontagszug","tag-schlagzeilen","tag-schneefall","tag-schneefront"],"share_on_mastodon":{"url":"https:\/\/pubeurope.com\/@de\/116074917923292109","error":""},"_links":{"self":[{"href":"https:\/\/www.europesays.com\/de\/wp-json\/wp\/v2\/posts\/799574","targetHints":{"allow":["GET"]}}],"collection":[{"href":"https:\/\/www.europesays.com\/de\/wp-json\/wp\/v2\/posts"}],"about":[{"href":"https:\/\/www.europesays.com\/de\/wp-json\/wp\/v2\/types\/post"}],"author":[{"embeddable":true,"href":"https:\/\/www.europesays.com\/de\/wp-json\/wp\/v2\/users\/2"}],"replies":[{"embeddable":true,"href":"https:\/\/www.europesays.com\/de\/wp-json\/wp\/v2\/comments?post=799574"}],"version-history":[{"count":0,"href":"https:\/\/www.europesays.com\/de\/wp-json\/wp\/v2\/posts\/799574\/revisions"}],"wp:featuredmedia":[{"embeddable":true,"href":"https:\/\/www.europesays.com\/de\/wp-json\/wp\/v2\/media\/799575"}],"wp:attachment":[{"href":"https:\/\/www.europesays.com\/de\/wp-json\/wp\/v2\/media?parent=799574"}],"wp:term":[{"taxonomy":"category","embeddable":true,"href":"https:\/\/www.europesays.com\/de\/wp-json\/wp\/v2\/categories?post=799574"},{"taxonomy":"post_tag","embeddable":true,"href":"https:\/\/www.europesays.com\/de\/wp-json\/wp\/v2\/tags?post=799574"}],"curies":[{"name":"wp","href":"https:\/\/api.w.org\/{rel}","templated":true}]}}