{"id":799715,"date":"2026-02-15T14:57:15","date_gmt":"2026-02-15T14:57:15","guid":{"rendered":"https:\/\/www.europesays.com\/de\/799715\/"},"modified":"2026-02-15T14:57:15","modified_gmt":"2026-02-15T14:57:15","slug":"mecklenburg-vorpommern-junge-11-stirbt-bei-unfall-mit-schlitten-news","status":"publish","type":"post","link":"https:\/\/www.europesays.com\/de\/799715\/","title":{"rendered":"Mecklenburg-Vorpommern: Junge (11) stirbt bei Unfall mit Schlitten | News"},"content":{"rendered":"<p><a class=\"skip-content skip-content--link\" href=\"#in-content-skip-link-target-v-0-0\">TTS-Player \u00fcberspringen\u21b5<\/a><a id=\"in-content-skip-link-target-v-0-0\" class=\"skip-content--target-link-hidden skip-content skip-content--target-link\" href=\"#in-content-skip-link-target-v-0-0\">Artikel weiterlesen<\/a><\/p>\n<p>Kuchelmi\u00df (Mecklenburg-Vorpommern) \u2013 <b>Es sollte ein vergn\u00fcglicher Winterspa\u00df werden, doch es endete in einer Trag\u00f6die! In der kleinen Gemeinde Kuchelmi\u00df im S\u00fcden des Landkreises Rostock ist am Sonntagvormittag ein kleiner Junge (11) bei einem Unfall mit seinem Schlitten ums Leben gekommen. Ein Autofahrer hatte das Kind auf einem selbstgebauten Plastikschlitten mit seinem Wagen gezogen. Dabei prallte der Elfj\u00e4hrige gegen einen Holzstapel und starb.<\/b><\/p>\n<p>Nach ersten Informationen der <a href=\"https:\/\/www.bild.de\/regional\/aktuelles\/polizei\/polizeieinsatz-alle-infos-76681760.bild.html\" class=\"text-link\" rel=\"nofollow noopener\" target=\"_blank\">Polizei<\/a> ereignete sich der t\u00f6dliche <a href=\"https:\/\/www.bild.de\/news\/aktuelles\/verkehrsunfall\/verkehrsunfaelle-alle-infos-76680804.bild.html\" class=\"text-link\" rel=\"nofollow noopener\" target=\"_blank\">Unfall<\/a> gegen 10.50 Uhr auf einem Feldweg nahe Kuchelmi\u00df. Ein Bekannter (37) des Jungen hatte den Schlitten mit seinem Wagen gezogen. \u201eNeben dem elfj\u00e4hrigen Jungen sa\u00dfen zwei weitere Kinder auf dem Schlitten, als es zu dem Ungl\u00fcck kam\u201c, sagte ein Polizeisprecher zu BILD. Die beiden anderen Kinder (11, 13) wurden leicht verletzt.<\/p>\n<p>11-J\u00e4hriger von Auto gezogen: Junge stirbt beim Unfall mit Schlitten<a class=\"anchor video-teaser__anchor\" href=\"https:\/\/www.bild.de\/news\/11-jaehriger-von-auto-gezogen-junge-stirbt-beim-unfall-mit-schlitten-6991daf3f4d0b8d94ca1d35b\" rel=\"nofollow noopener\" target=\"_blank\"><img decoding=\"async\" width=\"992\" height=\"558\" alt=\"\" src=\"https:\/\/www.europesays.com\/de\/wp-content\/uploads\/2026\/02\/f575ead0da051090847d1f21bd0fd355,3c1137ca.jpeg\"   class=\"landscape teaser__image\" loading=\"lazy\"\/><\/a><\/p>\n<p>Quelle: DPA15.02.2026<\/p>\n<p>Junge starb noch am Unfallort<\/p>\n<p>Der Autofahrer soll die Kontrolle \u00fcber seinen silbernen Mercedes-Transporter verloren haben, woraufhin der selbstgebastelte Plastik-Schlitten, der per Seil an der Anh\u00e4ngerkupplung befestigt war, mit hohem Tempo frontal gegen einen Stapel mit Holzst\u00e4mmen krachte. Der Elfj\u00e4hrige starb nach BILD-Informationen noch am Unfallort. Zwei Rettungshubschrauber, die neben einer Rettungswagen-Besatzung angefordert wurden, konnten den Jungen nicht mehr retten. <\/p>\n<p>F\u00fcr den <a href=\"https:\/\/www.bild.de\/themen\/organisationen\/rettungsdienst\/politik-nachrichten-news-fotos-videos-19795274.bild.html\" class=\"text-link\" rel=\"nofollow noopener\" target=\"_blank\">Rettungseinsatz<\/a> war die Stra\u00dfe zwischen Seegrube und Alte F\u00f6rsterei f\u00fcr mehrere Stunden voll gesperrt. Gegen den Fahrer, der mit keinem der Kinder verwandt ist, wird nun wegen fahrl\u00e4ssiger T\u00f6tung und K\u00f6rperverletzung ermittelt. Zur weiteren Ermittlung der Unfallursache kam ein Sachverst\u00e4ndiger der Dekra an der Unfallstelle zum Einsatz.<\/p>\n<p><img decoding=\"async\" width=\"992\" height=\"558\" alt=\"Wie es genau zu dem Unfall kam, wird nun ermittelt\" src=\"https:\/\/www.europesays.com\/de\/wp-content\/uploads\/2026\/02\/f2e85be2ac99a7e8c82c6ed4d15c5662,358a1740.jpeg\"   class=\"landscape\" loading=\"lazy\"\/><\/p>\n<p class=\"fig__caption__text\">Wie es genau zu dem Unfall kam, wird nun ermittelt<\/p>\n<p>Foto: Stefan Tretropp<\/p>\n","protected":false},"excerpt":{"rendered":"TTS-Player \u00fcberspringen\u21b5Artikel weiterlesen Kuchelmi\u00df (Mecklenburg-Vorpommern) \u2013 Es sollte ein vergn\u00fcglicher Winterspa\u00df werden, doch es endete in einer Trag\u00f6die!&hellip;\n","protected":false},"author":2,"featured_media":799716,"comment_status":"","ping_status":"","sticky":false,"template":"","format":"standard","meta":{"footnotes":"","_share_on_mastodon":"0"},"categories":[2],"tags":[6175,1737,1738,29,1736,30,13,2954,16731,1351,14,15,19170,3906,12,27295,16406,138370,45,6062,10,8,9,11,2624,4951],"class_list":["post-799715","post","type-post","status-publish","format-standard","has-post-thumbnail","category-deutschland","tag-autofahrer","tag-breaking-news","tag-desk-delta","tag-deutschland","tag-fb-instantarticles","tag-germany","tag-headlines","tag-hubschrauber","tag-junge","tag-mecklenburg-vorpommern","tag-nachrichten","tag-news","tag-opfer","tag-rettungsdienst","tag-schlagzeilen","tag-schlitten","tag-schnee","tag-team-first","tag-texttospeech","tag-todesopfer","tag-top-news","tag-top-meldungen","tag-topmeldungen","tag-topnews","tag-unfaelle","tag-winter"],"share_on_mastodon":{"url":"https:\/\/pubeurope.com\/@de\/116075236287005411","error":""},"_links":{"self":[{"href":"https:\/\/www.europesays.com\/de\/wp-json\/wp\/v2\/posts\/799715","targetHints":{"allow":["GET"]}}],"collection":[{"href":"https:\/\/www.europesays.com\/de\/wp-json\/wp\/v2\/posts"}],"about":[{"href":"https:\/\/www.europesays.com\/de\/wp-json\/wp\/v2\/types\/post"}],"author":[{"embeddable":true,"href":"https:\/\/www.europesays.com\/de\/wp-json\/wp\/v2\/users\/2"}],"replies":[{"embeddable":true,"href":"https:\/\/www.europesays.com\/de\/wp-json\/wp\/v2\/comments?post=799715"}],"version-history":[{"count":0,"href":"https:\/\/www.europesays.com\/de\/wp-json\/wp\/v2\/posts\/799715\/revisions"}],"wp:featuredmedia":[{"embeddable":true,"href":"https:\/\/www.europesays.com\/de\/wp-json\/wp\/v2\/media\/799716"}],"wp:attachment":[{"href":"https:\/\/www.europesays.com\/de\/wp-json\/wp\/v2\/media?parent=799715"}],"wp:term":[{"taxonomy":"category","embeddable":true,"href":"https:\/\/www.europesays.com\/de\/wp-json\/wp\/v2\/categories?post=799715"},{"taxonomy":"post_tag","embeddable":true,"href":"https:\/\/www.europesays.com\/de\/wp-json\/wp\/v2\/tags?post=799715"}],"curies":[{"name":"wp","href":"https:\/\/api.w.org\/{rel}","templated":true}]}}