{"id":799809,"date":"2026-02-15T15:49:12","date_gmt":"2026-02-15T15:49:12","guid":{"rendered":"https:\/\/www.europesays.com\/de\/799809\/"},"modified":"2026-02-15T15:49:12","modified_gmt":"2026-02-15T15:49:12","slug":"duesseldorf-niederkassel-tonnenrennen-und-veedelszoch-tierisch-bunt-und-jeck","status":"publish","type":"post","link":"https:\/\/www.europesays.com\/de\/799809\/","title":{"rendered":"D\u00fcsseldorf-Niederkassel: Tonnenrennen und Veedelszoch &#8211; tierisch bunt und jeck"},"content":{"rendered":"<p class=\"text_ohne_einzug richtext text-em-55 !leading-serif mx-6 desktop:mx-0\"> \u201eDie Sonne lacht und es ist zum Gl\u00fcck trocken\u201c, freute sich Nadine Tr\u00e4ggert am Tulpensonntag. Gemeinsam mit ihrer Mutter Anna und T\u00f6chterchen Sina hatten sie sich ein windgesch\u00fctztes Pl\u00e4tzchen gesichert, um ganz nah dabei zu sein, wenn der Veedelszoch durch Niederkassel zieht. \u201eWir sind das erste Mal dabei\u201c, erz\u00e4hlt die geb\u00fcrtige Krefelderin. Die Familie ist vor einem halben Jahr nach D\u00fcsseldorf gezogen. \u201eKolleginnen haben mir den Tipp gegeben, diesen Umzug anzusehen, weil der so famili\u00e4r ist und man besonders gut mit kleinen Kindern hingehen kann\u201c, erz\u00e4hlte die 29-J\u00e4hrige.<\/p>\n<p class=\"richtext text-em-55 !leading-serif mx-6 desktop:mx-0\">Die Drei sind nicht die einzigen, die sich dick eingemummelt haben, denn das Thermometer lag im niedrigen einstelligen Bereich. \u201eEgal, wir schunkeln uns einfach warm\u201c, bestimmte die Oma, w\u00e4hrend sie Tochter und Enkelchen unterhakte, um der Aussage gleich Taten folgen zu lassen. Denn vor ihnen hatte ein mit Palmen und einer gro\u00dfen gelben Sonne geschm\u00fcckter Prunkwagen gestoppt, aus dessen Lautsprechern hei\u00dfe Sambarhythmen kamen und der die Aufschrift \u201eTeneriffa \u2013 Puerto de la Cruz trug\u201c. \u201eDas ist ja toll, da machen wir schon seit Jahren immer Urlaub\u201c, verriet Nadine Tr\u00e4ggert.<\/p>\n<p class=\"richtext text-em-55 !leading-serif mx-6 desktop:mx-0\">Zwanzig Gruppen und insgesamt \u00fcber 1000 Teilnehmende machten den n\u00e4rrischen Lindwurm auch in diesem Jahr zu einem echten Hingucker. Bei den Kost\u00fcmen gaben die Narren alles. Ob als Raketen, Sterne oder Unterwasserwesen, der Fantasie waren keine Grenzen gesetzt. Eine der gr\u00f6\u00dften Gruppen bildete die Internationale Schule, deren amerikanischer Schoolbus nie fehlen darf. Auch der irisch-deutsche Stammtisch Mighty Mighty Irish zeigte Flagge und der Meerbuscher Freundeskreis feierte ebenso wie die Tanzgarde der KG Blau-Wei\u00df B\u00fcderich, die gute Nachbarschaft zu den Niederkasselern.<\/p>\n<p class=\"richtext text-em-55 !leading-serif mx-6 desktop:mx-0\">Die Leibgarde des Prinzenpaares Marcus I. und Venetia Nicole hatte ihren VW-Bulli \u201eStrubbel\u201c, gef\u00fcllt mit Kamelle, am Start. <br \/>Einfach tierisch war eine Fu\u00dfgruppe, die den \u201eWahnsinnigen Wald\u201c und die Jagd auf Fuchs und <a href=\"https:\/\/rp-online.de\/thema\/wildschwein\/\" rel=\"nofollow noopener\" target=\"_blank\">Wildschwein<\/a> zum Thema machte. Nicht die einzigen \u201eTiere\u201c am Tulpensonntag, auch Pandas, Hasen oder Tiger waren unterwegs.<\/p>\n<p class=\"richtext text-em-55 !leading-serif mx-6 desktop:mx-0\">\u201eDer Zoch ist jedes Jahr unser Highlight\u201c, verriet Sven, der mit seinen \u201eKumpels vom Bau\u201c gleich den Proviant f\u00fcr das jecke Treiben im Bollerwagen mitgebracht hatte. Auf die Frage, was es denn Leckeres gibt, z\u00e4hlte \u201eder Baumeister\u201c auf: \u201eBloodwoosch nat\u00fcrlich, Halve Hahn, L\u00f6wensenf und Alt\u201c.<\/p>\n<p class=\"richtext text-em-55 !leading-serif mx-6 desktop:mx-0\">Hoch im Kurs beim n\u00e4rrischen Volk standen Kinohelden aus \u201eStar Wars\u201c und \u201eWicked\u201c. Auch <a href=\"https:\/\/rp-online.de\/thema\/harry-potter\/\" rel=\"nofollow noopener\" target=\"_blank\">Harry Potter<\/a> und seine Freundin Hermine s\u00e4umten den Zugweg, schwangen lachend ihre funkenspr\u00fchenden Zauberst\u00e4be.<\/p>\n<p class=\"richtext text-em-55 !leading-serif mx-6 desktop:mx-0\">\u201eDer friert bestimmt nicht\u201c, meinte die siebenj\u00e4hrige Leah zu ihrer Mama Nathalie und zeigte dabei auf einen Narren, der im Koala-Kost\u00fcm vorbeilief und ihnen fr\u00f6hlich winkend ein \u201eHelau!\u201c zurief und zu \u201eUnser Zoo, tierisch bunt und wunderbar!\u201c geh\u00f6rte.<br \/>Traditionell bildet die Tonnengarde mit ihrem Tonnenbauernpaar Burkhard Weiss und Alexandra Hinkel den H\u00f6hepunkt des Umzugs. Auch \u201edas junge Gem\u00fcse\u201c war mit Kindertonnenbauer Kian Modjahedpour (zehn Jahre) und -b\u00e4uerin Sophie Schuster (elf Jahre) auf einem eigenen Wagen dabei. Das Fu\u00dfvolk der Tonnengarde l\u00e4uft \u00fcbrigens den gesamten Zugweg in den h\u00f6lzernen Klompen.<\/p>\n<p class=\"richtext text-em-55 !leading-serif mx-6 desktop:mx-0\">Das Kindertonnenbauernpaar wollte zum Abschluss des n\u00e4rrischen Treibens noch das Tonnenrennen ordentlich rocken und den Gro\u00dfen mal zeigen, wie ein Wagen mit Holzfass so gerollt werden muss.<\/p>\n<p class=\"richtext text-em-55 !leading-serif mx-6 desktop:mx-0\">Nat\u00fcrlich mussten auch seine Tollit\u00e4t Marcus I. und seine Venetia Nicole gegen die Profis aus Niederkassel im Tonnenrennen unter dem Jubel der Jecken antreten. Zum Rennen hat Tonnenb\u00e4uerin Alexandra Hinkel eine ganz besondere Erinnerung. Denn ihr erster Sohn kam nur wenige Stunden nach dem Niederkasseler Umzug und Tonnenrennen 2016 zur Welt, den die jecke D\u00fcsseldorferin vorher noch mitgelaufen war.<\/p>\n<p class=\"richtext text-em-55 !leading-serif mx-6 desktop:mx-0\">Tonnenbauer Burkhard feiert 2026 sein erstes n\u00e4rrisches Jubil\u00e4um. Denn seit elf Jahren ist er nun schon mit Herzblut Mitglied der Tonnengarde.<\/p>\n","protected":false},"excerpt":{"rendered":"\u201eDie Sonne lacht und es ist zum Gl\u00fcck trocken\u201c, freute sich Nadine Tr\u00e4ggert am Tulpensonntag. Gemeinsam mit ihrer&hellip;\n","protected":false},"author":2,"featured_media":799810,"comment_status":"","ping_status":"","sticky":false,"template":"","format":"standard","meta":{"footnotes":"","_share_on_mastodon":"0"},"categories":[1831],"tags":[50594,3364,29,3405,30,46271,58423,165329,14970,1209,10818,168529,180063,180064,179979,139276,115560],"class_list":["post-799809","post","type-post","status-publish","format-standard","has-post-thumbnail","category-duesseldorf","tag-50594","tag-de","tag-deutschland","tag-duesseldorf","tag-germany","tag-gruppen","tag-nadine","tag-naerrischen","tag-niederkassel","tag-nordrhein-westfalen","tag-rennen","tag-tonnengarde","tag-tonnenrennen","tag-traeggert","tag-tulpensonntag","tag-veedelszoch","tag-zoch"],"share_on_mastodon":{"url":"","error":""},"_links":{"self":[{"href":"https:\/\/www.europesays.com\/de\/wp-json\/wp\/v2\/posts\/799809","targetHints":{"allow":["GET"]}}],"collection":[{"href":"https:\/\/www.europesays.com\/de\/wp-json\/wp\/v2\/posts"}],"about":[{"href":"https:\/\/www.europesays.com\/de\/wp-json\/wp\/v2\/types\/post"}],"author":[{"embeddable":true,"href":"https:\/\/www.europesays.com\/de\/wp-json\/wp\/v2\/users\/2"}],"replies":[{"embeddable":true,"href":"https:\/\/www.europesays.com\/de\/wp-json\/wp\/v2\/comments?post=799809"}],"version-history":[{"count":0,"href":"https:\/\/www.europesays.com\/de\/wp-json\/wp\/v2\/posts\/799809\/revisions"}],"wp:featuredmedia":[{"embeddable":true,"href":"https:\/\/www.europesays.com\/de\/wp-json\/wp\/v2\/media\/799810"}],"wp:attachment":[{"href":"https:\/\/www.europesays.com\/de\/wp-json\/wp\/v2\/media?parent=799809"}],"wp:term":[{"taxonomy":"category","embeddable":true,"href":"https:\/\/www.europesays.com\/de\/wp-json\/wp\/v2\/categories?post=799809"},{"taxonomy":"post_tag","embeddable":true,"href":"https:\/\/www.europesays.com\/de\/wp-json\/wp\/v2\/tags?post=799809"}],"curies":[{"name":"wp","href":"https:\/\/api.w.org\/{rel}","templated":true}]}}