{"id":799857,"date":"2026-02-15T16:16:17","date_gmt":"2026-02-15T16:16:17","guid":{"rendered":"https:\/\/www.europesays.com\/de\/799857\/"},"modified":"2026-02-15T16:16:17","modified_gmt":"2026-02-15T16:16:17","slug":"tatort-dreh-bei-sicherheitskonferenz-polizei-stoppt-tv-kommissare-unterhaltung","status":"publish","type":"post","link":"https:\/\/www.europesays.com\/de\/799857\/","title":{"rendered":"Tatort-Dreh bei Sicherheitskonferenz: Polizei stoppt TV-Kommissare | Unterhaltung"},"content":{"rendered":"<p><a class=\"skip-content skip-content--link\" href=\"#in-content-skip-link-target-v-0-0\">TTS-Player \u00fcberspringen\u21b5<\/a><a id=\"in-content-skip-link-target-v-0-0\" class=\"skip-content--target-link-hidden skip-content skip-content--target-link\" href=\"#in-content-skip-link-target-v-0-0\">Artikel weiterlesen<\/a><\/p>\n<p>M\u00fcnchen (Bayern) \u2013 <b>Und pl\u00f6tzlich richten sich die Augen der echten Polizei auf die Kollegen aus dem Fernsehen. Bei diesem \u201eTatort\u201c-Dreh klickten beinahe Handschellen. Wie es dazu in M\u00fcnchen kam?<\/b><\/p>\n<p>\u201eTatort\u201c-Dreh unter besonderen Umst\u00e4nden<\/p>\n<p>Die M\u00fcnchener Sicherheitskonferenz bewegte in den vergangenen Tagen die Welt. Gro\u00dfe Reden von <a href=\"https:\/\/www.bild.de\/politik\/leute\/friedrich-merz\/friedrich-merz-alle-infos-76682054.bild.html\" class=\"text-link\" rel=\"nofollow noopener\" target=\"_blank\">Bundeskanzler Friedrich Merz <\/a>(70) oder <a href=\"https:\/\/www.bild.de\/politik\/ausland-und-internationales\/lesen-sie-die-rede-von-marco-rubio-auf-der-muenchner-sicherheitskonferenz-6990265a0abe5c8b74ecf59e\" class=\"text-link\" rel=\"nofollow noopener\" target=\"_blank\">US-Au\u00dfenminister Marco Rubio<\/a> (54), Scharfsch\u00fctzen auf den D\u00e4chern, hunderte Polizisten im Bereich des Nobelhotels und gepanzerte Limousinen im Minutentakt.<\/p>\n<p><img decoding=\"async\" width=\"992\" height=\"1178\" alt=\"US-Au\u00dfenminister Marco Rubio war einer der hochrangigen G\u00e4ste in M\u00fcnchen. Als er bei der Sicherheitskonferenz sprach, durften die \u201eTatort\u201c-Ermittler f\u00fcr ihren Krimi in der N\u00e4he drehen\" src=\"https:\/\/www.europesays.com\/de\/wp-content\/uploads\/2026\/02\/49bab92f02ee30e9b665cb722fc3bc44,3ed51e69.jpeg\"   class=\"portrait\" loading=\"lazy\"\/><\/p>\n<p class=\"fig__caption__text\">US-Au\u00dfenminister Marco Rubio war einer der hochrangigen G\u00e4ste in M\u00fcnchen. Als er bei der Sicherheitskonferenz sprach, durften die \u201eTatort\u201c-Ermittler f\u00fcr ihren Krimi in der N\u00e4he drehen<\/p>\n<p>Foto: IMAGO\/Bj\u00f6rn Trotzki<\/p>\n<p>Staats- und Regierungschefs aus mehr als 50 L\u00e4ndern geben sich im Bayerischen Hof die Klinke in die Hand. Und mittendrin: zwei \u201eTatort\u201c-Kommissare \u2013 die pl\u00f6tzlich selbst ins Visier geraten. Was wie ein Drehbuch-Gag klingt, passierte beim Dreh des neuen <a href=\"https:\/\/www.bild.de\/unterhaltung\/tv\/tatort\/tatort-alle-infos-78083756.bild.html\" class=\"text-link\" rel=\"nofollow noopener\" target=\"_blank\">\u201eTatort\u201c<\/a>-Duos aus M\u00fcnchen wirklich.<\/p>\n<p><img decoding=\"async\" width=\"992\" height=\"558\" alt=\"Unter den Augen zahlreicher Sicherheitskr\u00e4fte durfte das \u201eTatort\u201c-Team am Bayerischen Hof drehen\" src=\"https:\/\/www.europesays.com\/de\/wp-content\/uploads\/2026\/02\/23574d59e310c1454bd199cd93e1f369,26645acd.jpeg\"   class=\"landscape\" loading=\"lazy\"\/><\/p>\n<p class=\"fig__caption__text\">Unter den Augen zahlreicher Sicherheitskr\u00e4fte durfte das \u201eTatort\u201c-Team am Bayerischen Hof drehen<\/p>\n<p>Foto: Robert Gongoll<\/p>\n<p>F\u00fcr die Folge \u201eDer sichere Tod\u201c durften <a href=\"https:\/\/www.bild.de\/unterhaltung\/stars-und-leute\/ferdinand-hofer-im-steckbrief-das-ist-der-tatort-schauspieler-6760445ce625b72d829984bd\" class=\"text-link\" rel=\"nofollow noopener\" target=\"_blank\">Ferdinand Hofer<\/a> (32) als Kalli Hammermann und <a href=\"https:\/\/www.bild.de\/unterhaltung\/stars-und-leute\/carlo-ljubek-im-steckbrief-alles-ueber-den-neuen-tatort-schauspieler-6746ee3d35f30c0e3b189e62\" class=\"text-link\" rel=\"nofollow noopener\" target=\"_blank\">Carlo Ljubek<\/a> (49) als Nikola Buvak mit einer Ausnahmegenehmigung bei der M\u00fcnchner Sicherheitskonferenz drehen. Es ist eines der bestbewachten politischen Treffen der Welt. Eine Kulisse, die sich kein Produzent besser ausdenken k\u00f6nnte. Aber auch eine, die es in sich hat.<\/p>\n<p>Mehr zum Thema<\/p>\n<p>\u201ePl\u00f6tzlich wurden wir von den Kommissaren zu den Verd\u00e4chtigen\u201c, scherzten die Schauspieler gegen\u00fcber DPA. \u201eBei einer spontanen Sicherheitskontrolle waren wir kurz davor, abgef\u00fchrt zu werden, weil ein Herr Buvak und ein Herr Hammermann nat\u00fcrlich nicht als Teilnehmer der Sicherheitskonferenz akkreditiert waren.\u201c Dank der Best\u00e4tigung, dass sie im Auftrag des <a href=\"https:\/\/www.bild.de\/politik\/meinung-kommentare-kolumnen\/julia-ruhs-meine-meinung-deutschland-macht-schlapp-697f763c39137bad122e9a9f\" class=\"text-link\" rel=\"nofollow noopener\" target=\"_blank\">Bayerischen Rundfunks<\/a> drehten \u2013 kl\u00e4rte sich die Lage.<\/p>\n<p>Ein \u201eTatort\u201c-Dreh am Limit<\/p>\n<p>\u201eEine so gigantische Kulisse mit so viel internationaler Prominenz w\u00e4re unter normalen Umst\u00e4nden unvorstellbar\u201c, teilten Hofer und Ljubek im Anschluss gemeinsam mit. Tats\u00e4chlich liefen w\u00e4hrend der Aufnahmen immer wieder echte Politiker durchs Bild. Ljubek: \u201eMan wei\u00df nie, wer pl\u00f6tzlich hinter einem auftaucht.\u201c<\/p>\n<p><img decoding=\"async\" width=\"992\" height=\"558\" alt=\"Hier sa\u00dfen die Wichtigen der Welt noch am Wochenende: Das \u201eTatort\u201c-Team mit Carlo Ljubek (49, l.), Regisseur Lancelot von Naso (49) und Ferdinand Hofer (32, r.) am Ort der Reden im Bayerischen Hof\" src=\"https:\/\/www.europesays.com\/de\/wp-content\/uploads\/2026\/02\/ab2e824eab107239e2d9ac8334811382,eda1eaf.jpeg\"   class=\"landscape\" loading=\"lazy\"\/><\/p>\n<p class=\"fig__caption__text\">Hier sa\u00dfen die Wichtigen der Welt noch am Wochenende: Das \u201eTatort\u201c-Team mit Carlo Ljubek (49, l.), Regisseur Lancelot von Naso (49) und Ferdinand Hofer (32, r.) am Ort der Reden im Bayerischen Hof<\/p>\n<p>Foto: BR\/TELLUX Film GmbH\/Linda Gschwentner<\/p>\n<p>Die Geschichte im Nobelhotel hatte ein Happy End. Der Fall selbst (Ausstrahlung vermutlich Anfang 2027) wird d\u00fcster. Die Story: Eine Dolmetscherin kommt ums Leben \u2013 zun\u00e4chst sieht alles nach einem tragischen Unfall aus. Doch schnell wird klar: Es war Mord. Und der T\u00e4ter bewegt sich ausgerechnet unter den hochrangigen G\u00e4sten der Konferenz.<\/p>\n<p>Polit-Krimi soll 2027 im TV laufen<\/p>\n<p>Regisseur Lancelot von Naso (49) inszeniert den \u201eTatort\u201c als Polit-Thriller mit Star-Besetzung: <a href=\"https:\/\/www.bild.de\/unterhaltung\/tv\/tv\/bild-interview-mit-sophie-von-kessel-38493298.bild.html\" class=\"text-link\" rel=\"nofollow noopener\" target=\"_blank\">Sophie von Kessel<\/a> (57), Roman Knizka (56) und der schwedische Schauspieler Bj\u00f6rn Bengtsson (52) stehen ebenfalls vor der Kamera. Doch auf der Konferenz selbst durfte nur ein Mini-Team drehen \u2013 zu sensibel ist das Umfeld.<\/p>\n<p><img decoding=\"async\" width=\"992\" height=\"558\" alt=\"Echte Weltpolitik statt TV-Krimi: Marco Rubio bei seiner Rede im Bayerischen Hof\" src=\"https:\/\/www.europesays.com\/de\/wp-content\/uploads\/2026\/02\/71a855e4d8229cd8e3ef1e5177ed5120,1edc5196.jpeg\"   class=\"landscape\" loading=\"lazy\"\/><\/p>\n<p class=\"fig__caption__text\">Echte Weltpolitik statt TV-Krimi: Marco Rubio bei seiner Rede im Bayerischen Hof<\/p>\n<p>Foto: dts News Agency Germany\/Shutterstock<\/p>\n<p>Egal, wie der fertige Fall ausgehen wird: Noch nie war ein deutscher Krimi so nah an der Weltpolitik. Und noch nie war die Grenze zwischen Fiktion und Realit\u00e4t so d\u00fcnn.<\/p>\n","protected":false},"excerpt":{"rendered":"TTS-Player \u00fcberspringen\u21b5Artikel weiterlesen M\u00fcnchen (Bayern) \u2013 Und pl\u00f6tzlich richten sich die Augen der echten Polizei auf die Kollegen&hellip;\n","protected":false},"author":2,"featured_media":799858,"comment_status":"","ping_status":"","sticky":false,"template":"","format":"standard","meta":{"footnotes":"","_share_on_mastodon":"0"},"categories":[155],"tags":[3204,29,214,30,6306,32,1268,178972,218,8968,180070,8969,138370,45,215],"class_list":["post-799857","post","type-post","status-publish","format-standard","has-post-thumbnail","category-unterhaltung","tag-br","tag-deutschland","tag-entertainment","tag-germany","tag-hotel","tag-merz-friedrich","tag-muenchen","tag-rubio-marco","tag-tatort","tag-tatort-chefermittler","tag-tatort-ermittler-helfer","tag-tatort-kommissare","tag-team-first","tag-texttospeech","tag-unterhaltung"],"share_on_mastodon":{"url":"https:\/\/pubeurope.com\/@de\/116075547293556868","error":""},"_links":{"self":[{"href":"https:\/\/www.europesays.com\/de\/wp-json\/wp\/v2\/posts\/799857","targetHints":{"allow":["GET"]}}],"collection":[{"href":"https:\/\/www.europesays.com\/de\/wp-json\/wp\/v2\/posts"}],"about":[{"href":"https:\/\/www.europesays.com\/de\/wp-json\/wp\/v2\/types\/post"}],"author":[{"embeddable":true,"href":"https:\/\/www.europesays.com\/de\/wp-json\/wp\/v2\/users\/2"}],"replies":[{"embeddable":true,"href":"https:\/\/www.europesays.com\/de\/wp-json\/wp\/v2\/comments?post=799857"}],"version-history":[{"count":0,"href":"https:\/\/www.europesays.com\/de\/wp-json\/wp\/v2\/posts\/799857\/revisions"}],"wp:featuredmedia":[{"embeddable":true,"href":"https:\/\/www.europesays.com\/de\/wp-json\/wp\/v2\/media\/799858"}],"wp:attachment":[{"href":"https:\/\/www.europesays.com\/de\/wp-json\/wp\/v2\/media?parent=799857"}],"wp:term":[{"taxonomy":"category","embeddable":true,"href":"https:\/\/www.europesays.com\/de\/wp-json\/wp\/v2\/categories?post=799857"},{"taxonomy":"post_tag","embeddable":true,"href":"https:\/\/www.europesays.com\/de\/wp-json\/wp\/v2\/tags?post=799857"}],"curies":[{"name":"wp","href":"https:\/\/api.w.org\/{rel}","templated":true}]}}