{"id":799863,"date":"2026-02-15T16:19:15","date_gmt":"2026-02-15T16:19:15","guid":{"rendered":"https:\/\/www.europesays.com\/de\/799863\/"},"modified":"2026-02-15T16:19:15","modified_gmt":"2026-02-15T16:19:15","slug":"kreml-macht-vorschlag-fuer-ukraine-verwaltung","status":"publish","type":"post","link":"https:\/\/www.europesays.com\/de\/799863\/","title":{"rendered":"Kreml macht Vorschlag f\u00fcr Ukraine-Verwaltung"},"content":{"rendered":"<p>Newsblog zum Krieg in der Ukraine <\/p>\n<p>Russland macht Vorschlag f\u00fcr ein m\u00f6gliches Kriegsende<\/p>\n<p>Aktualisiert am 15.02.2026 &#8211; 15:48 UhrLesedauer: 28 Min.<\/p>\n<p><a href=\"#focus-0\" class=\"transition-colors duration-200 block text-current relative\" data-sctrack=\"FocusGalleryImage.Reference\"><img fetchpriority=\"high\" data-testid=\"Opener.Image\" style=\"--lqipURL:url('https:\/\/images.t-online.de\/2025\/12\/8Lmg2o8eQVsl\/0x107:2048x1152\/fit-in\/150x0\/filters:blur(25)\/kriegsherr-im-kreml-putin-bei-einer-ansprache-im-dezember-2025.jpg')\"   loading=\"eager\" src=\"https:\/\/www.europesays.com\/de\/wp-content\/uploads\/2026\/02\/kriegsherr-im-kreml-putin-bei-einer-ansprache-im-dezember-2025.jpg\" alt=\"Kriegsherr im Kreml: Putin bei einer Ansprache im Dezember 2025.\" title=\"Kriegsherr im Kreml: Putin bei einer Ansprache im Dezember 2025.\" width=\"2048\" height=\"1152\" class=\"bg-[url:var(--lqipURL)] bg-cover bg-center flex h-full w-full max-w-full\" decoding=\"async\"\/><img style=\"--width:32;--height:32\" loading=\"lazy\" src=\"https:\/\/www.t-online.de\/s\/paper\/_next\/static\/media\/zoom-in.f7dae02f.svg\" alt=\"Vergr\u00f6\u00dfern des Bildes\" title=\"Vergr\u00f6\u00dfern des Bildes\" class=\"block h-[calc(var(--height)_\/_16_*_1rem)] w-[calc(var(--width)_\/_16_*_1rem)] max-w-none absolute bottom-8 right-8 rounded-4 bg-snow p-8\" decoding=\"async\"\/><\/a><\/p>\n<p>Kriegsherr im Kreml: Putin w\u00fcrde gerne an der ukraninischen Regierung vorbei verhandeln. (Quelle: Alexander Nemenov\/Reuters)<\/p>\n<p class=\"font-bold text-18 leading-17 user-text-lg:text-22 user-text-xl:text-24\">Ein russischer Minister w\u00e4rmt eine alte Idee Putins wieder auf. Nach Korruptionsvorw\u00fcrfen hindert Kiew einen Ex-Minister an der Ausreise. Alle Entwicklungen im Newsblog.<\/p>\n<p class=\"text-18 leading-17 user-text-lg:text-22 user-text-xl:text-24\"><a class=\"transition-colors duration-200 cursor-pointer text-inherit no-underline text-salemsfur md:hover:text-magenta md:hover:border-magenta md:focus:text-magenta border-current border-b border-solid break-words\" href=\"https:\/\/www.t-online.de\/themen\/moskau\/\" data-sctrack=\"BodyAnchor\" rel=\"nofollow noopener\" target=\"_blank\">Moskau<\/a> bringt kurz vor Gespr\u00e4chen \u00fcber ein Kriegsende wieder eine internationale \u00dcbergangsverwaltung f\u00fcr die <a class=\"transition-colors duration-200 cursor-pointer text-inherit no-underline text-salemsfur md:hover:text-magenta md:hover:border-magenta md:focus:text-magenta border-current border-b border-solid break-words\" href=\"https:\/\/www.t-online.de\/themen\/ukraine\/\" data-sctrack=\"BodyAnchor\" rel=\"nofollow noopener\" target=\"_blank\">Ukraine<\/a> unter \u00c4gide der Vereinten Nationen ins Spiel. <a class=\"transition-colors duration-200 cursor-pointer text-inherit no-underline text-salemsfur md:hover:text-magenta md:hover:border-magenta md:focus:text-magenta border-current border-b border-solid break-words\" href=\"https:\/\/www.t-online.de\/themen\/russland\/\" data-sctrack=\"BodyAnchor\" rel=\"nofollow noopener\" target=\"_blank\">Russland<\/a> sei bereit, mit den USA, Europa und anderen L\u00e4ndern \u00fcber eine externe Verwaltung zu sprechen, sagte Vizeau\u00dfenminister Michail Galusin der staatlichen russischen Nachrichtenagentur Tass in Moskau.<\/p>\n<p class=\"text-18 leading-17 user-text-lg:text-22 user-text-xl:text-24\">&#8222;Ein solcher Schritt w\u00fcrde es erm\u00f6glichen, demokratische Wahlen in der Ukraine abzuhalten und eine handlungsf\u00e4hige Regierung an die Macht zu bringen&#8220;, sagte Galusin. Mit dieser F\u00fchrung k\u00f6nnten dann ein Friedensvertrag und Dokumente \u00fcber die zuk\u00fcnftige Zusammenarbeit der beiden L\u00e4nder unterzeichnet werden. Pr\u00e4sident <a class=\"transition-colors duration-200 cursor-pointer text-inherit no-underline text-salemsfur md:hover:text-magenta md:hover:border-magenta md:focus:text-magenta border-current border-b border-solid break-words\" href=\"https:\/\/www.t-online.de\/themen\/wladimir-putin\/\" data-sctrack=\"BodyAnchor\" rel=\"nofollow noopener\" target=\"_blank\">Wladimir Putin<\/a> habe einen solchen Vorschlag schon im M\u00e4rz 2025 gemacht, sagte der stellvertretende Au\u00dfenminister.<\/p>\n<p class=\"text-18 leading-17 user-text-lg:text-22 user-text-xl:text-24\">Galusins \u00c4u\u00dferungen reihen sich ein in die Moskauer Versuche, die Ukraine als nicht handlungsf\u00e4higen Staat und die F\u00fchrung von Pr\u00e4sident <a class=\"transition-colors duration-200 cursor-pointer text-inherit no-underline text-salemsfur md:hover:text-magenta md:hover:border-magenta md:focus:text-magenta border-current border-b border-solid break-words\" href=\"https:\/\/www.t-online.de\/themen\/wolodymyr-selenskyj\/\" data-sctrack=\"BodyAnchor\" rel=\"nofollow noopener\" target=\"_blank\">Wolodymyr Selenskyj<\/a> als nicht legitim darzustellen. Internationale \u00dcbergangsverwaltungen durch die <a class=\"transition-colors duration-200 cursor-pointer text-inherit no-underline text-salemsfur md:hover:text-magenta md:hover:border-magenta md:focus:text-magenta border-current border-b border-solid break-words\" href=\"https:\/\/www.t-online.de\/themen\/un\/\" data-sctrack=\"BodyAnchor\" rel=\"nofollow noopener\" target=\"_blank\">UN<\/a> oder andere Kr\u00e4fte gab es nach dem Ende von Kriegen oder Konflikten unter anderem in Osttimor, Kambodscha, im <a class=\"transition-colors duration-200 cursor-pointer text-inherit no-underline text-salemsfur md:hover:text-magenta md:hover:border-magenta md:focus:text-magenta border-current border-b border-solid break-words\" href=\"https:\/\/www.t-online.de\/themen\/irak\/\" data-sctrack=\"BodyAnchor\" rel=\"nofollow noopener\" target=\"_blank\">Irak<\/a> oder im <a class=\"transition-colors duration-200 cursor-pointer text-inherit no-underline text-salemsfur md:hover:text-magenta md:hover:border-magenta md:focus:text-magenta border-current border-b border-solid break-words\" href=\"https:\/\/www.t-online.de\/themen\/kosovo\/\" data-sctrack=\"BodyAnchor\" rel=\"nofollow noopener\" target=\"_blank\">Kosovo<\/a>. In der Ukraine sind aber alle staatlichen Stellen arbeitsf\u00e4hig.<\/p>\n<p class=\"text-18 leading-17 user-text-lg:text-22 user-text-xl:text-24\">Lettlands Geheimdienstchef Egils Zviedris hat angesichts der auf Krieg eingestellten russischen Wirtschaft vor einer fortgesetzten Aggression Moskaus \u00fcber die Ukraine hinaus gewarnt. &#8222;Die potenzielle Aggressivit\u00e4t Russlands nach Beendigung des Ukraine-Krieges wird von vielen Faktoren abh\u00e4ngen&#8220;, sagte Zviedris am Sonntag der Nachrichtenagentur AFP am Rande der M\u00fcnchner Sicherheitskonferenz. Dazu geh\u00f6re, &#8222;wie der Krieg endet, ob er eingefroren wird oder nicht, und ob die Sanktionen bestehen bleiben&#8220;.<\/p>\n<p class=\"text-18 leading-17 user-text-lg:text-22 user-text-xl:text-24\">Nach Einsch\u00e4tzung von Experten hat sich Russland so umfassend auf eine Kriegswirtschaft und vollst\u00e4ndige milit\u00e4rische Mobilisierung eingestellt, dass ein Kurswechsel schwierig erscheint. Dies k\u00f6nnte Moskau demnach zu milit\u00e4rischen Aktionen gegen weitere europ\u00e4ische Gebiete veranlassen. Ein Ende der derzeitigen Sanktionen w\u00fcrde es Russland nach Zviedris&#8216; Einsch\u00e4tzung erm\u00f6glichen, &#8222;seine milit\u00e4rischen Kapazit\u00e4ten schneller auszubauen&#8220;.<\/p>\n<p class=\"text-18 leading-17 user-text-lg:text-22 user-text-xl:text-24\">Eine Gefahr f\u00fcr sein Land sieht der Geheimdienstchef aktuell allerdings nicht. Russland stelle derzeit &#8222;keine milit\u00e4rische Bedrohung f\u00fcr Lettland&#8220; dar, sagte er. &#8222;Die Tatsache, dass Russland Pl\u00e4ne f\u00fcr eine Invasion des Baltikums ausgearbeitet hat, wie es Pl\u00e4ne f\u00fcr viele Dinge hat, bedeutet nicht, dass Russland angreifen wird&#8220;, f\u00fchrte der Geheimdienstchef aus. Allerdings ist das Land nach Angaben seiner Beh\u00f6rde weiteren Arten von Bedrohungen aus Moskau ausgesetzt, dazu z\u00e4hlen insbesondere Cyberangriffe.<\/p>\n","protected":false},"excerpt":{"rendered":"Newsblog zum Krieg in der Ukraine Russland macht Vorschlag f\u00fcr ein m\u00f6gliches Kriegsende Aktualisiert am 15.02.2026 &#8211; 15:48&hellip;\n","protected":false},"author":2,"featured_media":799864,"comment_status":"","ping_status":"","sticky":false,"template":"","format":"standard","meta":{"footnotes":"","_share_on_mastodon":"0"},"categories":[3],"tags":[1217,326,6079,19353,9170,14979,106,548,663,37303,13,180041,1016,8332,12359,5793,324,10834,102586,17012,9134,5020,2414,3188,180071,308,1268,3187,14,38609,15,111082,307,12,156057,10,8,9,11,317,312,26,64,103,306,107,104],"class_list":["post-799863","post","type-post","status-publish","format-standard","has-post-thumbnail","category-welt","tag-1217","tag-326","tag-6079","tag-afp","tag-ausreise","tag-baltikum","tag-donald-trump","tag-eu","tag-europa","tag-genf","tag-headlines","tag-herman-haluschtschenko","tag-irak","tag-kaja-kalla","tag-kambodscha","tag-kiew","tag-korruption","tag-korruptionsaffaere","tag-korruptionsvorwurf","tag-kosovo","tag-krasnodar","tag-kreml","tag-kriegsende","tag-lettland","tag-michail-galusin","tag-moskau","tag-muenchen","tag-muenchner-sicherheitskonferenz","tag-nachrichten","tag-naturschutzbund-deutschland","tag-news","tag-osttimor","tag-russland","tag-schlagzeilen","tag-taman","tag-top-news","tag-top-meldungen","tag-topmeldungen","tag-topnews","tag-ukraine","tag-ukrainekrieg","tag-un","tag-usa","tag-welt","tag-wladimir-putin","tag-wolodymyr-selenskyj","tag-world"],"share_on_mastodon":{"url":"","error":"Validation failed: Text character limit of 500 exceeded"},"_links":{"self":[{"href":"https:\/\/www.europesays.com\/de\/wp-json\/wp\/v2\/posts\/799863","targetHints":{"allow":["GET"]}}],"collection":[{"href":"https:\/\/www.europesays.com\/de\/wp-json\/wp\/v2\/posts"}],"about":[{"href":"https:\/\/www.europesays.com\/de\/wp-json\/wp\/v2\/types\/post"}],"author":[{"embeddable":true,"href":"https:\/\/www.europesays.com\/de\/wp-json\/wp\/v2\/users\/2"}],"replies":[{"embeddable":true,"href":"https:\/\/www.europesays.com\/de\/wp-json\/wp\/v2\/comments?post=799863"}],"version-history":[{"count":0,"href":"https:\/\/www.europesays.com\/de\/wp-json\/wp\/v2\/posts\/799863\/revisions"}],"wp:featuredmedia":[{"embeddable":true,"href":"https:\/\/www.europesays.com\/de\/wp-json\/wp\/v2\/media\/799864"}],"wp:attachment":[{"href":"https:\/\/www.europesays.com\/de\/wp-json\/wp\/v2\/media?parent=799863"}],"wp:term":[{"taxonomy":"category","embeddable":true,"href":"https:\/\/www.europesays.com\/de\/wp-json\/wp\/v2\/categories?post=799863"},{"taxonomy":"post_tag","embeddable":true,"href":"https:\/\/www.europesays.com\/de\/wp-json\/wp\/v2\/tags?post=799863"}],"curies":[{"name":"wp","href":"https:\/\/api.w.org\/{rel}","templated":true}]}}