{"id":800263,"date":"2026-02-15T20:08:15","date_gmt":"2026-02-15T20:08:15","guid":{"rendered":"https:\/\/www.europesays.com\/de\/800263\/"},"modified":"2026-02-15T20:08:15","modified_gmt":"2026-02-15T20:08:15","slug":"gewinner-stehen-fest-ueberblick","status":"publish","type":"post","link":"https:\/\/www.europesays.com\/de\/800263\/","title":{"rendered":"Gewinner stehen fest \u2013 \u00dcberblick"},"content":{"rendered":"<p>Gro\u00dfe Ehre an Rosenmontag <\/p>\n<p>Schull- un Veedelsz\u00f6ch: Das sind die Gewinner<\/p>\n<p>15.02.2026 &#8211; 19:00 UhrLesedauer: 2 Min.<\/p>\n<p><a href=\"#focus-0\" class=\"transition-colors duration-200 block text-current relative\" data-sctrack=\"FocusGalleryImage.Reference\"><img fetchpriority=\"high\" data-testid=\"Opener.Image\" style=\"--lqipURL:url('https:\/\/images.t-online.de\/2026\/02\/a0rUwKRB4Bd1\/0x101:2048x1152\/fit-in\/150x0\/filters:blur(25)\/teilnehmerin-bei-den-schul-und-veedelszoech-am-sonntag-in-koeln-symbolfoto-am-ende-gewannen-die-koelsche-fruende-vun-1995-den-goldenen-lappenclown.jpg')\"   loading=\"eager\" src=\"https:\/\/www.europesays.com\/de\/wp-content\/uploads\/2026\/02\/teilnehmerin-bei-den-schul-und-veedelszoech-am-sonntag-in-koeln-symbolfoto-am-ende-gewannen-die-koel.jpeg\" alt=\"Teilnehmerin bei den Schul- und Veedelsz\u00f6ch am Sonntag in K\u00f6ln (Symbolfoto): Am Ende gewannen die &quot;K\u00f6lsche Fr\u00fcnde vun 1995&quot; den &quot;Goldenen Lappenclown&quot;.\" title=\"Teilnehmerin bei den Schul- und Veedelsz\u00f6ch am Sonntag in K\u00f6ln (Symbolfoto): Am Ende gewannen die &quot;K\u00f6lsche Fr\u00fcnde vun 1995&quot; den &quot;Goldenen Lappenclown&quot;.\" width=\"2048\" height=\"1152\" class=\"bg-[url:var(--lqipURL)] bg-cover bg-center flex h-full w-full max-w-full\" decoding=\"async\"\/><img style=\"--width:32;--height:32\" loading=\"lazy\" src=\"https:\/\/koeln.t-online.de\/s\/paper\/_next\/static\/media\/zoom-in.f7dae02f.svg\" alt=\"Vergr\u00f6\u00dfern des Bildes\" title=\"Vergr\u00f6\u00dfern des Bildes\" class=\"block h-[calc(var(--height)_\/_16_*_1rem)] w-[calc(var(--width)_\/_16_*_1rem)] max-w-none absolute bottom-8 right-8 rounded-4 bg-snow p-8\" decoding=\"async\"\/><\/a><\/p>\n<p>Teilnehmerin bei den Schul- und Veedelsz\u00f6ch am Sonntag in K\u00f6ln (Symbolfoto): Am Ende gewannen die &#8222;K\u00f6lsche Fr\u00fcnde vun 1995&#8220; den &#8222;Goldenen Lappenclown&#8220;. (Quelle: Oliver Berg\/dpa)<\/p>\n<p class=\"font-bold text-18 leading-17 user-text-lg:text-22 user-text-xl:text-24\">8.000 Teilnehmer, 300.000 Zuschauer: Bei den Schull- un Veedelsz\u00f6ch wird es politisch. Am Ende kann nur eine Gruppe den &#8222;Goldenen Lappenclown&#8220; gewinnen.<\/p>\n<p class=\"text-18 leading-17 user-text-lg:text-22 user-text-xl:text-24\">Die Jury hat entschieden: Bei den diesj\u00e4hrigen Schull- un Veedelsz\u00f6ch r\u00e4umen mehrere Gruppen die begehrten Karnevalspreise ab.<\/p>\n<p class=\"text-18 leading-17 user-text-lg:text-22 user-text-xl:text-24\">Die &#8222;K\u00f6lsche Fr\u00fcnde vun 1995&#8220; d\u00fcrfen sich \u00fcber die h\u00f6chste Auszeichnung freuen: Sie erhalten den &#8222;Goldenen Lappenclown&#8220;, den Ehrenpreis des Festkomitees K\u00f6lner Karneval von 1823 e.V. Als besondere Ehre wird Oberb\u00fcrgermeister Torsten Burmester am morgigen Rosenmontag vom Chlodwigplatz aus das erste St\u00fcck mit der Gewinnergruppe im Zug mitgehen.<\/p>\n<p class=\"text-18 leading-17 user-text-lg:text-22 user-text-xl:text-24\">Der &#8222;Originalit\u00e4tspreis&#8220; f\u00fcr Veedelsgruppen ging an den &#8222;Stammdesch Veedels Jem\u00f6s&#8220;. Den mit einem Jurypreis verbundenen &#8222;Kost\u00fcmpreis&#8220; sicherte sich der &#8222;Stammdesch K\u00f6lsche Kl\u00fcngel eV v. 1999&#8220;.<\/p>\n<p class=\"text-18 leading-17 user-text-lg:text-22 user-text-xl:text-24\">Bei den Schulgruppen gewann die Gr\u00fcneberg-Schule den ersten Platz in der Kategorie &#8222;Goldene N\u00e4hmaschine&#8220; und damit 500 Euro Preisgeld. Auf den weiteren Pl\u00e4tzen folgten das Friedrich-Wilhelm-Gymnasium (300 Euro) und die Hauptschule Bilderst\u00f6ckchen (200 Euro). Die Katharina-Henoth-Gesamtschule erhielt den Preis &#8222;Mit Pauken und Trompeten&#8220; und darf sich auf eine Band f\u00fcr ihr Schulfest freuen.<\/p>\n<p class=\"text-18 leading-17 user-text-lg:text-22 user-text-xl:text-24\">Bei strahlendem Sonnenschein, aber eisigen Temperaturen waren am Karnevalssonntag rund 8.000 aktive Teilnehmer durch die Stadt gezogen. 44 Schulen und 48 Veedels-Vereine beteiligten sich an dem traditionsreichen Umzug, den etwa 300.000 Zuschauer am Stra\u00dfenrand verfolgten.<\/p>\n<p class=\"text-18 leading-17 user-text-lg:text-22 user-text-xl:text-24\">Die Kinder und Jugendlichen pr\u00e4sentierten selbst gestaltete Kost\u00fcme, an denen sie monatelang gearbeitet hatten. Dabei spie\u00dften sie aktuelle Themen auf: von der Schulausstattung \u00fcber KI im Unterricht bis zur Friedensbotschaft &#8222;Make Alaaf not War&#8220;. Eine Gruppe entwarf das Bild einer Schule mitten in der Natur, andere verkleideten sich als Halsbandsittiche \u2013 die Papageienart hat sich in K\u00f6ln in den vergangenen Jahrzehnten stark ausgebreitet.<\/p>\n<p class=\"text-18 leading-17 user-text-lg:text-22 user-text-xl:text-24\">Die Schull- un Veedelsz\u00f6ch gelten als besonders urspr\u00fcngliche Form des K\u00f6lner Karnevals. Ihre Anf\u00e4nge reichen bis ins Mittelalter zur\u00fcck, als Handwerksgesellen sich \u00fcber ihre m\u00fchselige Arbeit lustig machten.<\/p>\n","protected":false},"excerpt":{"rendered":"Gro\u00dfe Ehre an Rosenmontag Schull- un Veedelsz\u00f6ch: Das sind die Gewinner 15.02.2026 &#8211; 19:00 UhrLesedauer: 2 Min. Teilnehmerin&hellip;\n","protected":false},"author":2,"featured_media":800264,"comment_status":"","ping_status":"","sticky":false,"template":"","format":"standard","meta":{"footnotes":"","_share_on_mastodon":"0"},"categories":[1828],"tags":[29735,176264,29,30,1420,27278,1209,966,36258],"class_list":["post-800263","post","type-post","status-publish","format-standard","has-post-thumbnail","category-koeln","tag-rosenmontag","tag-176264","tag-deutschland","tag-germany","tag-koeln","tag-koelner-karneval","tag-nordrhein-westfalen","tag-schule","tag-torsten-burmester"],"share_on_mastodon":{"url":"https:\/\/pubeurope.com\/@de\/116076459338330052","error":""},"_links":{"self":[{"href":"https:\/\/www.europesays.com\/de\/wp-json\/wp\/v2\/posts\/800263","targetHints":{"allow":["GET"]}}],"collection":[{"href":"https:\/\/www.europesays.com\/de\/wp-json\/wp\/v2\/posts"}],"about":[{"href":"https:\/\/www.europesays.com\/de\/wp-json\/wp\/v2\/types\/post"}],"author":[{"embeddable":true,"href":"https:\/\/www.europesays.com\/de\/wp-json\/wp\/v2\/users\/2"}],"replies":[{"embeddable":true,"href":"https:\/\/www.europesays.com\/de\/wp-json\/wp\/v2\/comments?post=800263"}],"version-history":[{"count":0,"href":"https:\/\/www.europesays.com\/de\/wp-json\/wp\/v2\/posts\/800263\/revisions"}],"wp:featuredmedia":[{"embeddable":true,"href":"https:\/\/www.europesays.com\/de\/wp-json\/wp\/v2\/media\/800264"}],"wp:attachment":[{"href":"https:\/\/www.europesays.com\/de\/wp-json\/wp\/v2\/media?parent=800263"}],"wp:term":[{"taxonomy":"category","embeddable":true,"href":"https:\/\/www.europesays.com\/de\/wp-json\/wp\/v2\/categories?post=800263"},{"taxonomy":"post_tag","embeddable":true,"href":"https:\/\/www.europesays.com\/de\/wp-json\/wp\/v2\/tags?post=800263"}],"curies":[{"name":"wp","href":"https:\/\/api.w.org\/{rel}","templated":true}]}}