{"id":800387,"date":"2026-02-15T21:16:13","date_gmt":"2026-02-15T21:16:13","guid":{"rendered":"https:\/\/www.europesays.com\/de\/800387\/"},"modified":"2026-02-15T21:16:13","modified_gmt":"2026-02-15T21:16:13","slug":"drei-schwerverletzte-bei-unfall-in-dresden-bannewitz","status":"publish","type":"post","link":"https:\/\/www.europesays.com\/de\/800387\/","title":{"rendered":"Drei Schwerverletzte bei Unfall in Dresden-Bannewitz"},"content":{"rendered":"<p class=\"text\">\nBei einem Unfall in Dresden-Bannewitz sind am Sonntag drei Menschen schwer verletzt worden, drei weitere wurden leicht verletzt. Das sagte ein Polizeisprecher am Sonntagabend auf Anfrage von MDR SACHSEN.\n<\/p>\n<p>38-J\u00e4hriger ger\u00e4t aus ungekl\u00e4rter Ursache in den Gegenverkehr<\/p>\n<p class=\"text\">\nErsten Erkenntnissen zufolge war ein 38 Jahre alter Autofahrer gegen 17 Uhr aus bisher ungekl\u00e4rter Ursache in den Gegenverkehr geraten und dort frontal mit einem Fahrzeug zusammengesto\u00dfen.\n<\/p>\n<p>Polizei sch\u00e4tzt Sachschaden auf 30.000 Euro<\/p>\n<p class=\"text\">\nDer Unfallverursacher und die beiden Insassen des entgegenkommenden Autos wurden schwer verletzt. Die drei Leichtverletzten waren Insassen des 38-J\u00e4hrigen. Laut Polizei entstand ein Gesamtschaden von rund 30.000 Euro. Der Unfalldienst ermittelt zum genauen Hergang des Zusammensto\u00dfes.\n<\/p>\n<p class=\"text\">\nZahlreiche Einsatzkr\u00e4fte von Feuerwehr und Polizei waren im Einsatz. Auch ein Rettungshubschrauber wurde angefordert.<\/p>\n","protected":false},"excerpt":{"rendered":"Bei einem Unfall in Dresden-Bannewitz sind am Sonntag drei Menschen schwer verletzt worden, drei weitere wurden leicht verletzt.&hellip;\n","protected":false},"author":2,"featured_media":800388,"comment_status":"","ping_status":"","sticky":false,"template":"","format":"standard","meta":{"footnotes":"","_share_on_mastodon":"0"},"categories":[1835],"tags":[160716,3364,29,2386,985,30,81,14,121,859,1284],"class_list":["post-800387","post","type-post","status-publish","format-standard","has-post-thumbnail","category-dresden","tag-bannewitz","tag-de","tag-deutschland","tag-dresden","tag-feuerwehr","tag-germany","tag-mdr","tag-nachrichten","tag-polizei","tag-sachsen","tag-unfall"],"share_on_mastodon":{"url":"https:\/\/pubeurope.com\/@de\/116076726629105349","error":""},"_links":{"self":[{"href":"https:\/\/www.europesays.com\/de\/wp-json\/wp\/v2\/posts\/800387","targetHints":{"allow":["GET"]}}],"collection":[{"href":"https:\/\/www.europesays.com\/de\/wp-json\/wp\/v2\/posts"}],"about":[{"href":"https:\/\/www.europesays.com\/de\/wp-json\/wp\/v2\/types\/post"}],"author":[{"embeddable":true,"href":"https:\/\/www.europesays.com\/de\/wp-json\/wp\/v2\/users\/2"}],"replies":[{"embeddable":true,"href":"https:\/\/www.europesays.com\/de\/wp-json\/wp\/v2\/comments?post=800387"}],"version-history":[{"count":0,"href":"https:\/\/www.europesays.com\/de\/wp-json\/wp\/v2\/posts\/800387\/revisions"}],"wp:featuredmedia":[{"embeddable":true,"href":"https:\/\/www.europesays.com\/de\/wp-json\/wp\/v2\/media\/800388"}],"wp:attachment":[{"href":"https:\/\/www.europesays.com\/de\/wp-json\/wp\/v2\/media?parent=800387"}],"wp:term":[{"taxonomy":"category","embeddable":true,"href":"https:\/\/www.europesays.com\/de\/wp-json\/wp\/v2\/categories?post=800387"},{"taxonomy":"post_tag","embeddable":true,"href":"https:\/\/www.europesays.com\/de\/wp-json\/wp\/v2\/tags?post=800387"}],"curies":[{"name":"wp","href":"https:\/\/api.w.org\/{rel}","templated":true}]}}