{"id":800549,"date":"2026-02-15T22:54:13","date_gmt":"2026-02-15T22:54:13","guid":{"rendered":"https:\/\/www.europesays.com\/de\/800549\/"},"modified":"2026-02-15T22:54:13","modified_gmt":"2026-02-15T22:54:13","slug":"handball-bundesliga-fuechse-berlin-feiern-pflichtsieg-gegen-stuttgart-sport","status":"publish","type":"post","link":"https:\/\/www.europesays.com\/de\/800549\/","title":{"rendered":"Handball-Bundesliga &#8211; F\u00fcchse Berlin feiern Pflichtsieg gegen Stuttgart &#8211; Sport"},"content":{"rendered":"<p data-manual=\"paragraph\" data-schema-org-speakable=\"true\" class=\"css-1eosz7k\"><a href=\"https:\/\/www.sueddeutsche.de\/thema\/Berlin\" rel=\"nofollow noopener\" target=\"_blank\">Berlin<\/a> (dpa\/bb) &#8211; Die <a href=\"https:\/\/www.sueddeutsche.de\/thema\/F%C3%BCchse_Berlin\" rel=\"nofollow noopener\" target=\"_blank\">F\u00fcchse Berlin<\/a> haben auch ihr zweites Spiel nach der Europameisterschaftspause gewonnen. Der deutsche Meister tat sich allerdings am Sonntag vor 9.000 Zuschauern in der ausverkauften Max-Schmeling-Halle beim 37:32 (13:16)-Heimsieg lange \u00fcberraschend schwer. Damit bleiben die F\u00fcchse Tabellenzweiter. Beste Berliner Werfer waren Tim Freih\u00f6fer und Lasse Andersson mit je acht Toren.<\/p>\n<p data-manual=\"paragraph\" data-schema-org-speakable=\"true\" class=\"css-1eosz7k\">Nachdem vor der Partie die vier Finalteilnehmer der Europameisterschaft \u2013 Mathias Gidsel, Lasse Andersson, Nils Lichtlein und Matthes Langhof \u2013 gefeiert wurden, hatten die F\u00fcchse zun\u00e4chst einige Probleme in die Partie zu finden. Schnell lagen sie 1:3 zur\u00fcck, antworteten dann aber sofort mit einem 3:0-Lauf.<\/p>\n<p>F\u00fcchse drehen nach dem Seitenwechsel die Partie<\/p>\n<p data-manual=\"paragraph\" data-schema-org-speakable=\"true\" class=\"css-1eosz7k\">Stuttgart langte in der Abwehr ordentlich hin. In der 13. Minute sah Max H\u00e4fner die Rote Karte, in der 27. Minute musste dann sein Teamkollege Simone Mengon runter. Doch die F\u00fcchse zeigten sich beeindruckt, fanden in der Offensive nur mit M\u00fche L\u00f6sungen und leisteten sich zu viele technische Fehler. So wuchs der Berliner R\u00fcckstand bis zur Pause auf drei Tore an.<\/p>\n<p data-manual=\"paragraph\" data-schema-org-speakable=\"true\" class=\"css-1eosz7k\">Die Gastgeber kamen mit deutlich mehr Schwung aus der Kabine und drehten gleich mit einem 6:1-Lauf die Partie. Es blieb dennoch ruppig. In der 38. Minute sah mit Antonio Serradilla der dritte Stuttgarter Rot.<\/p>\n<p data-manual=\"paragraph\" data-schema-org-speakable=\"true\" class=\"css-1eosz7k\">\u00a9 dpa-infocom, dpa:260215-930-691463\/1<\/p>\n","protected":false},"excerpt":{"rendered":"Berlin (dpa\/bb) &#8211; Die F\u00fcchse Berlin haben auch ihr zweites Spiel nach der Europameisterschaftspause gewonnen. Der deutsche Meister&hellip;\n","protected":false},"author":2,"featured_media":800550,"comment_status":"","ping_status":"","sticky":false,"template":"","format":"standard","meta":{"footnotes":"","_share_on_mastodon":"0"},"categories":[1830],"tags":[1634,296,299,3364,29,1933,347,30,1391,7491,23803,265,1441,149,7401],"class_list":["post-800549","post","type-post","status-publish","format-standard","has-post-thumbnail","category-stuttgart","tag-baden-wuerttemberg","tag-berlin","tag-bundesliga","tag-de","tag-deutschland","tag-fuechse-berlin","tag-fussball","tag-germany","tag-handball","tag-handball-team","tag-max-schmeling-halle-veranstaltungen-berlin","tag-sport","tag-stuttgart","tag-sueddeutsche-zeitung","tag-tvb-stuttgart"],"share_on_mastodon":{"url":"https:\/\/pubeurope.com\/@de\/116077112073392253","error":""},"_links":{"self":[{"href":"https:\/\/www.europesays.com\/de\/wp-json\/wp\/v2\/posts\/800549","targetHints":{"allow":["GET"]}}],"collection":[{"href":"https:\/\/www.europesays.com\/de\/wp-json\/wp\/v2\/posts"}],"about":[{"href":"https:\/\/www.europesays.com\/de\/wp-json\/wp\/v2\/types\/post"}],"author":[{"embeddable":true,"href":"https:\/\/www.europesays.com\/de\/wp-json\/wp\/v2\/users\/2"}],"replies":[{"embeddable":true,"href":"https:\/\/www.europesays.com\/de\/wp-json\/wp\/v2\/comments?post=800549"}],"version-history":[{"count":0,"href":"https:\/\/www.europesays.com\/de\/wp-json\/wp\/v2\/posts\/800549\/revisions"}],"wp:featuredmedia":[{"embeddable":true,"href":"https:\/\/www.europesays.com\/de\/wp-json\/wp\/v2\/media\/800550"}],"wp:attachment":[{"href":"https:\/\/www.europesays.com\/de\/wp-json\/wp\/v2\/media?parent=800549"}],"wp:term":[{"taxonomy":"category","embeddable":true,"href":"https:\/\/www.europesays.com\/de\/wp-json\/wp\/v2\/categories?post=800549"},{"taxonomy":"post_tag","embeddable":true,"href":"https:\/\/www.europesays.com\/de\/wp-json\/wp\/v2\/tags?post=800549"}],"curies":[{"name":"wp","href":"https:\/\/api.w.org\/{rel}","templated":true}]}}