{"id":800847,"date":"2026-02-16T01:47:11","date_gmt":"2026-02-16T01:47:11","guid":{"rendered":"https:\/\/www.europesays.com\/de\/800847\/"},"modified":"2026-02-16T01:47:11","modified_gmt":"2026-02-16T01:47:11","slug":"koeln-kann-mein-chef-mir-verbieten-im-kostuem-zu-arbeiten-3","status":"publish","type":"post","link":"https:\/\/www.europesays.com\/de\/800847\/","title":{"rendered":"K\u00f6ln | Kann mein Chef mir verbieten, im Kost\u00fcm zu arbeiten?"},"content":{"rendered":"<p>K\u00f6ln (dpa\/tmn) &#8211; Alaaf und Helau am Bankschalter: Ein Bankmitarbeiter im Karnevalskost\u00fcm, das ist schwer vorstellbar. Aber einmal im Jahr &#8211; warum eigentlich nicht? D\u00fcrfen Vorgesetzte das verbieten?<\/p>\n<p>\u00abDer Arbeitgeber kann das Arbeiten im Kost\u00fcm verbieten, so wie er auch andere unangemessene Kleidung verbieten darf\u00bb, so Nathalie Oberth\u00fcr, Fachanw\u00e4ltin f\u00fcr Arbeitsrecht. Dabei gilt: Arbeitet man mit Kunden- oder Mandantenkontakt, darf er strenger sein, als wenn das nicht der Fall ist.\u00a0<\/p>\n<p>Ringelshirt darf sein<\/p>\n<p>\u00abHaare, Fingern\u00e4gel, Kleidung &#8211; das ist alles Teil des Pers\u00f6nlichkeitsrechts, es muss schon einen Grund geben, warum etwas untersagt wird\u00bb, so Oberth\u00fcr. Ihre Einsch\u00e4tzung: \u00abAlle karnevalistischen Zeichen darf der Chef im B\u00fcro ohne Kundenkontakt nicht verbieten.\u00bb\u00a0<\/p>\n<p>Aber er k\u00f6nne zum Beispiel festlegen: keine Ganzk\u00f6rper-Pl\u00fcschkost\u00fcme, um die berufliche Sachlichkeit zu wahren. Ein Ringelshirt in den Farben K\u00f6lns kann der Arbeitgeber dagegen schwer verhindern.<\/p>\n","protected":false},"excerpt":{"rendered":"K\u00f6ln (dpa\/tmn) &#8211; Alaaf und Helau am Bankschalter: Ein Bankmitarbeiter im Karnevalskost\u00fcm, das ist schwer vorstellbar. Aber einmal&hellip;\n","protected":false},"author":2,"featured_media":800848,"comment_status":"","ping_status":"","sticky":false,"template":"","format":"standard","meta":{"footnotes":"","_share_on_mastodon":"0"},"categories":[1828],"tags":[13204,1140,6442,630,4941,29,136900,30,1420,177732,1209,624,1009,137402],"class_list":["post-800847","post","type-post","status-publish","format-standard","has-post-thumbnail","category-koeln","tag-karneval","tag-arbeit","tag-arbeitsrecht","tag-beruf","tag-cjab","tag-deutschland","tag-fasching","tag-germany","tag-koeln","tag-narrenzeit","tag-nordrhein-westfalen","tag-ratgeber","tag-recht","tag-tmn2701"],"share_on_mastodon":{"url":"https:\/\/pubeurope.com\/@de\/116077792156214049","error":""},"_links":{"self":[{"href":"https:\/\/www.europesays.com\/de\/wp-json\/wp\/v2\/posts\/800847","targetHints":{"allow":["GET"]}}],"collection":[{"href":"https:\/\/www.europesays.com\/de\/wp-json\/wp\/v2\/posts"}],"about":[{"href":"https:\/\/www.europesays.com\/de\/wp-json\/wp\/v2\/types\/post"}],"author":[{"embeddable":true,"href":"https:\/\/www.europesays.com\/de\/wp-json\/wp\/v2\/users\/2"}],"replies":[{"embeddable":true,"href":"https:\/\/www.europesays.com\/de\/wp-json\/wp\/v2\/comments?post=800847"}],"version-history":[{"count":0,"href":"https:\/\/www.europesays.com\/de\/wp-json\/wp\/v2\/posts\/800847\/revisions"}],"wp:featuredmedia":[{"embeddable":true,"href":"https:\/\/www.europesays.com\/de\/wp-json\/wp\/v2\/media\/800848"}],"wp:attachment":[{"href":"https:\/\/www.europesays.com\/de\/wp-json\/wp\/v2\/media?parent=800847"}],"wp:term":[{"taxonomy":"category","embeddable":true,"href":"https:\/\/www.europesays.com\/de\/wp-json\/wp\/v2\/categories?post=800847"},{"taxonomy":"post_tag","embeddable":true,"href":"https:\/\/www.europesays.com\/de\/wp-json\/wp\/v2\/tags?post=800847"}],"curies":[{"name":"wp","href":"https:\/\/api.w.org\/{rel}","templated":true}]}}