{"id":801257,"date":"2026-02-16T05:51:10","date_gmt":"2026-02-16T05:51:10","guid":{"rendered":"https:\/\/www.europesays.com\/de\/801257\/"},"modified":"2026-02-16T05:51:10","modified_gmt":"2026-02-16T05:51:10","slug":"wilhelma-hinter-den-kulissen-sanierung-eines-prachtbaus-und-einschraenkungen-am-belvedere-stuttgart","status":"publish","type":"post","link":"https:\/\/www.europesays.com\/de\/801257\/","title":{"rendered":"Wilhelma hinter den Kulissen: Sanierung eines Prachtbaus und Einschr\u00e4nkungen am Belvedere &#8211; Stuttgart"},"content":{"rendered":"<p>In der Wilhelma gibt es neben dem Bau der neuen Elefantenanlage andere Bereiche, an denen Handwerker arbeiten. Was bedeutet das f\u00fcr die Besucher?<\/p>\n<p>Im Norden des Stuttgarter Zoos entsteht <a href=\"https:\/\/www.esslinger-zeitung.de\/inhalt.zoo-bekommt-neue-attraktion-historischer-moment-in-der-wilhelma-spatenstich-fuer-die-neue-elefantenwelt.f5ab86ce-ff89-4086-9657-d319a120effe.html\" target=\"_blank\" rel=\"nofollow noopener\">gerade die neue Elefantenanlage<\/a>. Deshalb ist bekanntlich der Ausgang zum Rosensteinpark geschlossen. Doch nicht nur oberhalb <a href=\"https:\/\/www.esslinger-zeitung.de\/inhalt.wilhelma-in-stuttgart-groesstes-bauprojekt-der-geschichte-was-sich-durch-die-neue-elefantenwelt-aendert.333e1961-ca50-4d9c-a774-643cc82196a1.html\" target=\"_blank\" rel=\"nofollow noopener\">des Asiatischen Schaubauernhofs gibt es Bauarbeiten<\/a>. Auch s\u00fcdlicher, an den Subtropenterrassen hinter dem Maurischen Landhaus. Zudem soll die Damaszenerhalle saniert werden. Sie ist seit 2024 geschlossen. Deshalb kann der Prachtbau derzeit nicht f\u00fcr Hochzeiten genutzt und nicht betreten werden. Auch das Belvedere steht aktuell f\u00fcr Trauungen nicht zur Verf\u00fcgung.<\/p>\n","protected":false},"excerpt":{"rendered":"In der Wilhelma gibt es neben dem Bau der neuen Elefantenanlage andere Bereiche, an denen Handwerker arbeiten. Was&hellip;\n","protected":false},"author":2,"featured_media":801258,"comment_status":"","ping_status":"","sticky":false,"template":"","format":"standard","meta":{"footnotes":"","_share_on_mastodon":"0"},"categories":[1830],"tags":[1634,180335,3364,29,30,1441,5251,180336,85897,12378],"class_list":["post-801257","post","type-post","status-publish","format-standard","has-post-thumbnail","category-stuttgart","tag-baden-wuerttemberg","tag-damaszenerhalle","tag-de","tag-deutschland","tag-germany","tag-stuttgart","tag-stuttgart-bad-cannstatt","tag-subtropenterrassen","tag-textmanager","tag-wilhelma"],"share_on_mastodon":{"url":"https:\/\/pubeurope.com\/@de\/116078751491480314","error":""},"_links":{"self":[{"href":"https:\/\/www.europesays.com\/de\/wp-json\/wp\/v2\/posts\/801257","targetHints":{"allow":["GET"]}}],"collection":[{"href":"https:\/\/www.europesays.com\/de\/wp-json\/wp\/v2\/posts"}],"about":[{"href":"https:\/\/www.europesays.com\/de\/wp-json\/wp\/v2\/types\/post"}],"author":[{"embeddable":true,"href":"https:\/\/www.europesays.com\/de\/wp-json\/wp\/v2\/users\/2"}],"replies":[{"embeddable":true,"href":"https:\/\/www.europesays.com\/de\/wp-json\/wp\/v2\/comments?post=801257"}],"version-history":[{"count":0,"href":"https:\/\/www.europesays.com\/de\/wp-json\/wp\/v2\/posts\/801257\/revisions"}],"wp:featuredmedia":[{"embeddable":true,"href":"https:\/\/www.europesays.com\/de\/wp-json\/wp\/v2\/media\/801258"}],"wp:attachment":[{"href":"https:\/\/www.europesays.com\/de\/wp-json\/wp\/v2\/media?parent=801257"}],"wp:term":[{"taxonomy":"category","embeddable":true,"href":"https:\/\/www.europesays.com\/de\/wp-json\/wp\/v2\/categories?post=801257"},{"taxonomy":"post_tag","embeddable":true,"href":"https:\/\/www.europesays.com\/de\/wp-json\/wp\/v2\/tags?post=801257"}],"curies":[{"name":"wp","href":"https:\/\/api.w.org\/{rel}","templated":true}]}}