{"id":801474,"date":"2026-02-16T07:54:18","date_gmt":"2026-02-16T07:54:18","guid":{"rendered":"https:\/\/www.europesays.com\/de\/801474\/"},"modified":"2026-02-16T07:54:18","modified_gmt":"2026-02-16T07:54:18","slug":"faschingsumzug-in-durlach-und-karlsruhe-sperrungen-und-verstaerkte-polizeipraesenz","status":"publish","type":"post","link":"https:\/\/www.europesays.com\/de\/801474\/","title":{"rendered":"Faschingsumzug in Durlach und Karlsruhe: Sperrungen und verst\u00e4rkte Polizeipr\u00e4senz"},"content":{"rendered":"<p class=\"mb-6 text-xs md:text-m lg:text-l font-serif group-[.font-sans]:font-sans \">\n    Was f\u00fcr viele Feiernde in der Region der H\u00f6hepunkt der Narrenzeit ist, ist f\u00fcr die Veranstalter und Sicherheitskr\u00e4fte eine besondere Herausforderung. Die Polizei informiert in einer Mitteilung vom 10. Februar \u00fcber ihre Ma\u00dfnahmen f\u00fcr einen erfolgreichen <a href=\"https:\/\/www.ka-news.de\/karlsruhe\/freizeit-und-veranstaltungen\/fastnachtsumzug-karlsruhe-2026-strecke-termin-und-neues-motto-16-02-26-113241113\" target=\"_self\" class=\"underline \" rel=\"nofollow noopener\">Fastnachtsumzug in Karlsruhe<\/a> und <a href=\"https:\/\/www.ka-news.de\/karlsruhe\/freizeit-und-veranstaltungen\/fastnachtsumzug-durlach-2026-alle-wichtigen-infos-zur-strecke-termin-und-programm-13-2-26-113295129\" target=\"_self\" class=\"underline \" rel=\"nofollow noopener\">in Durlach<\/a>.\n  <\/p>\n<p>            Polizei richtet Stra\u00dfensperrungen ein<\/p>\n<p class=\"mb-6 text-xs md:text-m lg:text-l font-serif group-[.font-sans]:font-sans \">\n    Am <strong class=\"font-bold\">15. Februar und 17. Februar, jeweils ab 12 Uhr<\/strong>, kommt es zu den ersten Stra\u00dfensperrungen.  Besonders im Bereich der Zugstrecke warnt die Polizei vor <strong class=\"font-bold\">Stra\u00dfensperrungen und Verkehrseinschr\u00e4nkungen. <\/strong>Wie die Zugstrecke f\u00fcr Karlsruhe verl\u00e4uft, k\u00f6nnen Sie hier nachlesen: <a href=\"https:\/\/www.ka-news.de\/karlsruhe\/freizeit-und-veranstaltungen\/karlsruher-fastnachtsumzug-trotz-kaiserstrassen-baustelle-das-ist-die-strecke-16-2-26-113390605\" target=\"_self\" class=\"underline \" rel=\"nofollow noopener\">Karlsruher Fastnachtsumzug trotz Kaiserstra\u00dfen-Baustelle: Was bedeutet das f\u00fcr die Umzugsstrecke?<\/a>\n  <\/p>\n<p class=\"mb-6 text-xs md:text-m lg:text-l font-serif group-[.font-sans]:font-sans \">\n    Der <strong class=\"font-bold\">Karoline-Luise-Tunnel<\/strong> in <a href=\"https:\/\/www.ka-news.de\/promis\/karlsruhe-kulturlandschaft-technologieregion-und-residenz-des-rechts-die-faecherstadt-im-ueberblick-art-2783253\" target=\"_self\" class=\"underline \" rel=\"nofollow noopener\">Karlsruhe<\/a> ist von den Stra\u00dfensperrungen <strong class=\"font-bold\">nicht betroffen<\/strong>. <strong class=\"font-bold\">Ausschlie\u00dflich die Ausfahrt von Westen kommend<\/strong> in Richtung Stadtmitte wird gesperrt sein.\n  <\/p>\n<p class=\"mb-6 text-xs md:text-m lg:text-l font-serif group-[.font-sans]:font-sans \">\n    Die Polizei erwartet das Ende der Umz\u00fcge gegen 16.30 Uhr.\n  <\/p>\n<p>            Polizei Karlsruhe verst\u00e4rkt Pr\u00e4senz an Umzugstagen<\/p>\n<p class=\"mb-6 text-xs md:text-m lg:text-l font-serif group-[.font-sans]:font-sans \">\n    Um die Sicherheit der Besucher zu gew\u00e4hrleisten, wird die<strong class=\"font-bold\"> Polizei mit erh\u00f6htem Personal <\/strong>an den Fastnachtstagen in der Stadt anwesend sein. Neben der Polizei werden aber <strong class=\"font-bold\">auch private Sicherheitsunternehmen und Z\u00fcnfte<\/strong> einen Beitrag zur Sicherheit leisten.\n  <\/p>\n<p>    <img decoding=\"async\" src=\"https:\/\/www.europesays.com\/de\/wp-content\/uploads\/2026\/02\/polizei-fasching.jpg\" alt=\"Polizei am Fastnachtsumzug Karlsruhe-Durlach (Symbolbild).\" title=\"Polizei am Fastnachtsumzug Karlsruhe-Durlach (Symbolbild).\" loading=\"lazy\" class=\"h-full w-full object-cover\"\/><\/p>\n<p>      Icon vergr\u00f6\u00dfern<\/p>\n<p>    Polizei am Fastnachtsumzug Karlsruhe-Durlach (Symbolbild).<br \/>\n    Foto: Thomas Riedel<\/p>\n<p>        Schlie\u00dfen <\/p>\n<p>      Icon Schlie\u00dfen<\/p>\n<p>        Icon vergr\u00f6\u00dfern<\/p>\n<p>        Icon verkleinern<\/p>\n<p>      Icon Pfeil bewegen<\/p>\n<p>    Polizei am Fastnachtsumzug Karlsruhe-Durlach (Symbolbild).<br \/>\n    Foto: Thomas Riedel<\/p>\n<p class=\"mb-6 text-xs md:text-m lg:text-l font-serif group-[.font-sans]:font-sans \">\n    Des Weiteren k\u00fcndigt die Polizei Karlsruhe <strong class=\"font-bold\">zielgerichtete Personenkontrollen<\/strong> an, um das F\u00fchren von nicht gestatteten Gegenst\u00e4nden, wie Messern und Waffen zu unterbinden.\n  <\/p>\n<p>            Was kann ich zur Sicherheit tun?<\/p>\n<p class=\"mb-6 text-xs md:text-m lg:text-l font-serif group-[.font-sans]:font-sans \">\n    Um sicher zu feiern, empfiehlt die Polizei:\n  <\/p>\n<ul rel=\"\" class=\"[&amp;&gt;li]:relative list-none  [&amp;&gt;li]:pl-[1.2em] [&amp;&gt;li]:marker:text-[0] [&amp;&gt;li]:relative [&amp;&gt;li]:before:absolute [&amp;&gt;li]:before:w-3 [&amp;&gt;li]:before:h-3 [&amp;&gt;li]:before:bg-brand [&amp;&gt;li]:before:left-0 [&amp;&gt;li]:before:top-[8px] [&amp;&gt;li]:before:rounded-full  my-5\">\n<li class=\" mb-3 text-xs md:text-m lg:text-l\">Gehen Sie immer in einer Gruppe und achten Sie aufeinander<\/li>\n<li class=\" mb-3 text-xs md:text-m lg:text-l\">Bewusstes Trinken, auch zwischendurch ein nicht alkoholisches Getr\u00e4nk<\/li>\n<li class=\" mb-3 text-xs md:text-m lg:text-l\">Vorzeitige Planung des R\u00fcckwegs<\/li>\n<li class=\" mb-3 text-xs md:text-m lg:text-l\">Selbstbewusstes Auftreten und R\u00fcckweisung bei Bel\u00e4stigungen<\/li>\n<li class=\" mb-3 text-xs md:text-m lg:text-l\">Andere um Mithilfe bitten<\/li>\n<li class=\" mb-3 text-xs md:text-m lg:text-l\">Die 110 bei Bedrohungen und Angriffen w\u00e4hlen<\/li>\n<\/ul>\n<p>            Weitere Informationen<\/p>\n<p class=\"mb-6 text-xs md:text-m lg:text-l font-serif group-[.font-sans]:font-sans \">\n    <strong class=\"font-bold\">SOS-Inseln<\/strong> wird es auch in diesem Jahr als Anlaufstellen f\u00fcr alle Personen entlang der Zugstrecke geben. Die Polizei Karlsruhe appelliert an die Bev\u00f6lkerung:<strong class=\"font-bold\"> \u201eGerne n\u00e4rrisch, aber auch mit gegenseitiger R\u00fccksicht, friedlich und einem nicht zu \u00fcberm\u00e4\u00dfigen Alkoholkonsum.\u201c<\/strong>\n  <\/p>\n<ul data-module-id=\"DragDropModule\" class=\"flex flex-wrap justify-start group-[.no-bookmarks]:hidden\">\n<li class=\"mb-3 mr-3\">\n    Viviane Turhan<\/p>\n<p>      Icon Haken im Kreis gesetzt<\/p>\n<p>      Icon Plus im Kreis<\/p>\n<\/li>\n<li class=\"mb-3 mr-3\">\n    Polizei<\/p>\n<p>      Icon Haken im Kreis gesetzt<\/p>\n<p>      Icon Plus im Kreis<\/p>\n<\/li>\n<li class=\"mb-3 mr-3\">\n    Karlsruhe<\/p>\n<p>      Icon Haken im Kreis gesetzt<\/p>\n<p>      Icon Plus im Kreis<\/p>\n<\/li>\n<\/ul>\n","protected":false},"excerpt":{"rendered":"Was f\u00fcr viele Feiernde in der Region der H\u00f6hepunkt der Narrenzeit ist, ist f\u00fcr die Veranstalter und Sicherheitskr\u00e4fte&hellip;\n","protected":false},"author":2,"featured_media":787629,"comment_status":"","ping_status":"","sticky":false,"template":"","format":"standard","meta":{"footnotes":"","_share_on_mastodon":"0"},"categories":[1844],"tags":[1634,3364,29,136900,167154,30,2065,8903,177732,121,156604,27091,2224,177731],"class_list":["post-801474","post","type-post","status-publish","format-standard","has-post-thumbnail","category-karlsruhe","tag-baden-wuerttemberg","tag-de","tag-deutschland","tag-fasching","tag-fastnachtsumzug","tag-germany","tag-innenstadt","tag-karlsruhe","tag-narrenzeit","tag-polizei","tag-polizeipraesenz","tag-sicherheitskonzept","tag-sperrung","tag-umzugstag"],"share_on_mastodon":{"url":"https:\/\/pubeurope.com\/@de\/116079235193690420","error":""},"_links":{"self":[{"href":"https:\/\/www.europesays.com\/de\/wp-json\/wp\/v2\/posts\/801474","targetHints":{"allow":["GET"]}}],"collection":[{"href":"https:\/\/www.europesays.com\/de\/wp-json\/wp\/v2\/posts"}],"about":[{"href":"https:\/\/www.europesays.com\/de\/wp-json\/wp\/v2\/types\/post"}],"author":[{"embeddable":true,"href":"https:\/\/www.europesays.com\/de\/wp-json\/wp\/v2\/users\/2"}],"replies":[{"embeddable":true,"href":"https:\/\/www.europesays.com\/de\/wp-json\/wp\/v2\/comments?post=801474"}],"version-history":[{"count":0,"href":"https:\/\/www.europesays.com\/de\/wp-json\/wp\/v2\/posts\/801474\/revisions"}],"wp:featuredmedia":[{"embeddable":true,"href":"https:\/\/www.europesays.com\/de\/wp-json\/wp\/v2\/media\/787629"}],"wp:attachment":[{"href":"https:\/\/www.europesays.com\/de\/wp-json\/wp\/v2\/media?parent=801474"}],"wp:term":[{"taxonomy":"category","embeddable":true,"href":"https:\/\/www.europesays.com\/de\/wp-json\/wp\/v2\/categories?post=801474"},{"taxonomy":"post_tag","embeddable":true,"href":"https:\/\/www.europesays.com\/de\/wp-json\/wp\/v2\/tags?post=801474"}],"curies":[{"name":"wp","href":"https:\/\/api.w.org\/{rel}","templated":true}]}}