{"id":801644,"date":"2026-02-16T09:30:17","date_gmt":"2026-02-16T09:30:17","guid":{"rendered":"https:\/\/www.europesays.com\/de\/801644\/"},"modified":"2026-02-16T09:30:17","modified_gmt":"2026-02-16T09:30:17","slug":"wadephul-bemaengelt-frankreichs-ausgaben-fuer-verteidigung","status":"publish","type":"post","link":"https:\/\/www.europesays.com\/de\/801644\/","title":{"rendered":"Wadephul bem\u00e4ngelt Frankreichs Ausgaben f\u00fcr Verteidigung"},"content":{"rendered":"<p>Berlin stellt Frankreich blo\u00df <\/p>\n<p>Wadephul legt sich mit Macron an<\/p>\n<p>16.02.2026 &#8211; 10:14 UhrLesedauer: 2 Min.<\/p>\n<p><a href=\"#focus-0\" class=\"transition-colors duration-200 block text-current relative\" data-sctrack=\"FocusGalleryImage.Reference\"><img fetchpriority=\"high\" data-testid=\"Opener.Image\" style=\"--lqipURL:url('https:\/\/images.t-online.de\/2026\/02\/wL5yMUkxXG17\/446x477:3134x1763\/fit-in\/150x0\/filters:blur(25)\/johann-wadephul-cdu-bundesaussenminister-aufgenommen-im-rahmen-eines-pressestatements-bei-der-muenchener-sicherheitskonferenz-in-muenchen-14-022026-fotografiert-im-auftrag-des-auswaertigen-amtes-muenchen-deutschland-johann-wadephul-cdu-federal-foreign-minister-photographed-during-a-press-statement-at-the-munich-security-conference-in-munich-14-02-2026-photographed-on-behalf-of-the-federal-foreign-office-munich-germany-copyright-xjulianexsonntag-aax.jpg')\"   loading=\"eager\" src=\"https:\/\/www.europesays.com\/de\/wp-content\/uploads\/2026\/02\/johann-wadephul-cdu-bundesaussenminister-aufgenommen-im-rahmen-eines-pressestatements-bei-der-muench.jpeg\" alt=\"imago images 0847664065\" title=\"imago images 0847664065\" width=\"3134\" height=\"1763\" class=\"bg-[url:var(--lqipURL)] bg-cover bg-center flex h-full w-full max-w-full\" decoding=\"async\"\/><img style=\"--width:32;--height:32\" loading=\"lazy\" src=\"https:\/\/www.t-online.de\/s\/paper\/_next\/static\/media\/zoom-in.f7dae02f.svg\" alt=\"Vergr\u00f6\u00dfern des Bildes\" title=\"Vergr\u00f6\u00dfern des Bildes\" class=\"block h-[calc(var(--height)_\/_16_*_1rem)] w-[calc(var(--width)_\/_16_*_1rem)] max-w-none absolute bottom-8 right-8 rounded-4 bg-snow p-8\" decoding=\"async\"\/><\/a><\/p>\n<p>Deutschland will unter den franz\u00f6sischen Atomschirm, doch Au\u00dfenminister Wadephul \u00fcbt Kritik an Paris. (Archivbild) (Quelle: Juliane Sonntag\/imago)<\/p>\n<p class=\"font-bold text-18 leading-17 user-text-lg:text-22 user-text-xl:text-24\">Au\u00dfenminister Johann Wadephul r\u00fcgt offen Frankreichs R\u00fcstungspolitik. Nicht die einzige Verstimmung zwischen Berlin und Paris.<\/p>\n<p class=\"text-18 leading-17 user-text-lg:text-22 user-text-xl:text-24\">Au\u00dfenminister Johann Wadephul (CDU) hat von den europ\u00e4ischen Nato-Partnern st\u00e4rkere Anstrengungen bei den Verteidigungsausgaben gefordert und insbesondere die franz\u00f6sischen Ausgaben als &#8222;unzureichend&#8220; kritisiert. &#8222;Wir m\u00fcssen die f\u00fcnf Prozent auch umsetzen&#8220;, sagte Wadephul am Montag im Deutschlandfunk mit Verweis auf die Verpflichtung der Nato-Mitgliedstaaten, f\u00fcnf Prozent ihres jeweiligen Bruttoinlandsprodukts (BIP) f\u00fcr Verteidigung auszugeben.<\/p>\n<p class=\"text-18 leading-17 user-text-lg:text-22 user-text-xl:text-24\">Frankreichs Pr\u00e4sident <a class=\"transition-colors duration-200 cursor-pointer text-inherit no-underline text-salemsfur md:hover:text-magenta md:hover:border-magenta md:focus:text-magenta border-current border-b border-solid break-words\" href=\"https:\/\/www.t-online.de\/themen\/emmanuel-macron\/\" data-sctrack=\"BodyAnchor\" rel=\"nofollow noopener\" target=\"_blank\">Emmanuel Macron<\/a> spreche &#8222;immer wieder richtigerweise von unserem Streben nach europ\u00e4ischer Souver\u00e4nit\u00e4t&#8220;, sagte Wadephul. Wer davon spreche, m\u00fcsse im eigenen Land danach handeln. &#8222;Bedauerlicherweise sind die Anstrengungen auch in der Franz\u00f6sischen Republik bisher unzureichend, das zu leisten.&#8220;<\/p>\n<p class=\"text-18 leading-17 user-text-lg:text-22 user-text-xl:text-24\">Nun legt Wadephul bei den Verteidigungsausgaben nach. Deutschland setze das F\u00fcnf-Prozent-Ziel um, so der CDU-Politiker. &#8222;Unsere Haushalte, unsere mittelfristige Finanzplanung geben das her.&#8220; Mit Blick auf &#8222;unsere Nachbarstaaten, unsere B\u00fcndnispartner&#8220; stellte er fest: &#8222;Da ist noch Luft nach oben.&#8220; Dar\u00fcber m\u00fcsse in Europa gesprochen werden.<\/p>\n<p class=\"text-18 leading-17 user-text-lg:text-22 user-text-xl:text-24\">Auch Frankreich sei &#8222;deshalb aufgerufen, das zu machen, was wir hier machen, mit schwierigen Diskussionen, Investitionsf\u00e4higkeit herbeizuf\u00fchren, auch im sozialen Bereich die ein oder andere Sparma\u00dfnahme zu ergreifen, auch in anderen Bereichen zu sparen, um f\u00fcr das zentral wichtige Ziel der Verteidigungsf\u00e4higkeit Europas Luft zu haben&#8220;.<\/p>\n<p class=\"text-18 leading-17 user-text-lg:text-22 user-text-xl:text-24\">Diese Aufforderung gehe an alle europ\u00e4ischen L\u00e4nder, betonte Wadephul. Dar\u00fcber m\u00fcssten &#8222;in unserer europ\u00e4ischen Familie sehr offene, sehr ehrliche Diskussionen&#8220; gef\u00fchrt werden. &#8222;Wer heute von Unabh\u00e4ngigkeit von den <a class=\"transition-colors duration-200 cursor-pointer text-inherit no-underline text-salemsfur md:hover:text-magenta md:hover:border-magenta md:focus:text-magenta border-current border-b border-solid break-words\" href=\"https:\/\/www.t-online.de\/themen\/usa\/\" data-sctrack=\"BodyAnchor\" rel=\"nofollow noopener\" target=\"_blank\">USA<\/a> spricht, muss erst einmal zu Hause Hausaufgaben machen, da hat Europa noch viele Aufgaben vor sich&#8220;, stellte der Au\u00dfenminister fest.<\/p>\n","protected":false},"excerpt":{"rendered":"Berlin stellt Frankreich blo\u00df Wadephul legt sich mit Macron an 16.02.2026 &#8211; 10:14 UhrLesedauer: 2 Min. Deutschland will&hellip;\n","protected":false},"author":2,"featured_media":801645,"comment_status":"","ping_status":"","sticky":false,"template":"","format":"standard","meta":{"footnotes":"","_share_on_mastodon":"0"},"categories":[3974],"tags":[326,331,332,42544,296,31,29,11879,1356,548,663,3934,3980,156,775,13,1211,76235,14,15,319,180510,12,317],"class_list":["post-801644","post","type-post","status-publish","format-standard","has-post-thumbnail","category-frankreich","tag-326","tag-aktuelle-nachrichten","tag-aktuelle-news","tag-atomschirm","tag-berlin","tag-cdu","tag-deutschland","tag-deutschlandfunk","tag-emmanuel-macron","tag-eu","tag-europa","tag-europe","tag-france","tag-frankreich","tag-friedrich-merz","tag-headlines","tag-johann-wadephul","tag-mercosur","tag-nachrichten","tag-news","tag-paris","tag-ruestungspolitik","tag-schlagzeilen","tag-ukraine"],"share_on_mastodon":{"url":"https:\/\/pubeurope.com\/@de\/116079612721733857","error":""},"_links":{"self":[{"href":"https:\/\/www.europesays.com\/de\/wp-json\/wp\/v2\/posts\/801644","targetHints":{"allow":["GET"]}}],"collection":[{"href":"https:\/\/www.europesays.com\/de\/wp-json\/wp\/v2\/posts"}],"about":[{"href":"https:\/\/www.europesays.com\/de\/wp-json\/wp\/v2\/types\/post"}],"author":[{"embeddable":true,"href":"https:\/\/www.europesays.com\/de\/wp-json\/wp\/v2\/users\/2"}],"replies":[{"embeddable":true,"href":"https:\/\/www.europesays.com\/de\/wp-json\/wp\/v2\/comments?post=801644"}],"version-history":[{"count":0,"href":"https:\/\/www.europesays.com\/de\/wp-json\/wp\/v2\/posts\/801644\/revisions"}],"wp:featuredmedia":[{"embeddable":true,"href":"https:\/\/www.europesays.com\/de\/wp-json\/wp\/v2\/media\/801645"}],"wp:attachment":[{"href":"https:\/\/www.europesays.com\/de\/wp-json\/wp\/v2\/media?parent=801644"}],"wp:term":[{"taxonomy":"category","embeddable":true,"href":"https:\/\/www.europesays.com\/de\/wp-json\/wp\/v2\/categories?post=801644"},{"taxonomy":"post_tag","embeddable":true,"href":"https:\/\/www.europesays.com\/de\/wp-json\/wp\/v2\/tags?post=801644"}],"curies":[{"name":"wp","href":"https:\/\/api.w.org\/{rel}","templated":true}]}}