{"id":801670,"date":"2026-02-16T09:44:16","date_gmt":"2026-02-16T09:44:16","guid":{"rendered":"https:\/\/www.europesays.com\/de\/801670\/"},"modified":"2026-02-16T09:44:16","modified_gmt":"2026-02-16T09:44:16","slug":"esmc-grossbaustelle-in-dresden-480-000-chip-wafer-fuer-europas-autoindustrie","status":"publish","type":"post","link":"https:\/\/www.europesays.com\/de\/801670\/","title":{"rendered":"ESMC-Gro\u00dfbaustelle in Dresden: 480.000 Chip-Wafer f\u00fcr Europas Autoindustrie"},"content":{"rendered":"<p><a href=\"https:\/\/www.europesays.com\/de\/wp-content\/uploads\/2025\/11\/ESMC-TSMC-Koitzsch-20250617_142402.jpg\"><img loading=\"lazy\" decoding=\"async\" class=\"size-full wp-image-195685\" src=\"https:\/\/www.europesays.com\/de\/wp-content\/uploads\/2025\/11\/ESMC-TSMC-Koitzsch-20250617_142402.jpg\" alt=\"ESMC-Chef Christian Koitzsch blickt auf die Baustelle der Chipfabrik, die TSMC gemeinsam mit Bosch, Infineon und NXP in Dresden baut. Foto: Heiko Weckbrodt\" width=\"1000\" height=\"563\"  \/><\/a>ESMC-Chef Christian Koitzsch blickt auf die Baustelle der Chipfabrik, die TSMC gemeinsam mit Bosch, Infineon und NXP in Dresden baut. Foto: Heiko Weckbrodt<\/p>\n<p>Taiwanesen werden Kunden mehrere Technologiestufen anbieten \u2013 inklusive FinFET<\/p>\n<p><strong>Dresden<\/strong>, 16. Februar 2026. Die gemeinsame \u201eESMC\u201c-Chipfabrik von TSMC, Bosch, Infineon und NXP in Dresden wird zun\u00e4chst f\u00fcr eine Reinraumfl\u00e4che von 45.000 Quadratmetern und eine Kapazit\u00e4t von 480.000 Siliziumscheiben (Wafer) pro Jahr ausgelegt \u2013 knapp halb soviel, wie beim nahen Konkurrenten \u201eGlobalfoundries\u201c in Dresden. In der neuen Fab ist dann ein Fl\u00fcgel f\u00fcr Schaltkreise der Strukturgeneration \u201e28 Nanometer\u201c (Millionstel Millimeter) reserviert, der zweite Fl\u00fcgel f\u00fcr Auftragsproduktionen in der FinFET-Architektur mit 12 bis 16 Nanometern. Als wichtige Kunden f\u00fcr diese Technologieknoten in Dresden sieht ESMC-Pr\u00e4sident Christian Koitzsch vor allem die europ\u00e4ische Automobilindustrie.<\/p>\n<p>Fab nicht f\u00fcr EUV-Belichter ausgelegt<\/p>\n<p>Zwar ist all dies weit vom Spitzenniveau entfernt, das der Mutterkonzern TSMC in Taiwan erreicht und bis weit unter die 10-nm-Grenze vorgesto\u00dfen ist. F\u00fcr Europa ist aber vor allem die FinFET-Produktionslinie bei ESMC ein Zugewinn: Bisher verwendet nur Intel in seinen Fabriken im irischen Leixlip solche besonders leistungsstarken Finnen-Transistorarchitekturen in dieser Strukturgeneration. Anders als Intel sind TSMC beziehungsweise die Tochter ESMC aber reine Auftragsfertiger, so dass diese Technologieknoten k\u00fcnftig in Europa breiter zug\u00e4nglich werden beziehungsweise im Falle globaler Lieferketten-St\u00f6rungen eben gleich in Europa produziert werden. In Strukturgenerationen deutlich unter 10 Nanometern kann die neue Fabrik in Dresden allerdings nicht vordringen: Die daf\u00fcr ben\u00f6tigten Extrem-Ultraviolett-Belichter (EUV) von ASML als den Niederlanden sowie andere Anlagen w\u00fcrden baulich nicht hineinpassen, vor allem mit Blick auf die Raumh\u00f6he.<\/p>\n<p>\u201eCopy Smartly\u201c statt \u201eCopy Exactly\u201c<\/p>\n<p>Um die Fab einzurichten und die Ausbeute rasch hochzufahren, orientiert sich ESMC an \u00e4hnlich gestrickten Chipwerken von TSMC in China und Japan. Dabei kopiere man deren Maschinenanordnung, Kabel- und Rohrf\u00fchrung aber nicht genau (Intel nennt dieses Konzept \u201eCopy Exactly\u201c), sondern passe diese an lokale Gegebenheiten an. \u201eDas Konzept w\u00fcrde ich eher ,copy smartly\u2019 nennen\u201c, betont Koitzsch.<\/p>\n<p>Tief auf dem Fels verankert<\/p>\n<p>Bisher haben die Arbeiter die Bodenplatte f\u00fcr das Werk mit Pf\u00e4hlen tief im Felsuntergrund verankert, nun ist der Rohbau im vollen Gange. In Spitzenzeiten werden voraussichtlich bis zu 5500 Menschen auf der Baustelle im Dresdner Norden t\u00e4tig sein. 2027 soll die Chipfabrik fertig sein und dann schrittweise ihre Spitzenkapazit\u00e4t erreichen. 50 Mitarbeiter hatte ESMC bis zum Herbst 2025 bereits eingestellt, insgesamt sollen es k\u00fcnftig rund 2000 sein. Die Fabrik selbst wird eine eigene Gasfarm haben, eine begr\u00fcnte Fassade und eine Megawatt-starke Solaranlage, um die hohen deutschen Stromkosten ein St\u00fcck weit zu dr\u00fccken.<\/p>\n<p>Stra\u00dfenbahnstrecke zu den Fabs im Norden steht auf dem Wunschzettel<\/p>\n<p>F\u00fcr Dresden habe sich TSMC \u2013 abgesehen von den Beihilfen \u2013 vor allem wegen des bereits existierenden \u00d6kosystems aus Halbleiterfabriken und -Zulieferern entschieden, betont der ESMC-Pr\u00e4sident. Auch engagiere sich die Kommune sehr daf\u00fcr, um die Infrastrukturen f\u00fcr solch eine Hightech-Gro\u00dfansiedlung zu ert\u00fcchtigen, lobt Koitzsch. \u201eDie Stadt Dresden tut extrem viel im Umfeld.\u201c Was sich die ESMC-Chipwerker auch w\u00fcnschen, sei eine st\u00e4rkere \u00d6PNV-Anbindung: \u201eEine direkte Verbindung vom Zentrum hierher w\u00e4re ein Wunsch\u201c, sagt Koitzsch. Zu pr\u00fcfen sei freilich, ob und in welchem Ma\u00dfe sich eine Stra\u00dfenbahntrasse sich mit der Chipproduktion in den umliegenden Fabriken vertrage \u2013 vor allem mit Blick auf die Vibrationen und elektromagnetischen Felder einer fahrenden Tram.<\/p>\n<p>Autor: Heiko Weckbrodt<\/p>\n<p>Quellen: TSMC\/ESMC, Vor-Ort-Besuch, Oiger-Archiv<\/p>\n<p><img loading=\"lazy\" decoding=\"async\" width=\"285\" height=\"284\" src=\"https:\/\/www.europesays.com\/de\/wp-content\/uploads\/2025\/04\/Oiger-001.jpg\" alt=\"Repro: Oiger, Original: Madeleine Arndt\" class=\"wp-image-80160\" style=\"width:130px;height:auto\"  \/><\/p>\n<p class=\"has-text-color has-link-color has-medium-font-size wp-elements-e7a7d44989b57757e168b6fff7193e32\" style=\"color:#185c84\"><strong>Ihre Unterst\u00fctzung f\u00fcr Oiger.de!<\/strong><\/p>\n<p class=\"has-text-color has-link-color wp-elements-918b69199ff2c1183b359612d6a15f37\" style=\"color:#154966\"><strong>Ohne hinreichende Finanzierung ist unabh\u00e4ngiger Journalismus nach professionellen Ma\u00dfst\u00e4ben nicht dauerhaft m\u00f6glich. Bitte unterst\u00fctzen Sie daher unsere Arbeit! Wenn Sie helfen wollen, Oiger.de aufrecht zu erhalten, senden Sie Ihren Beitrag mit dem Betreff \u201efreiwilliges Honorar\u201c via Paypal an:<\/strong><\/p>\n<p class=\"has-text-color has-link-color has-medium-font-size wp-elements-1d68a8c795acd498910475590afcb004\" style=\"color:#094d71\"><a href=\"http:\/\/paypal.me\/oigerDD\" rel=\"nofollow noopener\" target=\"_blank\"><strong>paypal.me\/oigerDD<\/strong><\/a><\/p>\n<p class=\"has-text-color has-link-color wp-elements-ff79d8b8ab8d3bdb7eb856fa4ab11715\" style=\"color:#104366\"><strong>Vielen Dank!<\/strong><\/p>\n","protected":false},"excerpt":{"rendered":"ESMC-Chef Christian Koitzsch blickt auf die Baustelle der Chipfabrik, die TSMC gemeinsam mit Bosch, Infineon und NXP in&hellip;\n","protected":false},"author":2,"featured_media":567618,"comment_status":"","ping_status":"","sticky":false,"template":"","format":"standard","meta":{"footnotes":"","_share_on_mastodon":"0"},"categories":[1835],"tags":[2909,38451,18782,3364,29,2386,32642,180512,30,14509,105622,180513,65666,859,4054,180514,11603],"class_list":["post-801670","post","type-post","status-publish","format-standard","has-post-thumbnail","category-dresden","tag-bosch","tag-chipfabrik","tag-christian","tag-de","tag-deutschland","tag-dresden","tag-esmc","tag-finfet","tag-germany","tag-halbleiter","tag-infineon","tag-koitzsch","tag-nxp","tag-sachsen","tag-saxony","tag-silicon","tag-tsmc"],"share_on_mastodon":{"url":"https:\/\/pubeurope.com\/@de\/116079667865770021","error":""},"_links":{"self":[{"href":"https:\/\/www.europesays.com\/de\/wp-json\/wp\/v2\/posts\/801670","targetHints":{"allow":["GET"]}}],"collection":[{"href":"https:\/\/www.europesays.com\/de\/wp-json\/wp\/v2\/posts"}],"about":[{"href":"https:\/\/www.europesays.com\/de\/wp-json\/wp\/v2\/types\/post"}],"author":[{"embeddable":true,"href":"https:\/\/www.europesays.com\/de\/wp-json\/wp\/v2\/users\/2"}],"replies":[{"embeddable":true,"href":"https:\/\/www.europesays.com\/de\/wp-json\/wp\/v2\/comments?post=801670"}],"version-history":[{"count":0,"href":"https:\/\/www.europesays.com\/de\/wp-json\/wp\/v2\/posts\/801670\/revisions"}],"wp:featuredmedia":[{"embeddable":true,"href":"https:\/\/www.europesays.com\/de\/wp-json\/wp\/v2\/media\/567618"}],"wp:attachment":[{"href":"https:\/\/www.europesays.com\/de\/wp-json\/wp\/v2\/media?parent=801670"}],"wp:term":[{"taxonomy":"category","embeddable":true,"href":"https:\/\/www.europesays.com\/de\/wp-json\/wp\/v2\/categories?post=801670"},{"taxonomy":"post_tag","embeddable":true,"href":"https:\/\/www.europesays.com\/de\/wp-json\/wp\/v2\/tags?post=801670"}],"curies":[{"name":"wp","href":"https:\/\/api.w.org\/{rel}","templated":true}]}}