{"id":801746,"date":"2026-02-16T10:27:13","date_gmt":"2026-02-16T10:27:13","guid":{"rendered":"https:\/\/www.europesays.com\/de\/801746\/"},"modified":"2026-02-16T10:27:13","modified_gmt":"2026-02-16T10:27:13","slug":"keine-waffenverbotszonen-an-karnevalstagen-eingerichtet","status":"publish","type":"post","link":"https:\/\/www.europesays.com\/de\/801746\/","title":{"rendered":"Keine Waffenverbotszonen an Karnevalstagen eingerichtet"},"content":{"rendered":"<p>Gewalt im \u00f6ffentlichen Raum <\/p>\n<p>Warum es an Karneval in Aachen keine Waffenverbotszonen gibt<\/p>\n<p>Aktualisiert am 16.02.2026 &#8211; 11:21 UhrLesedauer: 2 Min.<\/p>\n<p><a href=\"#focus-0\" class=\"transition-colors duration-200 block text-current relative\" data-sctrack=\"FocusGalleryImage.Reference\"><img fetchpriority=\"high\" data-testid=\"Opener.Image\" style=\"--lqipURL:url('https:\/\/images.t-online.de\/2026\/02\/WrwzCM-kLRnd\/0x209:4000x2250\/fit-in\/150x0\/filters:blur(25)\/waffenverbotsschild-symbolbild-an-mehreren-bahnhoefen-in-nrw-gilt-an-karneval-ein-waffenverbot.jpg')\"   loading=\"eager\" src=\"https:\/\/www.europesays.com\/de\/wp-content\/uploads\/2026\/02\/waffenverbotsschild-symbolbild-an-mehreren-bahnhoefen-in-nrw-gilt-an-karneval-ein-waffenverbot.jpg\" alt=\"imago images 0827093760\" title=\"imago images 0827093760\" width=\"4000\" height=\"2250\" class=\"bg-[url:var(--lqipURL)] bg-cover bg-center flex h-full w-full max-w-full\" decoding=\"async\"\/><img style=\"--width:32;--height:32\" loading=\"lazy\" src=\"https:\/\/aachen.t-online.de\/s\/paper\/_next\/static\/media\/zoom-in.f7dae02f.svg\" alt=\"Vergr\u00f6\u00dfern des Bildes\" title=\"Vergr\u00f6\u00dfern des Bildes\" class=\"block h-[calc(var(--height)_\/_16_*_1rem)] w-[calc(var(--width)_\/_16_*_1rem)] max-w-none absolute bottom-8 right-8 rounded-4 bg-snow p-8\" decoding=\"async\"\/><\/a><\/p>\n<p>Waffenverbotsschild (Symbolbild): An mehreren Bahnh\u00f6fen in NRW gilt an Karneval ein Waffenverbot. (Quelle: IMAGO\/Christian Ohde)<\/p>\n<p class=\"font-bold text-18 leading-17 user-text-lg:text-22 user-text-xl:text-24\">In mehreren Bahnh\u00f6fen in NRW gilt \u00fcber die Karnevalstage ein Waffenverbot \u2013 in Aachen dagegen nicht. Eine Polizeisprecherin erkl\u00e4rt, warum.<\/p>\n<p class=\"text-18 leading-17 user-text-lg:text-22 user-text-xl:text-24\">Die Bundespolizei hat f\u00fcr die Karnevalszeit ein Waffenverbot an 15 Bahnh\u00f6fen in Nordrhein-Westfalen erlassen. Gef\u00e4hrliche Gegenst\u00e4nde, mit denen man Menschen schwer verletzen kann, sind damit \u00fcber die ohnehin geltenden Regeln hinaus verboten. Darunter fallen etwa Schuss-, Hieb- und Sto\u00dfwaffen (Messer, Beile, Pistolen) sowie Luftdruck- und CO\u2082-Waffen.<\/p>\n<p class=\"text-18 leading-17 user-text-lg:text-22 user-text-xl:text-24\">Das Verbot gilt an den Hauptbahnh\u00f6fen in M\u00fcnster, Paderborn, Bielefeld, Hamm, Moers, Voerde, D\u00fcsseldorf, Duisburg, Wuppertal, Oberhausen, M\u00f6nchengladbach, Bonn und K\u00f6ln. Auch an den Bahnh\u00f6fen K\u00f6ln-S\u00fcd und Siegburg\/Bonn gilt das Waffenverbot. Die Polizei darf Reisende in diesen Bahnh\u00f6fen ohne konkreten Verdacht kontrollieren.<\/p>\n<p class=\"text-18 leading-17 user-text-lg:text-22 user-text-xl:text-24\">Der Aachener Hauptbahnhof f\u00e4llt nicht unter das Verbot. Auch dar\u00fcber hinaus sind in Aachen \u00fcber die Karnevalstage keine Waffenverbotszonen geplant, wie eine Sprecherin der Polizei auf Anfrage der Aachener Lokalredaktion von t-online mitteilt.<\/p>\n<p class=\"text-18 leading-17 user-text-lg:text-22 user-text-xl:text-24\">Sie erkl\u00e4rt, dass f\u00fcr die Einrichtung einer Waffenverbotszone Tatsachen vorliegen m\u00fcssten, &#8222;die die Annahme rechtfertigen, dass diese zur Abwehr einer Gefahr f\u00fcr die \u00f6ffentliche Sicherheit erforderlich sind&#8220;. Angesichts der geringen Fallzahlen im Bereich Aachen seien Waffenverbotszonen, zumindest momentan, nicht zu rechtfertigen. Diese seien entgegen dem Landestrend sinkend, so die Sprecherin.<\/p>\n<p class=\"text-18 leading-17 user-text-lg:text-22 user-text-xl:text-24\">Die Aachener Polizei nehme die Messergewalt im \u00f6ffentlichen Raum trotzdem ernst und trage mit passenden Ma\u00dfnahmen dazu bei, das Problem &#8222;pr\u00e4ventiv und repressiv zu bek\u00e4mpfen.&#8220; Situativ werde die Polizei auch dieses Jahr bei Personen das generelle gesetzliche Waffen- und Messerverbot, das auf \u00f6ffentlichen Veranstaltungen gilt, kontrollieren und &#8222;deren mitgef\u00fchrte Sachen in Augenschein nehmen.&#8220;<\/p>\n","protected":false},"excerpt":{"rendered":"Gewalt im \u00f6ffentlichen Raum Warum es an Karneval in Aachen keine Waffenverbotszonen gibt Aktualisiert am 16.02.2026 &#8211; 11:21&hellip;\n","protected":false},"author":2,"featured_media":801747,"comment_status":"","ping_status":"","sticky":false,"template":"","format":"standard","meta":{"footnotes":"","_share_on_mastodon":"0"},"categories":[1853],"tags":[3807,13204,7378,176264,1424,1605,1741,421,3364,29,3715,3405,548,663,3934,30,9060,13,165717,1420,1981,4455,8970,14,15,1209,3728,727,121,12,64332,13297,177678,13667,4418],"class_list":["post-801746","post","type-post","status-publish","format-standard","has-post-thumbnail","category-aachen","tag-moers","tag-karneval","tag-siegburg","tag-176264","tag-aachen","tag-bielefeld","tag-bonn","tag-bundespolizei","tag-de","tag-deutschland","tag-duisburg","tag-duesseldorf","tag-eu","tag-europa","tag-europe","tag-germany","tag-hamm","tag-headlines","tag-karnevalstag","tag-koeln","tag-messer","tag-moenchengladbach","tag-muenster","tag-nachrichten","tag-news","tag-nordrhein-westfalen","tag-oberhausen","tag-paderborn","tag-polizei","tag-schlagzeilen","tag-voerde","tag-waffenverbot","tag-waffenverbotsschild","tag-waffenverbotszone","tag-wuppertal"],"share_on_mastodon":{"url":"https:\/\/pubeurope.com\/@de\/116079837097065788","error":""},"_links":{"self":[{"href":"https:\/\/www.europesays.com\/de\/wp-json\/wp\/v2\/posts\/801746","targetHints":{"allow":["GET"]}}],"collection":[{"href":"https:\/\/www.europesays.com\/de\/wp-json\/wp\/v2\/posts"}],"about":[{"href":"https:\/\/www.europesays.com\/de\/wp-json\/wp\/v2\/types\/post"}],"author":[{"embeddable":true,"href":"https:\/\/www.europesays.com\/de\/wp-json\/wp\/v2\/users\/2"}],"replies":[{"embeddable":true,"href":"https:\/\/www.europesays.com\/de\/wp-json\/wp\/v2\/comments?post=801746"}],"version-history":[{"count":0,"href":"https:\/\/www.europesays.com\/de\/wp-json\/wp\/v2\/posts\/801746\/revisions"}],"wp:featuredmedia":[{"embeddable":true,"href":"https:\/\/www.europesays.com\/de\/wp-json\/wp\/v2\/media\/801747"}],"wp:attachment":[{"href":"https:\/\/www.europesays.com\/de\/wp-json\/wp\/v2\/media?parent=801746"}],"wp:term":[{"taxonomy":"category","embeddable":true,"href":"https:\/\/www.europesays.com\/de\/wp-json\/wp\/v2\/categories?post=801746"},{"taxonomy":"post_tag","embeddable":true,"href":"https:\/\/www.europesays.com\/de\/wp-json\/wp\/v2\/tags?post=801746"}],"curies":[{"name":"wp","href":"https:\/\/api.w.org\/{rel}","templated":true}]}}