{"id":801837,"date":"2026-02-16T11:14:14","date_gmt":"2026-02-16T11:14:14","guid":{"rendered":"https:\/\/www.europesays.com\/de\/801837\/"},"modified":"2026-02-16T11:14:14","modified_gmt":"2026-02-16T11:14:14","slug":"frau-tot-in-wohnung-in-duesseldorf-aufgefunden","status":"publish","type":"post","link":"https:\/\/www.europesays.com\/de\/801837\/","title":{"rendered":"Frau tot in Wohnung in D\u00fcsseldorf aufgefunden"},"content":{"rendered":"<p>Alkoholisiert bei Festnahme <\/p>\n<p>Frau stirbt in Wohnung \u2013 Lebensgef\u00e4hrte unter Mordverdacht<\/p>\n<p>16.02.2026 &#8211; 12:06 UhrLesedauer: 1 Min.<\/p>\n<p><a href=\"#focus-0\" class=\"transition-colors duration-200 block text-current relative\" data-sctrack=\"FocusGalleryImage.Reference\"><img fetchpriority=\"high\" data-testid=\"Opener.Image\" style=\"--lqipURL:url('https:\/\/images.t-online.de\/2025\/12\/PKivoyTSf1ym\/0x209:4000x2250\/fit-in\/150x0\/filters:blur(25)\/polizei-und-rettungsdienst-in-duesseldorf-archivbild.jpg')\"   loading=\"eager\" src=\"https:\/\/www.europesays.com\/de\/wp-content\/uploads\/2026\/02\/polizei-und-rettungsdienst-in-duesseldorf-archivbild.jpg\" alt=\"Polizei und Rettungsdienst in D\u00fcsseldorf (Archivbild):\" title=\"Polizei und Rettungsdienst in D\u00fcsseldorf (Archivbild):\" width=\"4000\" height=\"2250\" class=\"bg-[url:var(--lqipURL)] bg-cover bg-center flex h-full w-full max-w-full\" decoding=\"async\"\/><img style=\"--width:32;--height:32\" loading=\"lazy\" src=\"https:\/\/duesseldorf.t-online.de\/s\/paper\/_next\/static\/media\/zoom-in.f7dae02f.svg\" alt=\"Vergr\u00f6\u00dfern des Bildes\" title=\"Vergr\u00f6\u00dfern des Bildes\" class=\"block h-[calc(var(--height)_\/_16_*_1rem)] w-[calc(var(--width)_\/_16_*_1rem)] max-w-none absolute bottom-8 right-8 rounded-4 bg-snow p-8\" decoding=\"async\"\/><\/a><\/p>\n<p>Polizei und Rettungsdienst in D\u00fcsseldorf (Archivbild): Ermittlungen nach t\u00f6dlichem Vorfall in Wersten. (Quelle: IMAGO\/Michael Gstettenbauer)<\/p>\n<p class=\"font-bold text-18 leading-17 user-text-lg:text-22 user-text-xl:text-24\">Eine Mordkommission ermittelt nach dem Fund einer toten Frau in einer Wohnung in Wersten. Der 60-j\u00e4hrige Lebensgef\u00e4hrte steht unter dringendem Tatverdacht.<\/p>\n<p class=\"text-18 leading-17 user-text-lg:text-22 user-text-xl:text-24\">Die D\u00fcsseldorfer Polizei hat einen 60-j\u00e4hrigen Mann mit deutsch-ukrainischer Staatsangeh\u00f6rigkeit vorl\u00e4ufig festgenommen. In seiner Wohnung in D\u00fcsseldorf-Wersten wurde eine tote Frau aufgefunden.<\/p>\n<p class=\"text-18 leading-17 user-text-lg:text-22 user-text-xl:text-24\">Der Vorfall ereignete sich am Sonntag, den 15. Februar 2026 um 3.08 Uhr. Die Beamten entdeckten die Leiche in der Wohnung des Beschuldigten auf der Dabringhauser Stra\u00dfe.<\/p>\n<p class=\"text-18 leading-17 user-text-lg:text-22 user-text-xl:text-24\">Laut Polizei hat sich aufgrund der Gesamtumst\u00e4nde der Verdacht ergeben, dass der Mann die Frau get\u00f6tet haben k\u00f6nnte. Der Festgenommene war zum Zeitpunkt der Festnahme alkoholisiert. Die Beamten entnahmen ihm Blutproben.<\/p>\n<p class=\"text-18 leading-17 user-text-lg:text-22 user-text-xl:text-24\">Die Staatsanwaltschaft D\u00fcsseldorf und eine eigens gegr\u00fcndete Mordkommission des Polizeipr\u00e4sidiums ermitteln wegen eines vors\u00e4tzlichen T\u00f6tungsdeliktes. Wie die Staatsanwaltschaft mitteilte, ist f\u00fcr Montag eine Obduktion der Frau geplant.<\/p>\n<p class=\"text-18 leading-17 user-text-lg:text-22 user-text-xl:text-24\">\u00dcber einen m\u00f6glichen Antrag auf Untersuchungshaft gegen den Beschuldigten entscheidet die Staatsanwaltschaft am Dienstag.<\/p>\n<p class=\"text-18 leading-17 user-text-lg:text-22 user-text-xl:text-24\">Laut Polizei liegen keine vorherigen Strafanzeigen oder Eins\u00e4tze wegen h\u00e4uslicher Gewalt zum Nachteil der Verstorbenen vor.<\/p>\n","protected":false},"excerpt":{"rendered":"Alkoholisiert bei Festnahme Frau stirbt in Wohnung \u2013 Lebensgef\u00e4hrte unter Mordverdacht 16.02.2026 &#8211; 12:06 UhrLesedauer: 1 Min. Polizei&hellip;\n","protected":false},"author":2,"featured_media":801838,"comment_status":"","ping_status":"","sticky":false,"template":"","format":"standard","meta":{"footnotes":"","_share_on_mastodon":"0"},"categories":[1831],"tags":[722,17161,3364,29,3405,980,30,2290,15377,1209,12251,121,1997,41235,180531],"class_list":["post-801837","post","type-post","status-publish","format-standard","has-post-thumbnail","category-duesseldorf","tag-722","tag-17161","tag-de","tag-deutschland","tag-duesseldorf","tag-festnahme","tag-germany","tag-mordkommission","tag-mordverdacht","tag-nordrhein-westfalen","tag-obduktion","tag-polizei","tag-staatsanwaltschaft","tag-tatverdacht","tag-werst"],"share_on_mastodon":{"url":"https:\/\/pubeurope.com\/@de\/116080021826525986","error":""},"_links":{"self":[{"href":"https:\/\/www.europesays.com\/de\/wp-json\/wp\/v2\/posts\/801837","targetHints":{"allow":["GET"]}}],"collection":[{"href":"https:\/\/www.europesays.com\/de\/wp-json\/wp\/v2\/posts"}],"about":[{"href":"https:\/\/www.europesays.com\/de\/wp-json\/wp\/v2\/types\/post"}],"author":[{"embeddable":true,"href":"https:\/\/www.europesays.com\/de\/wp-json\/wp\/v2\/users\/2"}],"replies":[{"embeddable":true,"href":"https:\/\/www.europesays.com\/de\/wp-json\/wp\/v2\/comments?post=801837"}],"version-history":[{"count":0,"href":"https:\/\/www.europesays.com\/de\/wp-json\/wp\/v2\/posts\/801837\/revisions"}],"wp:featuredmedia":[{"embeddable":true,"href":"https:\/\/www.europesays.com\/de\/wp-json\/wp\/v2\/media\/801838"}],"wp:attachment":[{"href":"https:\/\/www.europesays.com\/de\/wp-json\/wp\/v2\/media?parent=801837"}],"wp:term":[{"taxonomy":"category","embeddable":true,"href":"https:\/\/www.europesays.com\/de\/wp-json\/wp\/v2\/categories?post=801837"},{"taxonomy":"post_tag","embeddable":true,"href":"https:\/\/www.europesays.com\/de\/wp-json\/wp\/v2\/tags?post=801837"}],"curies":[{"name":"wp","href":"https:\/\/api.w.org\/{rel}","templated":true}]}}