{"id":801991,"date":"2026-02-16T12:42:14","date_gmt":"2026-02-16T12:42:14","guid":{"rendered":"https:\/\/www.europesays.com\/de\/801991\/"},"modified":"2026-02-16T12:42:14","modified_gmt":"2026-02-16T12:42:14","slug":"stuttgarter-wilhelma-neuzugang-seltener-leopard-zieht-in-zoo-ein-startseite","status":"publish","type":"post","link":"https:\/\/www.europesays.com\/de\/801991\/","title":{"rendered":"Stuttgarter Wilhelma: Neuzugang: Seltener Leopard zieht in Zoo ein &#8211; Startseite"},"content":{"rendered":"<p>\t\t\t\t\t\t\t\t\t\t\t\t\t\t\t\t\t\t\t\t\t\t\t\t\t\t\t\t\t\t\t\t\t\t\t\t   \t\t\t\t\t \t\t\t\t   \t      \t\t\t\t   <img decoding=\"async\" id=\"article-image\" fetchpriority=\"high\" alt=\"Stuttgarter Wilhelma: Neuzugang: Seltener Leopard zieht in Zoo ein\" title=\"Stuttgarter Wilhelma: Neuzugang: Seltener Leopard zieht in Zoo ein\" src=\"https:\/\/www.europesays.com\/de\/wp-content\/uploads\/2026\/02\/media.media.9c725da3-78d7-41fc-9776-e2dc7818dbdd.original700.jpg\" data-linkto=\"https:\/\/www.krzbb.de\/javascript:void(0);\"\/>\t\t\t\t\t\t\t\t\t\t\t\t\t\t\t\t\t\t\t\t\t\t\t\tGestatten, Leopard Khal. Seit Ende Januar in der Wilhelma zu Hause.\u00a0Foto: Birger Meierjohann\/Wilhelma\t\t\t<\/p>\n<p>Die Wilhelma hat wieder einen persischen Leopardenkater. Er hei\u00dft Khal und stammt aus einem Zoo in Spanien. Wo ist die Raubkatze aktuell zu sehen?<\/p>\n<p>Bei den Raubkatzen gibt es einen Neuzugang, <a href=\"https:\/\/www.krzbb.de\/inhalt.wilhelma-hinter-den-kulissen-sanierung-eines-prachtbaus-und-einschraenkungen-am-belvedere.5b18dfe7-e584-4cab-a896-e64b4127e0f8.html\" target=\"_blank\" rel=\"nofollow noopener\">wie die Wilhelma mitteilt<\/a>. Der persische Leopard Khal ist in den Stuttgarter Zoo Ende Januar eingezogen. Und, wie <a href=\"https:\/\/www.krzbb.de\/thema\/Wilhelma\" title=\"Wilhelma\" class=\"art_thema\" rel=\"nofollow noopener\" target=\"_blank\">Wilhelma<\/a>-Sprecher Birger Meierjohann mitteilt, sei der sieben Jahre alter Kater, nachdem er sich mittlerweile eingew\u00f6hnt habe, immer h\u00e4ufiger auf seiner Au\u00dfenanlage zu sehen. Khal stammt den Angaben zufolge aus einem Zoo in Spanien. <\/p>\n<p>Der persische Leopard, der in Vorderasien zuhause ist, schwerpunktm\u00e4\u00dfig im Iran, gilt als stark gef\u00e4hrdet. Der Gro\u00dfteil seines Bestands sei, so Wilhelma-Direktor Thomas K\u00f6lpin, in zahlreiche, nicht mehr miteinander zusammenh\u00e4ngende Teilpopulationen zersplittert. <a href=\"https:\/\/www.krzbb.de\/inhalt.wo-die-wilhelma-hilft-artenschutz-global-von-sumatra-bis-zur-schwaebischen-alb.8bc3ece4-d208-42d4-ba96-a0e1721b6a11.html\" target=\"_blank\" rel=\"nofollow noopener\">Deshalb engagiere sich der Zoo f\u00fcr die Nachzucht<\/a> des persischen Leoparden in menschlicher Obhut. Doch nicht immer finde man dabei f\u00fcr jedes Tier auf Anhieb den richtigen Partner. So sei in Abstimmung mit dem Koordinator des Ex Situ-Programms des europ\u00e4ischen Zooverbands EAZA f\u00fcr persische Leoparden, entschieden worden, dass Khal ein neues Zuhause in <a href=\"https:\/\/www.krzbb.de\/thema\/Stuttgart\" title=\"Stuttgart\" class=\"art_thema\" rel=\"nofollow noopener\" target=\"_blank\">Stuttgart<\/a> erh\u00e4lt.<\/p>\n<p>  <img decoding=\"async\" loading=\"lazy\" src=\"https:\/\/www.europesays.com\/de\/wp-content\/uploads\/2026\/02\/media.media.fa9e0a77-9626-44e5-af28-be4b6b816106.original1024.media.jpeg\"\/>     Das neue Zuhause von Leopard Khal in der Wilhelma.    Foto: Iris Frey    <\/p>\n<p>Platz ist in Stuttgart, nachdem im Fr\u00fchjahr vergangenen Jahres der 19 Jahre alte Leoparden-Senior Datis verstorben war. Er war im Januar 2024 in die Wilhelma gekommen, wo er im K\u00f6lner Zoo einem neuen Zuchtpaar Platz gemacht hatte. <\/p>\n<p>Datis war nicht mehr zur Nachzucht vorgesehen. Im K\u00f6lner Zoo hatte er zweimal f\u00fcr Nachwuchs gesorgt.<a href=\"https:\/\/www.krzbb.de\/inhalt.tiermanagement-in-der-wilhelma-wie-regelt-der-zoo-die-fuetterung-fleischfressender-tiere.b22506b9-12d7-4c04-aaf7-b0d8d3aa72e0.html\" target=\"_blank\" rel=\"nofollow noopener\"> In der Wilhelma, in dem Gehege bei den Raubtieren <\/a>zwischen den L\u00f6wen und den Jaguaren ist Khal jetzt zu finden. Seine Anlage war zeitweise nicht besetzt. Auch Kuratorin Ulrike Rademacher freut sich \u00fcber den Neuzugang aus Spanien. <\/p>\n","protected":false},"excerpt":{"rendered":"Gestatten, Leopard Khal. Seit Ende Januar in der Wilhelma zu Hause.\u00a0Foto: Birger Meierjohann\/Wilhelma Die Wilhelma hat wieder einen&hellip;\n","protected":false},"author":2,"featured_media":801992,"comment_status":"","ping_status":"","sticky":false,"template":"","format":"standard","meta":{"footnotes":"","_share_on_mastodon":"0"},"categories":[1830],"tags":[1634,3364,29,30,180560,1441,5251,92814,12378],"class_list":["post-801991","post","type-post","status-publish","format-standard","has-post-thumbnail","category-stuttgart","tag-baden-wuerttemberg","tag-de","tag-deutschland","tag-germany","tag-persische-leoparden","tag-stuttgart","tag-stuttgart-bad-cannstatt","tag-topt","tag-wilhelma"],"share_on_mastodon":{"url":"https:\/\/pubeurope.com\/@de\/116080371699997954","error":""},"_links":{"self":[{"href":"https:\/\/www.europesays.com\/de\/wp-json\/wp\/v2\/posts\/801991","targetHints":{"allow":["GET"]}}],"collection":[{"href":"https:\/\/www.europesays.com\/de\/wp-json\/wp\/v2\/posts"}],"about":[{"href":"https:\/\/www.europesays.com\/de\/wp-json\/wp\/v2\/types\/post"}],"author":[{"embeddable":true,"href":"https:\/\/www.europesays.com\/de\/wp-json\/wp\/v2\/users\/2"}],"replies":[{"embeddable":true,"href":"https:\/\/www.europesays.com\/de\/wp-json\/wp\/v2\/comments?post=801991"}],"version-history":[{"count":0,"href":"https:\/\/www.europesays.com\/de\/wp-json\/wp\/v2\/posts\/801991\/revisions"}],"wp:featuredmedia":[{"embeddable":true,"href":"https:\/\/www.europesays.com\/de\/wp-json\/wp\/v2\/media\/801992"}],"wp:attachment":[{"href":"https:\/\/www.europesays.com\/de\/wp-json\/wp\/v2\/media?parent=801991"}],"wp:term":[{"taxonomy":"category","embeddable":true,"href":"https:\/\/www.europesays.com\/de\/wp-json\/wp\/v2\/categories?post=801991"},{"taxonomy":"post_tag","embeddable":true,"href":"https:\/\/www.europesays.com\/de\/wp-json\/wp\/v2\/tags?post=801991"}],"curies":[{"name":"wp","href":"https:\/\/api.w.org\/{rel}","templated":true}]}}