{"id":802460,"date":"2026-02-16T17:00:19","date_gmt":"2026-02-16T17:00:19","guid":{"rendered":"https:\/\/www.europesays.com\/de\/802460\/"},"modified":"2026-02-16T17:00:19","modified_gmt":"2026-02-16T17:00:19","slug":"wie-sich-berliner-an-gerd-appenzeller-erinnern","status":"publish","type":"post","link":"https:\/\/www.europesays.com\/de\/802460\/","title":{"rendered":"Wie sich Berliner an Gerd Appenzeller erinnern"},"content":{"rendered":"<p class=\"tspCCnp tspCCnq\">Am 5. Februar starb Gerd Appenzeller im Reinickendorfer Caritas-Hospiz Katharinenhaus. Er war unter anderem Chefredakteur und Herausgeber des Tagesspiegel, im Alter von 73 Jahren gr\u00fcndete er den Bezirksnewsletter f\u00fcr <a href=\"https:\/\/www.tagesspiegel.de\/berlin\/bezirke\/reinickendorf\/\" target=\"_blank\" rel=\"noopener nofollow\" class=\"link link--external\" data-gtm-class=\"article-text-link\" data-gtm-val=\"external\" aria-describedby=\"message-target-blank\">Reinickendorf<\/a>.<\/p>\n<p class=\"tspCCnp\">Nachdem <a href=\"https:\/\/www.tagesspiegel.de\/berlin\/zum-tod-von-gerd-appenzeller-er-war-ein-geschenk-fur-den-journalismus-15230252.html?icid=in-text-link_15257395\" class=\"link link--internal\" data-gtm-class=\"article-text-link\" data-gtm-val=\"internal\" rel=\"nofollow noopener\" target=\"_blank\">im Tagesspiegel bereits ein Nachruf erschien<\/a>, haben wir im Reinickendorf-Newsletter die Leser gebeten, uns ihre Erinnerungen an Gerd Appenzeller mitzuteilen. Aus den vielen Mails wurde eines schnell klar: Appenzeller war in Reinickendorf eine Instanz und blieb dabei immer nahbar. Nachdem er den Reinickendorf-Newsletter gr\u00fcndete, initiierte er einen Spaziergang am Flughafensee in Tegel, wie sich Leserin Sylvia George erinnert.<\/p>\n<p>Bezirke-Newsletter: Reinickendorf<\/p>\n<p><img decoding=\"async\" src=\"https:\/\/www.europesays.com\/de\/wp-content\/uploads\/2025\/04\/icon-reinickendorf.png\" alt=\"\" class=\"tspCFgx\"\/><\/p>\n<p class=\"tspCFn5\"> Mehr Neuigkeiten zum Bezirk gibt es in unserem Newsletter \u2014 jede Woche per E-Mail. <\/p>\n<p class=\"tspCCnp\">\u201eDie anf\u00e4ngliche Befangenheit gegen\u00fcber des im wahrsten Sinne des Wortes \u201agro\u00dfen Mannes\u2018 verflog schnell\u201c, schreibt George. Er \u201efragte neugierig, war offen und warmherzig.\u201c Und das galt nicht nur bei jenem Spaziergang, wie die Leserin Brigitte Walcebok wei\u00df. Oft traf sie ihn am Brotstand im Supermarkt und sprach ihn auf seine Artikel an: \u201eF\u00fcr Anregungen hatte er ein offenes Ohr.\u201c<\/p>\n<p> Gerd Appenzeller: Er kitzelte auch das letzte Geheimnis heraus  <\/p>\n<p class=\"tspCCnp\">Auch Jutta und Ernst Hoffmann sind Gerd Appenzeller sehr dankbar f\u00fcr die Gespr\u00e4che und den Austausch, zum Beispiel auf dem <a href=\"https:\/\/www.tagesspiegel.de\/gesellschaft\/genuss\/genuss-guide-wochenmarkte-an-diesen-berliner-marktstanden-lohnt-der-besuch-besonders-13975619.html?icid=in-text-link_15257395\" class=\"link link--internal\" data-gtm-class=\"article-text-link\" data-gtm-val=\"internal\" rel=\"nofollow noopener\" target=\"_blank\">Wochenmarkt in Hermsdorf<\/a>. \u201eRaus aus der Anonymit\u00e4t, rein in die soziale Vertrautheit\u201c, schreiben die beiden \u00fcber ihn.<\/p>\n<p class=\"tspCCnp\">Diese menschliche Haltung \u00fcbersetzte Appenzeller auch in sein journalistisches Arbeiten. Er war \u201eein feiner Mensch, mit klarem Standpunkt\u201c, erinnert sich Leser J\u00fcrgen Steuber. In Interviews war er ein aufmerksamer Zuh\u00f6rer und kitzelte sehr professionell auch noch das letzte Geheimnis heraus, wie sich Hans-J\u00fcrgen Hube, seinerzeit Vorstand der <a href=\"https:\/\/www.tagesspiegel.de\/berlin\/in-einigen-jahren-sieht-es-bei-uns-wieder-aus-wie-1989-in-ost-berlin-7663564.html?icid=in-text-link_15257395\" class=\"link link--internal\" data-gtm-class=\"article-text-link\" data-gtm-val=\"internal\" rel=\"nofollow noopener\" target=\"_blank\">Baugenossenschaft \u201eFreie Scholle\u201c,<\/a> erinnert.<\/p>\n<p> Journalistische Integrit\u00e4t und menschliche Zugewandtheit <\/p>\n<p class=\"tspCCnp\">Diese journalistische Integrit\u00e4t und Brillanz, gepaart mit einer andauernden menschlichen Zugewandtheit, waren es, die Gerd Appenzeller f\u00fcr viele Reinickendorfer so besonders machten. Er war \u201eeine Pers\u00f6nlichkeit, die auch durch seine stattliche Erscheinung im Hermsdorfer Stadtbild oder bei <a href=\"https:\/\/www.tagesspiegel.de\/berlin\/bezirke\/baumfallungen-in-berlin-hermsdorf-100-jahre-alte-linden-ratzekahl-abgesagt-12319247.html?icid=in-text-link_15257395\" class=\"link link--internal\" data-gtm-class=\"article-text-link\" data-gtm-val=\"internal\" rel=\"nofollow noopener\" target=\"_blank\">Spazierg\u00e4ngen um den Waldsee<\/a> auffiel\u201c, schreibt Leserin Isabel Riele.<\/p>\n<p>Mehr Nachrichten aus Berlin-Reinickendorf<a href=\"https:\/\/www.tagesspiegel.de\/berlin\/schule\/nach-stromausfall-an-berliner-bettina-von-arnim-schule-thw-ermoglicht-schulstart-nach-winterferien-15227918.html?icid=topic-list_15257395___\" data-gtm-class=\"article-mzt-link\" data-hydrate-fingerprint=\"09740a54944caac75fd2c0c63fd5c5df\" data-hydrate-props=\"{&amp;escapedquot;element&amp;escapedquot;:{&amp;escapedquot;type&amp;escapedquot;:&amp;escapedquot;relatedContent&amp;escapedquot;,&amp;escapedquot;fieldMap&amp;escapedquot;:{},&amp;escapedquot;relation&amp;escapedquot;:{&amp;escapedquot;fields&amp;escapedquot;:{&amp;escapedquot;isPaid&amp;escapedquot;:null},&amp;escapedquot;href&amp;escapedquot;:&amp;escapedquot;\/berlin\/schule\/nach-stromausfall-an-berliner-bettina-von-arnim-schule-thw-ermoglicht-schulstart-nach-winterferien-15227918.html&amp;escapedquot;,&amp;escapedquot;teaserTitle&amp;escapedquot;:{&amp;escapedquot;kicker&amp;escapedquot;:&amp;escapedquot;Nach Stromausfall an Berliner Bettina-von-Arnim-Schule&amp;escapedquot;,&amp;escapedquot;headline&amp;escapedquot;:&amp;escapedquot;THW erm\u00f6glicht Schulstart nach Winterferien&amp;escapedquot;},&amp;escapedquot;id&amp;escapedquot;:&amp;escapedquot;15227918&amp;escapedquot;,&amp;escapedquot;type&amp;escapedquot;:&amp;escapedquot;story&amp;escapedquot;},&amp;escapedquot;isPartOfList&amp;escapedquot;:true,&amp;escapedquot;topicListType&amp;escapedquot;:&amp;escapedquot;topic-list&amp;escapedquot;},&amp;escapedquot;showArrow&amp;escapedquot;:true}\" data-hydrate-slots=\"{&#039;default&#039;:[]}\" class=\"tspC3qb tspC2p9\" rel=\"nofollow noopener\" target=\"_blank\">Nach Stromausfall an Berliner Bettina-von-Arnim-Schule THW erm\u00f6glicht Schulstart nach Winterferien <\/a><a href=\"https:\/\/www.tagesspiegel.de\/berlin\/bezirke\/reinickendorf\/der-alteste-buddhistische-tempel-europas-steht-in-berlin-jeder-gute-mensch-ist-auch-ein-buddhist-15213751.html?icid=topic-list_15257395___\" data-gtm-class=\"article-mzt-link\" data-hydrate-fingerprint=\"09740a54944caac75fd2c0c63fd5c5df\" data-hydrate-props=\"{&amp;escapedquot;element&amp;escapedquot;:{&amp;escapedquot;type&amp;escapedquot;:&amp;escapedquot;relatedContent&amp;escapedquot;,&amp;escapedquot;fieldMap&amp;escapedquot;:{},&amp;escapedquot;relation&amp;escapedquot;:{&amp;escapedquot;fields&amp;escapedquot;:{&amp;escapedquot;isPaid&amp;escapedquot;:true},&amp;escapedquot;href&amp;escapedquot;:&amp;escapedquot;\/berlin\/bezirke\/reinickendorf\/der-alteste-buddhistische-tempel-europas-steht-in-berlin-jeder-gute-mensch-ist-auch-ein-buddhist-15213751.html&amp;escapedquot;,&amp;escapedquot;teaserTitle&amp;escapedquot;:{&amp;escapedquot;kicker&amp;escapedquot;:&amp;escapedquot;Der \u00e4lteste buddhistische Tempel Europas steht in Berlin&amp;escapedquot;,&amp;escapedquot;headline&amp;escapedquot;:&amp;escapedquot;\u201eJeder gute Mensch ist auch ein Buddhist\u201c&amp;escapedquot;},&amp;escapedquot;id&amp;escapedquot;:&amp;escapedquot;15213751&amp;escapedquot;,&amp;escapedquot;type&amp;escapedquot;:&amp;escapedquot;story&amp;escapedquot;},&amp;escapedquot;isPartOfList&amp;escapedquot;:true,&amp;escapedquot;topicListType&amp;escapedquot;:&amp;escapedquot;topic-list&amp;escapedquot;},&amp;escapedquot;showArrow&amp;escapedquot;:true}\" data-hydrate-slots=\"{&#039;default&#039;:[]}\" class=\"tspC3qb tspC2p9\" rel=\"nofollow noopener\" target=\"_blank\">Der \u00e4lteste buddhistische Tempel Europas steht in Berlin \u201eJeder gute Mensch ist auch ein Buddhist\u201c <\/a><a href=\"https:\/\/www.tagesspiegel.de\/berlin\/bezirke\/reinickendorf\/verfruhte-afd-wahlplakate-kandidaten-schau-an-masten--berliner-bezirk-bittet-um-klarung-15157965.html?icid=topic-list_15257395___\" data-gtm-class=\"article-mzt-link\" data-hydrate-fingerprint=\"09740a54944caac75fd2c0c63fd5c5df\" data-hydrate-props=\"{&amp;escapedquot;element&amp;escapedquot;:{&amp;escapedquot;type&amp;escapedquot;:&amp;escapedquot;relatedContent&amp;escapedquot;,&amp;escapedquot;fieldMap&amp;escapedquot;:{},&amp;escapedquot;relation&amp;escapedquot;:{&amp;escapedquot;fields&amp;escapedquot;:{&amp;escapedquot;isPaid&amp;escapedquot;:true},&amp;escapedquot;href&amp;escapedquot;:&amp;escapedquot;\/berlin\/bezirke\/reinickendorf\/verfruhte-afd-wahlplakate-kandidaten-schau-an-masten--berliner-bezirk-bittet-um-klarung-15157965.html&amp;escapedquot;,&amp;escapedquot;teaserTitle&amp;escapedquot;:{&amp;escapedquot;kicker&amp;escapedquot;:&amp;escapedquot;Verfr\u00fchte AfD-Wahlplakate?&amp;escapedquot;,&amp;escapedquot;headline&amp;escapedquot;:&amp;escapedquot;Kandidaten-Schau an Masten\u00a0\u2013 Berliner Bezirk bittet um Kl\u00e4rung&amp;escapedquot;},&amp;escapedquot;id&amp;escapedquot;:&amp;escapedquot;15157965&amp;escapedquot;,&amp;escapedquot;type&amp;escapedquot;:&amp;escapedquot;story&amp;escapedquot;},&amp;escapedquot;isPartOfList&amp;escapedquot;:true,&amp;escapedquot;topicListType&amp;escapedquot;:&amp;escapedquot;topic-list&amp;escapedquot;},&amp;escapedquot;showArrow&amp;escapedquot;:true}\" data-hydrate-slots=\"{&#039;default&#039;:[]}\" class=\"tspC3qb tspC2p9\" rel=\"nofollow noopener\" target=\"_blank\">Verfr\u00fchte AfD-Wahlplakate? Kandidaten-Schau an Masten\u00a0\u2013 Berliner Bezirk bittet um Kl\u00e4rung <\/a><\/p>\n<p class=\"tspCCnp\">Vielleicht ist diese Besonderheit auch ein Appell. Dieser Gedanke kam zumindest Leserin Dani Charest beim Lesen des Nachrufs auf Gerd Appenzeller. \u201eWenn sich nur mehr Menschen einen solch liebevollen Nachruf wie den f\u00fcr Herrn Appenzeller w\u00fcnschen w\u00fcrden und dementsprechend lebten, h\u00e4tten wir vielleicht eine bessere Welt.\u201c<\/p>\n","protected":false},"excerpt":{"rendered":"Am 5. Februar starb Gerd Appenzeller im Reinickendorfer Caritas-Hospiz Katharinenhaus. Er war unter anderem Chefredakteur und Herausgeber des&hellip;\n","protected":false},"author":2,"featured_media":802461,"comment_status":"","ping_status":"","sticky":false,"template":"","format":"standard","meta":{"footnotes":"","_share_on_mastodon":"0"},"categories":[1825],"tags":[296,5006,29,30,3326,3573,37393],"class_list":["post-802460","post","type-post","status-publish","format-standard","has-post-thumbnail","category-berlin","tag-berlin","tag-bezirke","tag-deutschland","tag-germany","tag-journalist","tag-reinickendorf","tag-zeitungen"],"share_on_mastodon":{"url":"https:\/\/pubeurope.com\/@de\/116081382340848255","error":""},"_links":{"self":[{"href":"https:\/\/www.europesays.com\/de\/wp-json\/wp\/v2\/posts\/802460","targetHints":{"allow":["GET"]}}],"collection":[{"href":"https:\/\/www.europesays.com\/de\/wp-json\/wp\/v2\/posts"}],"about":[{"href":"https:\/\/www.europesays.com\/de\/wp-json\/wp\/v2\/types\/post"}],"author":[{"embeddable":true,"href":"https:\/\/www.europesays.com\/de\/wp-json\/wp\/v2\/users\/2"}],"replies":[{"embeddable":true,"href":"https:\/\/www.europesays.com\/de\/wp-json\/wp\/v2\/comments?post=802460"}],"version-history":[{"count":0,"href":"https:\/\/www.europesays.com\/de\/wp-json\/wp\/v2\/posts\/802460\/revisions"}],"wp:featuredmedia":[{"embeddable":true,"href":"https:\/\/www.europesays.com\/de\/wp-json\/wp\/v2\/media\/802461"}],"wp:attachment":[{"href":"https:\/\/www.europesays.com\/de\/wp-json\/wp\/v2\/media?parent=802460"}],"wp:term":[{"taxonomy":"category","embeddable":true,"href":"https:\/\/www.europesays.com\/de\/wp-json\/wp\/v2\/categories?post=802460"},{"taxonomy":"post_tag","embeddable":true,"href":"https:\/\/www.europesays.com\/de\/wp-json\/wp\/v2\/tags?post=802460"}],"curies":[{"name":"wp","href":"https:\/\/api.w.org\/{rel}","templated":true}]}}