{"id":802527,"date":"2026-02-16T17:36:14","date_gmt":"2026-02-16T17:36:14","guid":{"rendered":"https:\/\/www.europesays.com\/de\/802527\/"},"modified":"2026-02-16T17:36:14","modified_gmt":"2026-02-16T17:36:14","slug":"bundeswehr-bekommt-ausbilder-aus-der-ukraine","status":"publish","type":"post","link":"https:\/\/www.europesays.com\/de\/802527\/","title":{"rendered":"Bundeswehr bekommt Ausbilder aus der Ukraine"},"content":{"rendered":"<p class=\"text-18 leading-17 user-text-lg:text-22 user-text-xl:text-24\">Nach Kremlangaben handelt es sich bei der neuen Runde in Genf um ein erweitertes Format, an dem \u2013 wie zuletzt \u2013 auch der russische Milit\u00e4rgeheimdienstchef Igor Kostjukow teilnehme. Auch Vizeau\u00dfenminister Michail Galusin ist bei den Gespr\u00e4chen dabei. Eine L\u00f6sung im Ukraine-Krieg ist aber bisher nicht in Sicht. Zum \u00c4rger Moskaus lehnt <a class=\"transition-colors duration-200 cursor-pointer text-inherit no-underline text-salemsfur md:hover:text-magenta md:hover:border-magenta md:focus:text-magenta border-current border-b border-solid break-words\" href=\"https:\/\/www.t-online.de\/themen\/kiew\/\" data-sctrack=\"BodyAnchor\" rel=\"nofollow noopener\" target=\"_blank\">Kiew<\/a> einen Verzicht auf die von Russland geforderten Gebiete ab, darunter auch jene in der Region Donezk, die die Ukraine selbst kontrolliert. Der ukrainische Pr\u00e4sident <a class=\"transition-colors duration-200 cursor-pointer text-inherit no-underline text-salemsfur md:hover:text-magenta md:hover:border-magenta md:focus:text-magenta border-current border-b border-solid break-words\" href=\"https:\/\/www.t-online.de\/themen\/wolodymyr-selenskyj\/\" data-sctrack=\"BodyAnchor\" rel=\"nofollow noopener\" target=\"_blank\">Wolodymyr Selenskyj<\/a> betonte mehrfach, dass Putin keine Geschenke gemacht werden d\u00fcrften.<\/p>\n<p class=\"text-18 leading-17 user-text-lg:text-22 user-text-xl:text-24\">Die Sanktionen gegen Russland haben viele Schlupfl\u00f6cher. Ein aus <a class=\"transition-colors duration-200 cursor-pointer text-inherit no-underline text-salemsfur md:hover:text-magenta md:hover:border-magenta md:focus:text-magenta border-current border-b border-solid break-words\" href=\"https:\/\/www.t-online.de\/themen\/moskau\/\" data-sctrack=\"BodyAnchor\" rel=\"nofollow noopener\" target=\"_blank\">Moskau<\/a> gesteuertes Netzwerk nutzt das aus \u2013 auch eine deutsche Firma soll beteiligt sein. <a class=\"transition-colors duration-200 cursor-pointer text-inherit no-underline text-salemsfur md:hover:text-magenta md:hover:border-magenta md:focus:text-magenta border-current border-b border-solid break-words\" href=\"https:\/\/www.t-online.de\/nachrichten\/ukraine\/id_101131460\/ukraine-glycerin-fuer-putins-kriegsmaschine-berliner-firma-im-verdacht.html\" data-sctrack=\"BodyAnchor\" rel=\"nofollow noopener\" target=\"_blank\">Lesen Sie ganzen Artikel hier<\/a>.<\/p>\n<p class=\"text-18 leading-17 user-text-lg:text-22 user-text-xl:text-24\">Spitzenmilit\u00e4rs aus Deutschland und <a class=\"transition-colors duration-200 cursor-pointer text-inherit no-underline text-salemsfur md:hover:text-magenta md:hover:border-magenta md:focus:text-magenta border-current border-b border-solid break-words\" href=\"https:\/\/www.t-online.de\/themen\/grossbritannien\/\" data-sctrack=\"BodyAnchor\" rel=\"nofollow noopener\" target=\"_blank\">Gro\u00dfbritannien<\/a> haben vor russischen Angriffspl\u00e4nen auf Europa gewarnt. Die russische Armee verlagere seine milit\u00e4rische Ausrichtung zunehmend nach Westen, warnen der Generalinspekteur der Bundeswehr, Carsten Breuer, und der Chef des Generalstabs der britischen Streitkr\u00e4fte, Richard Knighton, in einem gemeinsamen Appell.<\/p>\n<p class=\"text-18 leading-17 user-text-lg:text-22 user-text-xl:text-24\">Die russischen Streitkr\u00e4fte w\u00fcrden derart aufger\u00fcstet, &#8222;dass das Risiko eines Konflikts mit Nato-Staaten steigen k\u00f6nnte&#8220;, schreiben Breuer und Knighton in einem Gastbeitrag f\u00fcr die Zeitungen &#8222;Welt&#8220; und &#8222;Guardian&#8220;. &#8222;Moskaus milit\u00e4rische Aufr\u00fcstung verbunden mit seiner Bereitschaft, Krieg auf unserem Kontinent zu f\u00fchren, erh\u00f6ht das Risiko und verlangt unsere gemeinsame Aufmerksamkeit.&#8220;<\/p>\n<p class=\"text-18 leading-17 user-text-lg:text-22 user-text-xl:text-24\">Als Konsequenz werben die Autoren nicht nur f\u00fcr eine &#8222;St\u00e4rkung der milit\u00e4rischen Einsatzbereitschaft&#8220;, sondern auch f\u00fcr einen Ausbau der europ\u00e4ischen R\u00fcstungsindustrie. &#8222;Die Ukraine zeigt uns, dass industrielle F\u00e4higkeiten entscheidend sind, um einen gro\u00dfen Krieg durchzuhalten und letztendlich zu gewinnen&#8220;, erl\u00e4utern Breuer und Knighton und betonen: &#8222;Aufr\u00fcstung ist kein Kriegstreiben, sondern das verantwortungsvolle Handeln von Nationen, die entschlossen sind, ihre Bev\u00f6lkerung zu sch\u00fctzen und den Frieden zu bewahren.&#8220;<\/p>\n<p class=\"text-18 leading-17 user-text-lg:text-22 user-text-xl:text-24\">Der ukrainische Pr\u00e4sident Wolodymyr Selenskyj hat die Teilstreitkr\u00e4fte seines Landes vor einem breiten Angriff russischer Kr\u00e4fte in der Ukraine gewarnt. Auf der Plattform X mahnte er zus\u00e4tzliche Sicherheitsanstrengungen an. Dabei verwies er auf neue Geheimdiensterkenntnisse \u00fcber eine bevorstehende russische Offensive.<\/p>\n","protected":false},"excerpt":{"rendered":"Nach Kremlangaben handelt es sich bei der neuen Runde in Genf um ein erweitertes Format, an dem \u2013&hellip;\n","protected":false},"author":2,"featured_media":802528,"comment_status":"","ping_status":"","sticky":false,"template":"","format":"standard","meta":{"footnotes":"","_share_on_mastodon":"0"},"categories":[4013],"tags":[1217,326,6079,12780,331,332,14979,685,22255,29,8331,6077,1478,514,37303,13,180643,3659,46823,39792,5793,7370,180071,451,308,3187,14,15,885,180627,4043,4044,850,307,12,317,312,2066,52708,306,107,8975],"class_list":["post-802527","post","type-post","status-publish","format-standard","has-post-thumbnail","category-russland","tag-1217","tag-326","tag-6079","tag-abu-dhabi","tag-aktuelle-nachrichten","tag-aktuelle-news","tag-baltikum","tag-bundeswehr","tag-carsten-breuer","tag-deutschland","tag-dmitri-peskow","tag-donezk","tag-drohne","tag-fahrzeug","tag-genf","tag-headlines","tag-igor-kostjukow","tag-integration","tag-karol-nawrocki","tag-kcna","tag-kiew","tag-kim-jong-un","tag-michail-galusin","tag-militaer","tag-moskau","tag-muenchner-sicherheitskonferenz","tag-nachrichten","tag-news","tag-nordkorea","tag-richard-knighton","tag-russia","tag-russian-federation","tag-russische-foederation","tag-russland","tag-schlagzeilen","tag-ukraine","tag-ukrainekrieg","tag-verhandlung","tag-wladimir-medinski","tag-wladimir-putin","tag-wolodymyr-selenskyj","tag-wsj"],"share_on_mastodon":{"url":"","error":"Validation failed: Text character limit of 500 exceeded"},"_links":{"self":[{"href":"https:\/\/www.europesays.com\/de\/wp-json\/wp\/v2\/posts\/802527","targetHints":{"allow":["GET"]}}],"collection":[{"href":"https:\/\/www.europesays.com\/de\/wp-json\/wp\/v2\/posts"}],"about":[{"href":"https:\/\/www.europesays.com\/de\/wp-json\/wp\/v2\/types\/post"}],"author":[{"embeddable":true,"href":"https:\/\/www.europesays.com\/de\/wp-json\/wp\/v2\/users\/2"}],"replies":[{"embeddable":true,"href":"https:\/\/www.europesays.com\/de\/wp-json\/wp\/v2\/comments?post=802527"}],"version-history":[{"count":0,"href":"https:\/\/www.europesays.com\/de\/wp-json\/wp\/v2\/posts\/802527\/revisions"}],"wp:featuredmedia":[{"embeddable":true,"href":"https:\/\/www.europesays.com\/de\/wp-json\/wp\/v2\/media\/802528"}],"wp:attachment":[{"href":"https:\/\/www.europesays.com\/de\/wp-json\/wp\/v2\/media?parent=802527"}],"wp:term":[{"taxonomy":"category","embeddable":true,"href":"https:\/\/www.europesays.com\/de\/wp-json\/wp\/v2\/categories?post=802527"},{"taxonomy":"post_tag","embeddable":true,"href":"https:\/\/www.europesays.com\/de\/wp-json\/wp\/v2\/tags?post=802527"}],"curies":[{"name":"wp","href":"https:\/\/api.w.org\/{rel}","templated":true}]}}