{"id":802739,"date":"2026-02-16T19:34:15","date_gmt":"2026-02-16T19:34:15","guid":{"rendered":"https:\/\/www.europesays.com\/de\/802739\/"},"modified":"2026-02-16T19:34:15","modified_gmt":"2026-02-16T19:34:15","slug":"herbert-groenemeyer-spielt-zusatzkonzert-im-deutsche-bank-park","status":"publish","type":"post","link":"https:\/\/www.europesays.com\/de\/802739\/","title":{"rendered":"Herbert Gr\u00f6nemeyer spielt Zusatzkonzert im Deutsche Bank Park"},"content":{"rendered":"<p>Stadionsommer 2027 <\/p>\n<p>Megastar im Waldstadion: Gr\u00f6nemeyer spielt Open Air<\/p>\n<p>16.02.2026 &#8211; 20:17 UhrLesedauer: 2 Min.<\/p>\n<p><a href=\"#focus-0\" class=\"transition-colors duration-200 block text-current relative\" data-sctrack=\"FocusGalleryImage.Reference\"><img fetchpriority=\"high\" data-testid=\"Opener.Image\" style=\"--lqipURL:url('https:\/\/images.t-online.de\/2026\/02\/vtfHk6FfEY2S\/644x146:2372x1334\/fit-in\/150x0\/filters:blur(25)\/herbert-groenemeyer-bei-einem-auftritt-archivbild-am-10-februar-war-der-musiker-mit-seiner-akustiktour-zu-gast-in-hamburg.jpg')\"   loading=\"eager\" src=\"https:\/\/www.europesays.com\/de\/wp-content\/uploads\/2026\/02\/herbert-groenemeyer-bei-einem-auftritt-archivbild-am-10-februar-war-der-musiker-mit-seiner-akustikto.jpeg\" alt=\"Herbert Gr\u00f6nemeyer bei einem Auftritt (Archivbild): Am 10. Februar war der Musiker mit seiner Akustiktour zu Gast in Hamburg.\" title=\"Herbert Gr\u00f6nemeyer bei einem Auftritt (Archivbild): Am 10. Februar war der Musiker mit seiner Akustiktour zu Gast in Hamburg.\" width=\"2372\" height=\"1334\" class=\"bg-[url:var(--lqipURL)] bg-cover bg-center flex h-full w-full max-w-full\" decoding=\"async\"\/><img style=\"--width:32;--height:32\" loading=\"lazy\" src=\"https:\/\/frankfurt.t-online.de\/s\/paper\/_next\/static\/media\/zoom-in.f7dae02f.svg\" alt=\"Vergr\u00f6\u00dfern des Bildes\" title=\"Vergr\u00f6\u00dfern des Bildes\" class=\"block h-[calc(var(--height)_\/_16_*_1rem)] w-[calc(var(--width)_\/_16_*_1rem)] max-w-none absolute bottom-8 right-8 rounded-4 bg-snow p-8\" decoding=\"async\"\/><\/a><\/p>\n<p>Herbert Gr\u00f6nemeyer bei einem Auftritt (Archivbild): Kommendes Jahr tritt er in Frankfurt gro\u00df auf. (Quelle: IMAGO \/ STAR-MEDIA)<\/p>\n<p class=\"font-bold text-18 leading-17 user-text-lg:text-22 user-text-xl:text-24\">Er ist Rekordhalter im Frankfurter Stadion \u2013 und kehrt 2027 zur\u00fcck: Herbert Gr\u00f6nemeyer spielt ein gro\u00dfes Open Air im Deutsche Bank Park.<\/p>\n<p class=\"text-18 leading-17 user-text-lg:text-22 user-text-xl:text-24\">Herbert Gr\u00f6nemeyer kehrt nach Frankfurt zur\u00fcck \u2013 und zwar mit voller Wucht: Am 13. Juni 2027 steht der Musiker im Deutsche Bank Park auf der B\u00fchne. Es ist bereits sein sechster Auftritt im Stadion von <a class=\"transition-colors duration-200 cursor-pointer text-inherit no-underline text-salemsfur md:hover:text-magenta md:hover:border-magenta md:focus:text-magenta border-current border-b border-solid break-words\" href=\"https:\/\/www.t-online.de\/themen\/eintracht-frankfurt\/\" data-sctrack=\"BodyAnchor\" rel=\"nofollow noopener\" target=\"_blank\">Eintracht Frankfurt<\/a>.<\/p>\n<p class=\"text-18 leading-17 user-text-lg:text-22 user-text-xl:text-24\">20 Jahre nach seinem ersten Konzert im Waldstadion setzt Gr\u00f6nemeyer damit eine besondere Serie fort. Klassiker wie &#8222;Bochum&#8220; und &#8222;Mensch&#8220; d\u00fcrften ebenso auf der Setlist stehen wie neue Songs. Der Veranstalter spricht von einem gro\u00dfen Open-Air-Abend im Rahmen der Arena-Tour 2027.<\/p>\n<p class=\"text-18 leading-17 user-text-lg:text-22 user-text-xl:text-24\">Urspr\u00fcnglich war der Termin in der Mainmetropole gar nicht vorgesehen \u2013 erst jetzt wurde Frankfurt als Zusatzkonzert angek\u00fcndigt.<\/p>\n<p class=\"text-18 leading-17 user-text-lg:text-22 user-text-xl:text-24\">Auf Instagram k\u00fcndigte der K\u00fcnstler die Tour pers\u00f6nlich an: &#8222;Es wird laut, es wird gro\u00df, es wird Arena!&#8220; Neben bereits bekannten Terminen komme Frankfurt nun als Zusatzkonzert dazu. &#8222;Wir k\u00f6nnen es jetzt schon kaum erwarten, euch dort alle wiederzusehen!&#8220;, schreibt Gr\u00f6nemeyer. Aktuell ist Gr\u00f6nemeyer noch auf einer Akustikshow unterwegs, bei der er auf gro\u00dfe Effekte verzichtet.<\/p>\n<p class=\"text-18 leading-17 user-text-lg:text-22 user-text-xl:text-24\">Der allgemeine Vorverkauf l\u00e4uft seit Freitag, 13. Februar, 10 Uhr. Karten sind online und an bekannten Vorverkaufsstellen erh\u00e4ltlich. Die Preise beginnen bei 58 Euro.<\/p>\n<p class=\"text-18 leading-17 user-text-lg:text-22 user-text-xl:text-24\">Insgesamt umfasst die Arena-Tour 2027 nach aktuellem Stand 15 Shows in Deutschland, \u00d6sterreich und der Schweiz. In Dortmund und K\u00f6ln sind die Konzerte bereits ausverkauft. Entsprechend gro\u00df d\u00fcrfte auch die Nachfrage f\u00fcr Frankfurt sein.<\/p>\n","protected":false},"excerpt":{"rendered":"Stadionsommer 2027 Megastar im Waldstadion: Gr\u00f6nemeyer spielt Open Air 16.02.2026 &#8211; 20:17 UhrLesedauer: 2 Min. Herbert Gr\u00f6nemeyer bei&hellip;\n","protected":false},"author":2,"featured_media":802740,"comment_status":"","ping_status":"","sticky":false,"template":"","format":"standard","meta":{"footnotes":"","_share_on_mastodon":"0"},"categories":[1829],"tags":[522,3092,2294,7507,3307,29,460,2050,2051,30,51749,2052,152,180843,38500],"class_list":["post-802739","post","type-post","status-publish","format-standard","has-post-thumbnail","category-frankfurt-am-main","tag-522","tag-3092","tag-bank","tag-bochum","tag-deutsche-bank","tag-deutschland","tag-eintracht-frankfurt","tag-frankfurt","tag-frankfurt-am-main","tag-germany","tag-herbert-groenemeyer","tag-hessen","tag-instagram","tag-stadionsommer","tag-waldstadion"],"share_on_mastodon":{"url":"https:\/\/pubeurope.com\/@de\/116081987922862197","error":""},"_links":{"self":[{"href":"https:\/\/www.europesays.com\/de\/wp-json\/wp\/v2\/posts\/802739","targetHints":{"allow":["GET"]}}],"collection":[{"href":"https:\/\/www.europesays.com\/de\/wp-json\/wp\/v2\/posts"}],"about":[{"href":"https:\/\/www.europesays.com\/de\/wp-json\/wp\/v2\/types\/post"}],"author":[{"embeddable":true,"href":"https:\/\/www.europesays.com\/de\/wp-json\/wp\/v2\/users\/2"}],"replies":[{"embeddable":true,"href":"https:\/\/www.europesays.com\/de\/wp-json\/wp\/v2\/comments?post=802739"}],"version-history":[{"count":0,"href":"https:\/\/www.europesays.com\/de\/wp-json\/wp\/v2\/posts\/802739\/revisions"}],"wp:featuredmedia":[{"embeddable":true,"href":"https:\/\/www.europesays.com\/de\/wp-json\/wp\/v2\/media\/802740"}],"wp:attachment":[{"href":"https:\/\/www.europesays.com\/de\/wp-json\/wp\/v2\/media?parent=802739"}],"wp:term":[{"taxonomy":"category","embeddable":true,"href":"https:\/\/www.europesays.com\/de\/wp-json\/wp\/v2\/categories?post=802739"},{"taxonomy":"post_tag","embeddable":true,"href":"https:\/\/www.europesays.com\/de\/wp-json\/wp\/v2\/tags?post=802739"}],"curies":[{"name":"wp","href":"https:\/\/api.w.org\/{rel}","templated":true}]}}