{"id":802958,"date":"2026-02-16T21:37:29","date_gmt":"2026-02-16T21:37:29","guid":{"rendered":"https:\/\/www.europesays.com\/de\/802958\/"},"modified":"2026-02-16T21:37:29","modified_gmt":"2026-02-16T21:37:29","slug":"goldschmuck-gestohlen-zeugen-gesucht-2","status":"publish","type":"post","link":"https:\/\/www.europesays.com\/de\/802958\/","title":{"rendered":"Goldschmuck gestohlen &#8211; Zeugen gesucht"},"content":{"rendered":"<p id=\"absatz1\" class=\"em_text\">Bielefeld (ots) &#8211; <br \/>FR \/ Bielefeld \/ Windelsbleiche &#8211; Am Samstag, 14.02.2026, stahlen Einbrecher aus einem Haus an der Stra\u00dfe Klashofsiedlung Goldschmuck. Die Polizei sucht Zeugen.<\/p>\n<p id=\"absatz2\" class=\"em_text\">Nach dem aktuellen Kenntnisstand brachen die T\u00e4ter zwischen 16:15 Uhr und 19:15 Uhr \u00fcber die Terrassent\u00fcr in das Geb\u00e4ude ein. Sie durchsuchten die R\u00e4ume nach Wertsachen und nahmen Goldschmuck an sich. Anschlie\u00dfend fl\u00fcchteten die Einbrecher mit ihrer Beute in eine unbekannte Richtung.<\/p>\n<p id=\"absatz4\" class=\"em_text\">Zeugen melden sich bitte mit Hinweisen zur Tat oder zu tatverd\u00e4chtigen Personen beim Kriminalkommissariat 13 unter der 0521\/545-0.<\/p>\n<p id=\"absatz5\" class=\"em_text\">Quelle: <a href=\"https:\/\/www.presseportal.de\/blaulicht\/pm\/12522\/6217936\" rel=\"nofollow noopener\" target=\"_blank\">https:\/\/www.presseportal.de\/blaulicht\/pm\/12522\/6217936<\/a><\/p>\n","protected":false},"excerpt":{"rendered":"Bielefeld (ots) &#8211; FR \/ Bielefeld \/ Windelsbleiche &#8211; Am Samstag, 14.02.2026, stahlen Einbrecher aus einem Haus an&hellip;\n","protected":false},"author":2,"featured_media":215667,"comment_status":"","ping_status":"","sticky":false,"template":"","format":"standard","meta":{"footnotes":"","_share_on_mastodon":"0"},"categories":[1841],"tags":[1605,3364,29,30,2400,180879,177,1209,176,121,20035,67981],"class_list":["post-802958","post","type-post","status-publish","format-standard","has-post-thumbnail","category-bielefeld","tag-bielefeld","tag-de","tag-deutschland","tag-germany","tag-goldschmuck","tag-klashofsiedlung","tag-kriminalitt","tag-nordrhein-westfalen","tag-nrw","tag-polizei","tag-serie_polizeibericht","tag-windelsbleiche"],"share_on_mastodon":{"url":"https:\/\/pubeurope.com\/@de\/116082471461595103","error":""},"_links":{"self":[{"href":"https:\/\/www.europesays.com\/de\/wp-json\/wp\/v2\/posts\/802958","targetHints":{"allow":["GET"]}}],"collection":[{"href":"https:\/\/www.europesays.com\/de\/wp-json\/wp\/v2\/posts"}],"about":[{"href":"https:\/\/www.europesays.com\/de\/wp-json\/wp\/v2\/types\/post"}],"author":[{"embeddable":true,"href":"https:\/\/www.europesays.com\/de\/wp-json\/wp\/v2\/users\/2"}],"replies":[{"embeddable":true,"href":"https:\/\/www.europesays.com\/de\/wp-json\/wp\/v2\/comments?post=802958"}],"version-history":[{"count":0,"href":"https:\/\/www.europesays.com\/de\/wp-json\/wp\/v2\/posts\/802958\/revisions"}],"wp:featuredmedia":[{"embeddable":true,"href":"https:\/\/www.europesays.com\/de\/wp-json\/wp\/v2\/media\/215667"}],"wp:attachment":[{"href":"https:\/\/www.europesays.com\/de\/wp-json\/wp\/v2\/media?parent=802958"}],"wp:term":[{"taxonomy":"category","embeddable":true,"href":"https:\/\/www.europesays.com\/de\/wp-json\/wp\/v2\/categories?post=802958"},{"taxonomy":"post_tag","embeddable":true,"href":"https:\/\/www.europesays.com\/de\/wp-json\/wp\/v2\/tags?post=802958"}],"curies":[{"name":"wp","href":"https:\/\/api.w.org\/{rel}","templated":true}]}}