{"id":803067,"date":"2026-02-16T22:41:15","date_gmt":"2026-02-16T22:41:15","guid":{"rendered":"https:\/\/www.europesays.com\/de\/803067\/"},"modified":"2026-02-16T22:41:15","modified_gmt":"2026-02-16T22:41:15","slug":"ungarn-und-slowakei-bitten-kroatien-um-oel","status":"publish","type":"post","link":"https:\/\/www.europesays.com\/de\/803067\/","title":{"rendered":"Ungarn und Slowakei bitten Kroatien um \u00d6l"},"content":{"rendered":"<p>Keine Lieferungen mehr aus Russland <\/p>\n<p>Ungarn und Slowakei bitten Kroatien um \u00d6l<\/p>\n<p>16.02.2026 &#8211; 21:33 UhrLesedauer: 2 Min.<\/p>\n<p><a href=\"#focus-0\" class=\"transition-colors duration-200 block text-current relative\" data-sctrack=\"FocusGalleryImage.Reference\"><img fetchpriority=\"high\" data-testid=\"Opener.Image\" style=\"--lqipURL:url('https:\/\/images.t-online.de\/2026\/02\/tZZVcNGQKluc\/800x325:2578x1450\/fit-in\/150x0\/filters:blur(25)\/robert-fico-l-und-viktor-orban-die-ministerpraesidenten-der-slowakei-und-ungarns-machen-der-ukraine-vorwuerfe.jpg')\"   loading=\"eager\" src=\"https:\/\/www.europesays.com\/de\/wp-content\/uploads\/2026\/02\/robert-fico-l-und-viktor-orban-die-ministerpraesidenten-der-slowakei-und-ungarns-machen-der-ukraine-.jpeg\" alt=\"imago images 0847438291\" title=\"imago images 0847438291\" width=\"2578\" height=\"1450\" class=\"bg-[url:var(--lqipURL)] bg-cover bg-center flex h-full w-full max-w-full\" decoding=\"async\"\/><img style=\"--width:32;--height:32\" loading=\"lazy\" src=\"https:\/\/www.t-online.de\/s\/paper\/_next\/static\/media\/zoom-in.f7dae02f.svg\" alt=\"Vergr\u00f6\u00dfern des Bildes\" title=\"Vergr\u00f6\u00dfern des Bildes\" class=\"block h-[calc(var(--height)_\/_16_*_1rem)] w-[calc(var(--width)_\/_16_*_1rem)] max-w-none absolute bottom-8 right-8 rounded-4 bg-snow p-8\" decoding=\"async\"\/><\/a><\/p>\n<p>Robert Fico (l.) und Viktor Orb\u00e1n: Die Ministerpr\u00e4sidenten der Slowakei und Ungarns machen der Ukraine Vorw\u00fcrfe. (Quelle: IMAGO\/Nicolas Landemard)<\/p>\n<p class=\"font-bold text-18 leading-17 user-text-lg:text-22 user-text-xl:text-24\">Seit Ende Januar kommt kein russisches \u00d6l mehr durch die Druschba-Pipeline. Jetzt bekommen Ungarn und die Slowakei Probleme mit der Versorgung.<\/p>\n<p class=\"text-18 leading-17 user-text-lg:text-22 user-text-xl:text-24\">Nach dem Stopp russischer \u00d6llieferungen durch die <a class=\"transition-colors duration-200 cursor-pointer text-inherit no-underline text-salemsfur md:hover:text-magenta md:hover:border-magenta md:focus:text-magenta border-current border-b border-solid break-words\" href=\"https:\/\/www.t-online.de\/themen\/ukraine\/\" data-sctrack=\"BodyAnchor\" rel=\"nofollow noopener\" target=\"_blank\">Ukraine<\/a> haben <a class=\"transition-colors duration-200 cursor-pointer text-inherit no-underline text-salemsfur md:hover:text-magenta md:hover:border-magenta md:focus:text-magenta border-current border-b border-solid break-words\" href=\"https:\/\/www.t-online.de\/themen\/ungarn\/\" data-sctrack=\"BodyAnchor\" rel=\"nofollow noopener\" target=\"_blank\">Ungarn<\/a> und die <a class=\"transition-colors duration-200 cursor-pointer text-inherit no-underline text-salemsfur md:hover:text-magenta md:hover:border-magenta md:focus:text-magenta border-current border-b border-solid break-words\" href=\"https:\/\/www.t-online.de\/themen\/slowakei\/\" data-sctrack=\"BodyAnchor\" rel=\"nofollow noopener\" target=\"_blank\">Slowakei<\/a> <a class=\"transition-colors duration-200 cursor-pointer text-inherit no-underline text-salemsfur md:hover:text-magenta md:hover:border-magenta md:focus:text-magenta border-current border-b border-solid break-words\" href=\"https:\/\/www.t-online.de\/themen\/kroatien\/\" data-sctrack=\"BodyAnchor\" rel=\"nofollow noopener\" target=\"_blank\">Kroatien<\/a> um Unterst\u00fctzung gebeten. Au\u00dfenminister Peter Szijjarto forderte die Regierung in Zagreb am Montag auf, den Transport \u00fcber die Adria-Pipeline zu erm\u00f6glichen.<\/p>\n<p class=\"text-18 leading-17 user-text-lg:text-22 user-text-xl:text-24\">Der kroatische Wirtschaftsminister Ante Susnjar signalisierte Hilfsbereitschaft, solange dies im Einklang mit EU- und US-Vorschriften stehe. Parallel dazu beantragte der ungarische Energiekonzern MOL bei der Regierung in Budapest die Freigabe strategischer \u00d6lreserven. Sollten die Lieferungen aus dem Osten nicht in den kommenden Tagen wieder anlaufen, m\u00fcssten zun\u00e4chst rund 250.000 Tonnen Roh\u00f6l freigegeben werden, teilte das Unternehmen mit.<\/p>\n<p class=\"text-18 leading-17 user-text-lg:text-22 user-text-xl:text-24\">Die Lieferungen \u00fcber die Druschba-Pipeline sind seit dem 27. Januar unterbrochen. Der slowakische Ministerpr\u00e4sident <a class=\"transition-colors duration-200 cursor-pointer text-inherit no-underline text-salemsfur md:hover:text-magenta md:hover:border-magenta md:focus:text-magenta border-current border-b border-solid break-words\" href=\"https:\/\/www.t-online.de\/themen\/robert-fico\/\" data-sctrack=\"BodyAnchor\" rel=\"nofollow noopener\" target=\"_blank\">Robert Fico<\/a> warf der Ukraine am Sonntag vor, die Wiederaufnahme der Exporte absichtlich zu verz\u00f6gern. <a class=\"transition-colors duration-200 cursor-pointer text-inherit no-underline text-salemsfur md:hover:text-magenta md:hover:border-magenta md:focus:text-magenta border-current border-b border-solid break-words\" href=\"https:\/\/www.t-online.de\/themen\/kiew\/\" data-sctrack=\"BodyAnchor\" rel=\"nofollow noopener\" target=\"_blank\">Kiew<\/a> wolle Ungarn damit unter Druck setzen, seinen Widerstand gegen einen k\u00fcnftigen EU-Beitritt der Ukraine aufzugeben. \u00dcber die Ursache des Lieferstopps gibt es widerspr\u00fcchliche Angaben.<\/p>\n<p class=\"text-18 leading-17 user-text-lg:text-22 user-text-xl:text-24\">Das ukrainische Au\u00dfenministerium machte in der vergangenen Woche einen russischen Angriff auf die Pipeline-Infrastruktur verantwortlich. Au\u00dfenminister Andrij Sybiha ver\u00f6ffentlichte auf X ein Foto von L\u00f6scharbeiten und warf Ungarn vor, den Vorfall zwei Wochen lang verschwiegen zu haben, um <a class=\"transition-colors duration-200 cursor-pointer text-inherit no-underline text-salemsfur md:hover:text-magenta md:hover:border-magenta md:focus:text-magenta border-current border-b border-solid break-words\" href=\"https:\/\/www.t-online.de\/themen\/russland\/\" data-sctrack=\"BodyAnchor\" rel=\"nofollow noopener\" target=\"_blank\">Russland<\/a> zu sch\u00fctzen. Ungarn wies dies zur\u00fcck und beschuldigte seinerseits die ukrainische Seite, die Stromversorgung f\u00fcr den betroffenen Pipeline-Abschnitt gekappt zu haben.<\/p>\n<p class=\"text-18 leading-17 user-text-lg:text-22 user-text-xl:text-24\">Ungarn und die Slowakei nehmen innerhalb der Europ\u00e4ischen Union eine Sonderrolle ein. Beide L\u00e4nder profitieren von Ausnahmeregelungen bei den EU-Sanktionen gegen russisches Pipeline-\u00d6l und sind stark auf diese Importe angewiesen. Die Regierungen in Budapest und Bratislava unterhalten im Gegensatz zu den meisten anderen EU-Staaten weiterhin enge Beziehungen zu <a class=\"transition-colors duration-200 cursor-pointer text-inherit no-underline text-salemsfur md:hover:text-magenta md:hover:border-magenta md:focus:text-magenta border-current border-b border-solid break-words\" href=\"https:\/\/www.t-online.de\/themen\/moskau\/\" data-sctrack=\"BodyAnchor\" rel=\"nofollow noopener\" target=\"_blank\">Moskau<\/a>. Sie haben sich bislang erfolgreich gegen Bestrebungen aus <a class=\"transition-colors duration-200 cursor-pointer text-inherit no-underline text-salemsfur md:hover:text-magenta md:hover:border-magenta md:focus:text-magenta border-current border-b border-solid break-words\" href=\"https:\/\/www.t-online.de\/themen\/bruessel\/\" data-sctrack=\"BodyAnchor\" rel=\"nofollow noopener\" target=\"_blank\">Br\u00fcssel<\/a> gewehrt, die Energieimporte aus Russland vollst\u00e4ndig zu stoppen, mit denen der Kreml seinen Krieg gegen die Ukraine finanziert.<\/p>\n","protected":false},"excerpt":{"rendered":"Keine Lieferungen mehr aus Russland Ungarn und Slowakei bitten Kroatien um \u00d6l 16.02.2026 &#8211; 21:33 UhrLesedauer: 2 Min.&hellip;\n","protected":false},"author":2,"featured_media":803068,"comment_status":"","ping_status":"","sticky":false,"template":"","format":"standard","meta":{"footnotes":"","_share_on_mastodon":"0"},"categories":[3],"tags":[326,180894,8012,548,13,3844,14,15,98748,43635,307,12,7376,10,8,9,11,2332,317,312,501,500,103,104,28175],"class_list":["post-803067","post","type-post","status-publish","format-standard","has-post-thumbnail","category-welt","tag-326","tag-ante-susnjar","tag-budapest","tag-eu","tag-headlines","tag-kroatien","tag-nachrichten","tag-news","tag-peter-szijjarto","tag-robert-fico","tag-russland","tag-schlagzeilen","tag-slowakei","tag-top-news","tag-top-meldungen","tag-topmeldungen","tag-topnews","tag-transport","tag-ukraine","tag-ukrainekrieg","tag-ungarn","tag-viktor-orban","tag-welt","tag-world","tag-zagreb"],"share_on_mastodon":{"url":"https:\/\/pubeurope.com\/@de\/116082723211673910","error":""},"_links":{"self":[{"href":"https:\/\/www.europesays.com\/de\/wp-json\/wp\/v2\/posts\/803067","targetHints":{"allow":["GET"]}}],"collection":[{"href":"https:\/\/www.europesays.com\/de\/wp-json\/wp\/v2\/posts"}],"about":[{"href":"https:\/\/www.europesays.com\/de\/wp-json\/wp\/v2\/types\/post"}],"author":[{"embeddable":true,"href":"https:\/\/www.europesays.com\/de\/wp-json\/wp\/v2\/users\/2"}],"replies":[{"embeddable":true,"href":"https:\/\/www.europesays.com\/de\/wp-json\/wp\/v2\/comments?post=803067"}],"version-history":[{"count":0,"href":"https:\/\/www.europesays.com\/de\/wp-json\/wp\/v2\/posts\/803067\/revisions"}],"wp:featuredmedia":[{"embeddable":true,"href":"https:\/\/www.europesays.com\/de\/wp-json\/wp\/v2\/media\/803068"}],"wp:attachment":[{"href":"https:\/\/www.europesays.com\/de\/wp-json\/wp\/v2\/media?parent=803067"}],"wp:term":[{"taxonomy":"category","embeddable":true,"href":"https:\/\/www.europesays.com\/de\/wp-json\/wp\/v2\/categories?post=803067"},{"taxonomy":"post_tag","embeddable":true,"href":"https:\/\/www.europesays.com\/de\/wp-json\/wp\/v2\/tags?post=803067"}],"curies":[{"name":"wp","href":"https:\/\/api.w.org\/{rel}","templated":true}]}}