{"id":803104,"date":"2026-02-16T23:01:46","date_gmt":"2026-02-16T23:01:46","guid":{"rendered":"https:\/\/www.europesays.com\/de\/803104\/"},"modified":"2026-02-16T23:01:46","modified_gmt":"2026-02-16T23:01:46","slug":"volles-haus-im-leeren-wuppertaler-gebaeude","status":"publish","type":"post","link":"https:\/\/www.europesays.com\/de\/803104\/","title":{"rendered":"Volles Haus im leeren Wuppertaler Geb\u00e4ude"},"content":{"rendered":"<p class=\"text_ohne_einzug richtext text-em-55 !leading-serif mx-6 desktop:mx-0\">Durch die Glast\u00fcr an der Briller Stra\u00dfe 39 gelangt man an eine zweite Glast\u00fcr, die von zwei Security-Mitarbeitern am Empfang per Knopfdruck ge\u00f6ffnet wird. In der Empfangshalle des ehemaligen Fernmeldeamtes riecht es nach Aktenordnern und l\u00e4ngst vergangenen Tagen. \u201eZum Konzert? Dann bitte in den dritten Stock\u201d, lautet die Ansage des uniformierten Herrn und es geht \u00fcber die Treppe nach oben. Mit jeder Stufe wird das Stimmengewirr lauter und die Musik klarer.<\/p>\n<p>200 Menschen kamen zum Feiern zusammen      <\/p>\n<p class=\"text_ohne_einzug richtext text-em-55 !leading-serif mx-6 desktop:mx-0\">Das Fernmeldeamt steht seit einigen Jahren leer und wird in den kommenden Jahren mit einem Mix aus Gewerbe- und Wohnraum revitalisiert. Dass hier am Freitag rund 200 Leute zusammen feiern und tanzen hat einen guten Grund: Der Wuppertaler Rapper Horst Jesu\u00e9 Wegener hat sieben neue Songs ver\u00f6ffentlicht, die er live auf der B\u00fchne vorstellt.<\/p>\n<p class=\"richtext text-em-55 !leading-serif mx-6 desktop:mx-0\">Djio &amp; Lenny er\u00f6ffnen den Abend mit grundsolidem Rap und bringen das Publikum in Stimmung f\u00fcr das sogenannte Homecoming-Konzert. Denn auch wenn Horst Jesu\u00e9 Wegener in Ecuador geboren wurde, ist Wuppertal seit seinem zweiten Lebensjahr seine Stadt \u2013 und die Heimat seines Vaters. Seinen Vornamen hat er von seinem Opa geerbt und tr\u00e4gt ihn mit Stolz. Auch wenn er wegen seiner dunklen Hautfarbe in Kombination mit diesem altmodischen deutschen Namen in unangenehme Situationen geraten ist.<\/p>\n<p class=\"richtext text-em-55 !leading-serif mx-6 desktop:mx-0\">Eine davon hat er 2018 im Song \u201eMein Name ist Horst\u201d verarbeitet. Ein Song, der ihm nicht nur Aufmerksamkeit und eine Plattform, sondern auch seinen Mentor, den Hamburger Rapper Samy Deluxe, bescherte. Alles schien perfekt zu laufen und die gro\u00dfe Karriere zum Greifen nah. Doch es kam anders.<\/p>\n<p class=\"richtext text-em-55 !leading-serif mx-6 desktop:mx-0\">Musik hat Wegener, der auch als Filmemacher mit seiner eigenen Firma \u201eWupperwerft Studios\u201d aktiv ist, weiterhin produziert. Unter anderem Singles mit Rapper Roger Rekless oder f\u00fcr die Hamburger Getr\u00e4nkeproduzenten Fritz Kola. Am 3. Januar 2026 postete Wegener dann auf seinem Instagram-Kanal die Geschichte, wie aus Horst Wegener Jesu\u00e9 wurde.<\/p>\n<p>Horst Jesu\u00e9 Wegener und die Suche nach der eigenen Identit\u00e4t      <\/p>\n<p class=\"text_ohne_einzug richtext text-em-55 !leading-serif mx-6 desktop:mx-0\">\u201eMein b\u00fcrgerlicher Name ist Horst Jesu\u00e9 Wegener. 2017 habe ich meinen ersten Deal unterschrieben und als Horst Wegener Musik ver\u00f6ffentlicht. Damals war Musik kein Businessweg, sondern ein Ausdruck meiner Narben\u201d, erkl\u00e4rt der Rapper. Aus dem gro\u00dfen Traum wurde schnell ein Job, bei dem sich alles sich nur um ein Thema drehte: Seine Herkunft und die damit verbundenen Erfahrungen und Traumata. All das hat ihn m\u00fcde gemacht. Er wollte sich nicht mehr als Opfer auf B\u00fchnen stellen, sondern eine Persona kreieren, die aus Selbstbewusstsein statt aus Schmerz heraus spricht. So kam er zur Idee, seinen zweiten Vornamen als K\u00fcnstlernamen zu verwenden.<\/p>\n<p class=\"richtext text-em-55 !leading-serif mx-6 desktop:mx-0\">\u201eIch wollte das Vorbild meines 16-J\u00e4hrigen Ich sein. Fresh, stylisch, frei. Eine Version von mir, gek\u00fcsst von der guten Seite des Lebens.\u201d Sein Team brauchte er nicht lange \u00fcberreden und schnell ging es in Gespr\u00e4che mit Plattenfirmen \u00fcber Vorsch\u00fcsse und Markenkooperationen.<\/p>\n<p class=\"richtext text-em-55 !leading-serif mx-6 desktop:mx-0\">Seine politische Stimme verstummte nach au\u00dfen \u2013 bis zum 16. Oktober 2025. \u201eAussagen von Friedrich Merz haben etwas in mir geweckt, was lange geschlafen hat. Die Stimme des kleinen, dunkelh\u00e4utigen Jungen in mir war pl\u00f6tzlich wieder da und mit ihr meine Angst um dieses Land. Ich merkte, Jesu\u00e9 braucht gerade wieder mehr von mir. Nicht die perfekte Fassade, nicht glatte Bilder, sondern Perspektiven von Menschen, die zu wenig Teilhabe erfahren haben und daf\u00fcr k\u00e4mpfen mussten. Menschen, die f\u00fcr sich und ihre Kinder inzwischen Exit-Strategien entwickeln.\u201d Einer der Songs, die dieses Gef\u00fchl, diese Angst transportiert, ist \u201ePesos\u201d. Er ist einer der sieben neuen Songs auf \u201eTr\u00e4nen mit Champagner\u201d \u2013 der Grund, warum rund 200 Menschen ein leeres Haus mit Liebe f\u00fcllten, um Jesu\u00e9 willkommen zu hei\u00dfen. Um die neuen Songs \u2013 lediglich von einer Akustikgitarre begleitet \u2013 zu feiern und zu f\u00fchlen. Und um im Anschluss zusammen zu tanzen zu den Beats von DJ Smochi, der die Aftershow-Party bis in den fr\u00fchen Morgen beschallte.<\/p>\n<p class=\"richtext text-em-55 !leading-serif mx-6 desktop:mx-0\">Die neuen Songs auf \u201eTr\u00e4nen mit Champagner\u201d sind wahrscheinlich die pers\u00f6nlichsten, die Wegener je ver\u00f6ffentlicht hat, denn sie basieren auf dunklen Erfahrungen. Dennoch schwingt in ihnen Hoffnung. Nicht zuletzt im romantischen \u201e1+1\u201d, in dem es um den Heiratsantrag geht, den Jesu\u00e9 seiner Freundin gemacht hat.<\/p>\n<p class=\"richtext text-em-55 !leading-serif mx-6 desktop:mx-0\">Das hochgelobte Posting auf Instagram endet ebenso hoffnungsvoll und sollte uns alle motivieren, nicht den Mut zu verlieren. \u201eIch habe Angst um und vor diesem Land, aber ich sp\u00fcre wieder etwas, wenn ich im Studio bin.\u201d Wir m\u00fcssen daf\u00fcr nicht anfangen, selbst Musik zu produzieren. Wir m\u00fcssen nur solch relevanten Stimmen entdecken und ihnen zuh\u00f6ren.<\/p>\n<p class=\"richtext text-em-55 !leading-serif mx-6 desktop:mx-0\">\u201eTr\u00e4nen mit Champagner\u201d ist am 13. Februar 2026 auf Neubau Records erschienen und auf allen Streamingdiensten verf\u00fcgbar.<\/p>\n","protected":false},"excerpt":{"rendered":"Durch die Glast\u00fcr an der Briller Stra\u00dfe 39 gelangt man an eine zweite Glast\u00fcr, die von zwei Security-Mitarbeitern&hellip;\n","protected":false},"author":2,"featured_media":803105,"comment_status":"","ping_status":"","sticky":false,"template":"","format":"standard","meta":{"footnotes":"","_share_on_mastodon":"0"},"categories":[1840],"tags":[44022,3364,29,30,180897,180895,180896,810,1209,1306,1909,41198,4418],"class_list":["post-803104","post","type-post","status-publish","format-standard","has-post-thumbnail","category-wuppertal","tag-champagner","tag-de","tag-deutschland","tag-germany","tag-glastuer","tag-horst-wegener","tag-jesue","tag-musik","tag-nordrhein-westfalen","tag-rapper","tag-song","tag-traenen","tag-wuppertal"],"share_on_mastodon":{"url":"https:\/\/pubeurope.com\/@de\/116082801828265346","error":""},"_links":{"self":[{"href":"https:\/\/www.europesays.com\/de\/wp-json\/wp\/v2\/posts\/803104","targetHints":{"allow":["GET"]}}],"collection":[{"href":"https:\/\/www.europesays.com\/de\/wp-json\/wp\/v2\/posts"}],"about":[{"href":"https:\/\/www.europesays.com\/de\/wp-json\/wp\/v2\/types\/post"}],"author":[{"embeddable":true,"href":"https:\/\/www.europesays.com\/de\/wp-json\/wp\/v2\/users\/2"}],"replies":[{"embeddable":true,"href":"https:\/\/www.europesays.com\/de\/wp-json\/wp\/v2\/comments?post=803104"}],"version-history":[{"count":0,"href":"https:\/\/www.europesays.com\/de\/wp-json\/wp\/v2\/posts\/803104\/revisions"}],"wp:featuredmedia":[{"embeddable":true,"href":"https:\/\/www.europesays.com\/de\/wp-json\/wp\/v2\/media\/803105"}],"wp:attachment":[{"href":"https:\/\/www.europesays.com\/de\/wp-json\/wp\/v2\/media?parent=803104"}],"wp:term":[{"taxonomy":"category","embeddable":true,"href":"https:\/\/www.europesays.com\/de\/wp-json\/wp\/v2\/categories?post=803104"},{"taxonomy":"post_tag","embeddable":true,"href":"https:\/\/www.europesays.com\/de\/wp-json\/wp\/v2\/tags?post=803104"}],"curies":[{"name":"wp","href":"https:\/\/api.w.org\/{rel}","templated":true}]}}