{"id":803179,"date":"2026-02-16T23:47:15","date_gmt":"2026-02-16T23:47:15","guid":{"rendered":"https:\/\/www.europesays.com\/de\/803179\/"},"modified":"2026-02-16T23:47:15","modified_gmt":"2026-02-16T23:47:15","slug":"greenwind-uebernimmt-windprojekt-in-brandenburg","status":"publish","type":"post","link":"https:\/\/www.europesays.com\/de\/803179\/","title":{"rendered":"Greenwind \u00fcbernimmt Windprojekt in Brandenburg"},"content":{"rendered":"<p>\t\t\t\t\t\t\t\t\t\t\t\t\t<a href=\"https:\/\/www.iwr.de\/ticker\/images\/8082\/greenwindWindprojekt-22-4-MW.jpg\" target=\"_blank\" class=\"portal-ticker-detail-image\" rel=\"nofollow noopener\"><img decoding=\"async\" loading=\"lazy\" align=\"left\" style=\"margin-right: 10px; margin-bottom: 7px; margin-top: 7px;\" src=\"https:\/\/www.europesays.com\/de\/wp-content\/uploads\/2026\/02\/greenwind-startet-bauarbeiten-fuer-windpark-mit-vestas-turbinen-thumb.jpg\" alt=\"\u00a9 Greenwind Group\"\/>\u00a9 Greenwind Group<\/a><\/p>\n<p>Berlin &#8211; Die Greenwind Group aus Berlin hat die Projektrechte f\u00fcr vier Windenergieanlagen im Windpark Freudenberg in Brandenburg \u00fcbernommen. Geplant sind vier Anlagen des Typs Vestas V150-5.6 MW mit einer Nabenh\u00f6he von jeweils 166 Metern. Die Gesamtleistung des Projekts betr\u00e4gt 22,4 MW. Die Umsetzung erfolgt durch die Green Wind Construction GmbH.<\/p>\n<p>Nach Unternehmensangaben liegen s\u00e4mtliche Genehmigungen vor, zudem besteht ein Zuschlag der Bundesnetzagentur. Gemeinsam mit der mitarbeitereigenen Anlage Freudenberg Nord1 beginnen die Errichtungsarbeiten f\u00fcr das Projekt Nord2 nun mit dem Kabel- und Wegebau.<\/p>\n<p>Im April sollen Kran- und Montagefl\u00e4chen errichtet werden, ab August ist die Auslieferung der Anlagen durch Vestas vorgesehen. Die vollst\u00e4ndige Inbetriebnahme ist bis Januar 2027 geplant. Damit kalkuliert Greenwind f\u00fcr die Realisierung rund ein Jahr.<\/p>\n<p>Manuel Lasse, Mitgesellschafter der Greenwind Group, betont die regionale Erfahrung des Unternehmens: \u201eEine nahtlose \u00dcbernahme ist uns auch deshalb gelungen, weil wir bereits seit Jahren in der Gemeinde Freudenberg aktiv sind.\u201c Hier entwickelt und errichtet Greenwind unter anderem auch eine Team-Anlage, die nach Fertigstellung allen Greenwind Mitarbeitenden geh\u00f6ren wird. \u201eDer zweite Punkt: Wir k\u00f6nnen eine derartige \u00dcbernahme aus einer Hand realisieren. Im Anschluss an die Projektierung, die in diesem Fall sehr weit fortgeschritten ist, werden wir dank unserer Group-eigenen Bauleitung umgehend mit den Bauma\u00dfnahmen beginnen. Die Inbetriebnahme sowie die bestm\u00f6gliche technische und kaufm\u00e4nnische Betriebsf\u00fchrung sind durch unsere Group sichergestellt\u201c, so Lasse weiter.<\/p>\n<p>Die Greenwind Group ist seit mehr als 15 Jahren im Bereich Wind- und PV-Projekte t\u00e4tig und deckt die gesamte Wertsch\u00f6pfungskette von der Standortsicherung \u00fcber die Realisierung bis zur technischen und kaufm\u00e4nnischen Betriebsf\u00fchrung ab.\t<\/p>\n<p>\n\t\t\t\t\t\t\t\u00a9 IWR, 2026\t\t\t\t\t\t<\/p>\n<p>\t\t\t\t\t\t\t<img decoding=\"async\" loading=\"lazy\" src=\"https:\/\/www.iwr.de\/assets\/images\/share.svg\" style=\"margin-right: 10px;\"\/><br \/>\n\t\t\t\t\t\t\tArtikel teilen \/ merken<\/p>\n<p style=\"margin-top:15px;\">\n\t\t\t\t\t\t\t16.02.2026\t\t\t\t\t\t<\/p>\n","protected":false},"excerpt":{"rendered":"\u00a9 Greenwind Group Berlin &#8211; Die Greenwind Group aus Berlin hat die Projektrechte f\u00fcr vier Windenergieanlagen im Windpark&hellip;\n","protected":false},"author":2,"featured_media":803180,"comment_status":"","ping_status":"","sticky":false,"template":"","format":"standard","meta":{"footnotes":"","_share_on_mastodon":"0"},"categories":[1816],"tags":[1960,1958,1959,1957,1956,1890,29,1149,2186,45817,30,1548,2185,96758,96759,2166],"class_list":["post-803179","post","type-post","status-publish","format-standard","has-post-thumbnail","category-brandenburg","tag-aktuelle-nachrichten-aus-berlin-und-brandenburg","tag-aktuelle-nachrichten-aus-brandenburg","tag-aktuelle-news-aus-berlin-und-brandenburg","tag-aktuelle-news-aus-brandenburg","tag-berlin-und-brandenburg","tag-brandenburg","tag-deutschland","tag-energie","tag-energiewirtschaft","tag-firmen","tag-germany","tag-klimaschutz","tag-strom","tag-strom-mix","tag-treibstoffe","tag-waerme"],"share_on_mastodon":{"url":"https:\/\/pubeurope.com\/@de\/116082982629223084","error":""},"_links":{"self":[{"href":"https:\/\/www.europesays.com\/de\/wp-json\/wp\/v2\/posts\/803179","targetHints":{"allow":["GET"]}}],"collection":[{"href":"https:\/\/www.europesays.com\/de\/wp-json\/wp\/v2\/posts"}],"about":[{"href":"https:\/\/www.europesays.com\/de\/wp-json\/wp\/v2\/types\/post"}],"author":[{"embeddable":true,"href":"https:\/\/www.europesays.com\/de\/wp-json\/wp\/v2\/users\/2"}],"replies":[{"embeddable":true,"href":"https:\/\/www.europesays.com\/de\/wp-json\/wp\/v2\/comments?post=803179"}],"version-history":[{"count":0,"href":"https:\/\/www.europesays.com\/de\/wp-json\/wp\/v2\/posts\/803179\/revisions"}],"wp:featuredmedia":[{"embeddable":true,"href":"https:\/\/www.europesays.com\/de\/wp-json\/wp\/v2\/media\/803180"}],"wp:attachment":[{"href":"https:\/\/www.europesays.com\/de\/wp-json\/wp\/v2\/media?parent=803179"}],"wp:term":[{"taxonomy":"category","embeddable":true,"href":"https:\/\/www.europesays.com\/de\/wp-json\/wp\/v2\/categories?post=803179"},{"taxonomy":"post_tag","embeddable":true,"href":"https:\/\/www.europesays.com\/de\/wp-json\/wp\/v2\/tags?post=803179"}],"curies":[{"name":"wp","href":"https:\/\/api.w.org\/{rel}","templated":true}]}}