{"id":803390,"date":"2026-02-17T01:47:17","date_gmt":"2026-02-17T01:47:17","guid":{"rendered":"https:\/\/www.europesays.com\/de\/803390\/"},"modified":"2026-02-17T01:47:17","modified_gmt":"2026-02-17T01:47:17","slug":"handball-eisenach-feiert-siebenten-saisonsieg","status":"publish","type":"post","link":"https:\/\/www.europesays.com\/de\/803390\/","title":{"rendered":"Handball: Eisenach feiert siebenten Saisonsieg"},"content":{"rendered":"<p>        16. Februar 2026, 21:56 Uhr<br \/>\n    Quelle: dpa Sachsen\n<\/p>\n<p>        Hinweis<\/p>\n<p class=\"article-notice__text\">DIE ZEIT hat diese Meldung redaktionell nicht bearbeitet. Sie wurde automatisch von der Deutschen Presse-Agentur (dpa) \u00fcbernommen.<\/p>\n<p>            <img decoding=\"async\" class=\"article__media-item\" src=\"https:\/\/www.europesays.com\/de\/wp-content\/uploads\/2026\/02\/1771292837_826_wide__660x371.jpeg\" alt=\"Handball: Gian Attenhofer erzielte sieben Treffer gegen den Bergischen HC.\"\/><\/p>\n<p>                    Gian Attenhofer erzielte sieben Treffer gegen den Bergischen HC.<br \/>\n            \u00a9\u00a0Julius Frick\/\u200bdpa<\/p>\n<p class=\"paragraph article__item\">Die Handballer des ThSV Eisenach haben sich mit dem siebenten Saisonsieg Luft im Abstiegskampf verschafft. Die Th\u00fcringer behielten am Montagabend vor heimischer Kulisse gegen den Drittletzten Bergischer HC mit 33:31 (21:12) die Oberhand. Sie kletterten auf den zw\u00f6lften Tabellenplatz und haben nun acht Pluspunkte Vorsprung auf den ersten Abstiegsplatz.\u00a0\n<\/p>\n<p>Aktuelles<\/p>\n<p>                <a href=\"https:\/\/www.zeit.de\/sport\/2026-01\/handball-em-halbfinale-daenemark-island\" data-ct-label=\"Handball-EM: D\u00e4nemark folgt Deutschland ins Finale der Handball-EM\" data-uuid=\"7cdea601-3894-4f8f-a3b6-6b62dbf99e13\" rel=\"nofollow noopener\" target=\"_blank\"><\/p>\n<p>                        Handball-EM:<br \/>\n                        D\u00e4nemark folgt Deutschland ins Finale der Handball-EM<\/p>\n<p>                <\/a><\/p>\n<p>                <a href=\"https:\/\/www.zeit.de\/sport\/2026-01\/alexander-zverov-australian-open-tennis-viertelfinale-gxe\" data-ct-label=\"Melbourne: Alexander Zverev steht erneut im Halbfinale der Australian Open\" data-uuid=\"aaac6b35-e176-498f-8631-b4caf11776a0\" rel=\"nofollow noopener\" target=\"_blank\"><\/p>\n<p>                        Melbourne:<br \/>\n                        Alexander Zverev steht erneut im Halbfinale der Australian Open<\/p>\n<p>                <\/a><\/p>\n<p>                <a href=\"https:\/\/www.zeit.de\/sport\/2026-01\/europa-league-freiburg-tel-aviv-stuttgart-rom\" data-ct-label=\"Europa League, 7. Spieltag: Stuttgart verliert in Rom, Freiburg zieht bereits ins Achtelfinale ein\" data-uuid=\"473a8a0b-668b-4e84-9f87-d666e2fc580c\" rel=\"nofollow noopener\" target=\"_blank\"><\/p>\n<p>                        Europa League, 7. Spieltag:<br \/>\n                        Stuttgart verliert in Rom, Freiburg zieht bereits ins Achtelfinale ein<\/p>\n<p>                <\/a><\/p>\n<p class=\"paragraph article__item\">Den gr\u00f6\u00dften Anteil am Erfolg der Gastgeber hatten Gian Attenhofer (7 Tore), Vincent B\u00fcchner (6) und Felix Aellen (5\/1). F\u00fcr den Bergischen HC erzielten die Noah Beyer (7\/1) und Nico Sch\u00f6ttle (6) und Toams Babak (4) die meisten Treffer.\n<\/p>\n<p class=\"paragraph article__item\">Mit einer \u00fcberragenden ersten Halbzeit legten die Sch\u00fctzlinge von Trainer Sebastian Hinze den Grundstein zum Erfolg. Die Hausherren erwischten einen Start nach Ma\u00df und zogen nach dem 7:2 (12.) \u00fcber 14:7 (20.) auf 19:9 (26.) davon. Diesen Vorsprung verwalteten die Eisenacher problemlos. N\u00e4her als auf 32:20 (59.) konnte der Bergische HC den R\u00fcckstand nicht verk\u00fcrzen.\n<\/p>\n<p class=\"paragraph article__item\">\u00a9 dpa-infocom, dpa:260216-930-696116\/1<\/p>\n","protected":false},"excerpt":{"rendered":"16. Februar 2026, 21:56 Uhr Quelle: dpa Sachsen Hinweis DIE ZEIT hat diese Meldung redaktionell nicht bearbeitet. Sie&hellip;\n","protected":false},"author":2,"featured_media":803391,"comment_status":"","ping_status":"","sticky":false,"template":"","format":"standard","meta":{"footnotes":"","_share_on_mastodon":"0"},"categories":[1840],"tags":[300,3364,29,24490,7830,30,1391,15,1209,58998,34040,4418],"class_list":["post-803390","post","type-post","status-publish","format-standard","has-post-thumbnail","category-wuppertal","tag-abstiegskampf","tag-de","tag-deutschland","tag-eisenach","tag-erfolg","tag-germany","tag-handball","tag-news","tag-nordrhein-westfalen","tag-saisonsieg","tag-thsv-eisenach","tag-wuppertal"],"share_on_mastodon":{"url":"https:\/\/pubeurope.com\/@de\/116083454363798865","error":""},"_links":{"self":[{"href":"https:\/\/www.europesays.com\/de\/wp-json\/wp\/v2\/posts\/803390","targetHints":{"allow":["GET"]}}],"collection":[{"href":"https:\/\/www.europesays.com\/de\/wp-json\/wp\/v2\/posts"}],"about":[{"href":"https:\/\/www.europesays.com\/de\/wp-json\/wp\/v2\/types\/post"}],"author":[{"embeddable":true,"href":"https:\/\/www.europesays.com\/de\/wp-json\/wp\/v2\/users\/2"}],"replies":[{"embeddable":true,"href":"https:\/\/www.europesays.com\/de\/wp-json\/wp\/v2\/comments?post=803390"}],"version-history":[{"count":0,"href":"https:\/\/www.europesays.com\/de\/wp-json\/wp\/v2\/posts\/803390\/revisions"}],"wp:featuredmedia":[{"embeddable":true,"href":"https:\/\/www.europesays.com\/de\/wp-json\/wp\/v2\/media\/803391"}],"wp:attachment":[{"href":"https:\/\/www.europesays.com\/de\/wp-json\/wp\/v2\/media?parent=803390"}],"wp:term":[{"taxonomy":"category","embeddable":true,"href":"https:\/\/www.europesays.com\/de\/wp-json\/wp\/v2\/categories?post=803390"},{"taxonomy":"post_tag","embeddable":true,"href":"https:\/\/www.europesays.com\/de\/wp-json\/wp\/v2\/tags?post=803390"}],"curies":[{"name":"wp","href":"https:\/\/api.w.org\/{rel}","templated":true}]}}